{"id":95070,"date":"2020-07-16T13:00:39","date_gmt":"2020-07-16T16:00:39","guid":{"rendered":"http:\/\/curva1kart.com.ar\/noticias\/?p=95070"},"modified":"2020-07-16T13:00:39","modified_gmt":"2020-07-16T16:00:39","slug":"san-juan-se-habilita-un-nuevo-kartodromo-para-realizar-pruebas","status":"publish","type":"post","link":"https:\/\/curva1kart.com.ar\/noticias\/?p=95070","title":{"rendered":"SAN JUAN. Se habilit\u00e1 un nuevo kart\u00f3dromo para realizar pruebas"},"content":{"rendered":"<p><img loading=\"lazy\" decoding=\"async\" class=\"aligncenter size-full wp-image-95071\" src=\"http:\/\/curva1kart.com.ar\/noticias\/wp-content\/uploads\/2020\/07\/a16441aa-5c7b-4fc8-9f35-0b1f13c3c8cb1.jpg\" alt=\"\" width=\"960\" height=\"540\" srcset=\"http:\/\/curva1kart.com.ar\/noticias\/wp-content\/uploads\/2020\/07\/a16441aa-5c7b-4fc8-9f35-0b1f13c3c8cb1.jpg 960w, http:\/\/curva1kart.com.ar\/noticias\/wp-content\/uploads\/2020\/07\/a16441aa-5c7b-4fc8-9f35-0b1f13c3c8cb1-600x338.jpg 600w, http:\/\/curva1kart.com.ar\/noticias\/wp-content\/uploads\/2020\/07\/a16441aa-5c7b-4fc8-9f35-0b1f13c3c8cb1-300x169.jpg 300w, http:\/\/curva1kart.com.ar\/noticias\/wp-content\/uploads\/2020\/07\/a16441aa-5c7b-4fc8-9f35-0b1f13c3c8cb1-768x432.jpg 768w, http:\/\/curva1kart.com.ar\/noticias\/wp-content\/uploads\/2020\/07\/a16441aa-5c7b-4fc8-9f35-0b1f13c3c8cb1-620x349.jpg 620w\" sizes=\"auto, (max-width: 960px) 100vw, 960px\" \/><\/p>\n<p>Despu\u00e9s de finalizar trabajos de mejora del Complejo de Velocidad de Albard\u00f3n, se confirma la habilitaci\u00f3n para los entrenamientos de karting, para este s\u00e1bado 18 de 14 a 18 hs. De esta manera los dos kart\u00f3dromos de la provincia, est\u00e1n habilitados para entrenar, ya que desde hace un par de fines de semana se viene entrenando en La Pista Kart de 13 a 18 hs, incluyendo los viernes y s\u00e1bado de cada semana.<\/p>\n<p>Se trabaj\u00f3 en la construcci\u00f3n de sanitarios en el sector de boxes, y construcci\u00f3n de tribunas. Con respecto a la pposta se realizaron mejoras en las banquinas y se mejoraron los pianos, teniendo en cuenta que desde el 6 de febrero no se gira en Albard\u00f3n.<\/p>\n<p>Los pilotos podr\u00e1n optar por entrenar en uno o en otro kart\u00f3dromo, en las categor\u00edas Escuela, 110 cc, 150 cc, 125 cc y Rotax, indic\u00f3 el portal C\u00f3digo Tuerca.<\/p>\n<p><img loading=\"lazy\" decoding=\"async\" class=\"aligncenter size-full wp-image-95072\" src=\"http:\/\/curva1kart.com.ar\/noticias\/wp-content\/uploads\/2020\/07\/0892f502-acc2-421b-b2e7-d08a56bc7f19.jpg\" alt=\"\" width=\"1158\" height=\"651\" srcset=\"http:\/\/curva1kart.com.ar\/noticias\/wp-content\/uploads\/2020\/07\/0892f502-acc2-421b-b2e7-d08a56bc7f19.jpg 1158w, http:\/\/curva1kart.com.ar\/noticias\/wp-content\/uploads\/2020\/07\/0892f502-acc2-421b-b2e7-d08a56bc7f19-600x338.jpg 600w, http:\/\/curva1kart.com.ar\/noticias\/wp-content\/uploads\/2020\/07\/0892f502-acc2-421b-b2e7-d08a56bc7f19-1024x576.jpg 1024w, http:\/\/curva1kart.com.ar\/noticias\/wp-content\/uploads\/2020\/07\/0892f502-acc2-421b-b2e7-d08a56bc7f19-300x169.jpg 300w, http:\/\/curva1kart.com.ar\/noticias\/wp-content\/uploads\/2020\/07\/0892f502-acc2-421b-b2e7-d08a56bc7f19-768x432.jpg 768w, http:\/\/curva1kart.com.ar\/noticias\/wp-content\/uploads\/2020\/07\/0892f502-acc2-421b-b2e7-d08a56bc7f19-620x349.jpg 620w\" sizes=\"auto, (max-width: 1158px) 100vw, 1158px\" \/> <img loading=\"lazy\" decoding=\"async\" class=\"aligncenter size-full wp-image-95073\" src=\"http:\/\/curva1kart.com.ar\/noticias\/wp-content\/uploads\/2020\/07\/d5ead3b3-2fad-4615-ae69-53c25cd14349.jpg\" alt=\"\" width=\"1280\" height=\"960\" srcset=\"http:\/\/curva1kart.com.ar\/noticias\/wp-content\/uploads\/2020\/07\/d5ead3b3-2fad-4615-ae69-53c25cd14349.jpg 1280w, http:\/\/curva1kart.com.ar\/noticias\/wp-content\/uploads\/2020\/07\/d5ead3b3-2fad-4615-ae69-53c25cd14349-1024x768.jpg 1024w, http:\/\/curva1kart.com.ar\/noticias\/wp-content\/uploads\/2020\/07\/d5ead3b3-2fad-4615-ae69-53c25cd14349-768x576.jpg 768w\" sizes=\"auto, (max-width: 1280px) 100vw, 1280px\" \/><\/p>\n","protected":false},"excerpt":{"rendered":"<p>Despu\u00e9s de finalizar trabajos de mejora del Complejo de Velocidad de Albard\u00f3n, se confirma la habilitaci\u00f3n para los entrenamientos de karting, para este s\u00e1bado 18 de 14 a 18 hs. De esta manera los dos kart\u00f3dromos de la provincia, est\u00e1n habilitados para entrenar, ya que desde hace un par de fines de semana se viene&#46;&#46;&#46;<\/p>\n","protected":false},"author":1,"featured_media":95071,"comment_status":"closed","ping_status":"closed","sticky":false,"template":"","format":"standard","meta":{"footnotes":""},"categories":[9],"tags":[],"class_list":["post-95070","post","type-post","status-publish","format-standard","has-post-thumbnail","hentry","category-argentina"],"yoast_head":"<!-- This site is optimized with the Yoast SEO Premium plugin v14.7 - https:\/\/yoast.com\/wordpress\/plugins\/seo\/ -->\n<title>SAN JUAN. Se habilit\u00e1 un nuevo kart\u00f3dromo para realizar pruebas - Curva 1 KART<\/title>\n<meta name=\"robots\" content=\"index, follow\" \/>\n<meta name=\"googlebot\" content=\"index, follow, max-snippet:-1, max-image-preview:large, max-video-preview:-1\" \/>\n<meta name=\"bingbot\" content=\"index, follow, max-snippet:-1, max-image-preview:large, max-video-preview:-1\" \/>\n<link rel=\"canonical\" href=\"https:\/\/curva1kart.com.ar\/noticias\/?p=95070\" \/>\n<meta property=\"og:locale\" content=\"en_US\" \/>\n<meta property=\"og:type\" content=\"article\" \/>\n<meta property=\"og:title\" content=\"SAN JUAN. Se habilit\u00e1 un nuevo kart\u00f3dromo para realizar pruebas - Curva 1 KART\" \/>\n<meta property=\"og:description\" content=\"Despu\u00e9s de finalizar trabajos de mejora del Complejo de Velocidad de Albard\u00f3n, se confirma la habilitaci\u00f3n para los entrenamientos de karting, para este s\u00e1bado 18 de 14 a 18 hs. De esta manera los dos kart\u00f3dromos de la provincia, est\u00e1n habilitados para entrenar, ya que desde hace un par de fines de semana se viene&#046;&#046;&#046;\" \/>\n<meta property=\"og:url\" content=\"https:\/\/curva1kart.com.ar\/noticias\/?p=95070\" \/>\n<meta property=\"og:site_name\" content=\"Curva 1 KART\" \/>\n<meta property=\"article:publisher\" content=\"https:\/\/www.facebook.com\/curva1kart\/\" \/>\n<meta property=\"article:published_time\" content=\"2020-07-16T16:00:39+00:00\" \/>\n<meta property=\"og:image\" content=\"http:\/\/curva1kart.com.ar\/noticias\/wp-content\/uploads\/2020\/07\/a16441aa-5c7b-4fc8-9f35-0b1f13c3c8cb1.jpg\" \/>\n\t<meta property=\"og:image:width\" content=\"960\" \/>\n\t<meta property=\"og:image:height\" content=\"540\" \/>\n<meta property=\"fb:app_id\" content=\"104995992409\" \/>\n<meta name=\"twitter:card\" content=\"summary_large_image\" \/>\n<meta name=\"twitter:creator\" content=\"@Curva1KART\" \/>\n<meta name=\"twitter:site\" content=\"@Curva1KART\" \/>\n<script type=\"application\/ld+json\" class=\"yoast-schema-graph\">{\"@context\":\"https:\/\/schema.org\",\"@graph\":[{\"@type\":\"WebSite\",\"@id\":\"https:\/\/curva1kart.com.ar\/noticias\/#website\",\"url\":\"https:\/\/curva1kart.com.ar\/noticias\/\",\"name\":\"Curva 1 KART\",\"description\":\"Karting Argentino, Sudamericano e Internacional\",\"potentialAction\":[{\"@type\":\"SearchAction\",\"target\":\"https:\/\/curva1kart.com.ar\/noticias\/?s={search_term_string}\",\"query-input\":\"required name=search_term_string\"}],\"inLanguage\":\"en-US\"},{\"@type\":\"ImageObject\",\"@id\":\"https:\/\/curva1kart.com.ar\/noticias\/?p=95070#primaryimage\",\"inLanguage\":\"en-US\",\"url\":\"http:\/\/curva1kart.com.ar\/noticias\/wp-content\/uploads\/2020\/07\/a16441aa-5c7b-4fc8-9f35-0b1f13c3c8cb1.jpg\",\"width\":960,\"height\":540},{\"@type\":\"WebPage\",\"@id\":\"https:\/\/curva1kart.com.ar\/noticias\/?p=95070#webpage\",\"url\":\"https:\/\/curva1kart.com.ar\/noticias\/?p=95070\",\"name\":\"SAN JUAN. Se habilit\\u00e1 un nuevo kart\\u00f3dromo para realizar pruebas - Curva 1 KART\",\"isPartOf\":{\"@id\":\"https:\/\/curva1kart.com.ar\/noticias\/#website\"},\"primaryImageOfPage\":{\"@id\":\"https:\/\/curva1kart.com.ar\/noticias\/?p=95070#primaryimage\"},\"datePublished\":\"2020-07-16T16:00:39+00:00\",\"dateModified\":\"2020-07-16T16:00:39+00:00\",\"author\":{\"@id\":\"https:\/\/curva1kart.com.ar\/noticias\/#\/schema\/person\/710d14304c85d21660d185f262399043\"},\"inLanguage\":\"en-US\",\"potentialAction\":[{\"@type\":\"ReadAction\",\"target\":[\"https:\/\/curva1kart.com.ar\/noticias\/?p=95070\"]}]},{\"@type\":[\"Person\"],\"@id\":\"https:\/\/curva1kart.com.ar\/noticias\/#\/schema\/person\/710d14304c85d21660d185f262399043\",\"name\":\"Jos\\u00e9 Bravo\"}]}<\/script>\n<!-- \/ Yoast SEO Premium plugin. -->","_links":{"self":[{"href":"https:\/\/curva1kart.com.ar\/noticias\/index.php?rest_route=\/wp\/v2\/posts\/95070","targetHints":{"allow":["GET"]}}],"collection":[{"href":"https:\/\/curva1kart.com.ar\/noticias\/index.php?rest_route=\/wp\/v2\/posts"}],"about":[{"href":"https:\/\/curva1kart.com.ar\/noticias\/index.php?rest_route=\/wp\/v2\/types\/post"}],"author":[{"embeddable":true,"href":"https:\/\/curva1kart.com.ar\/noticias\/index.php?rest_route=\/wp\/v2\/users\/1"}],"replies":[{"embeddable":true,"href":"https:\/\/curva1kart.com.ar\/noticias\/index.php?rest_route=%2Fwp%2Fv2%2Fcomments&post=95070"}],"version-history":[{"count":1,"href":"https:\/\/curva1kart.com.ar\/noticias\/index.php?rest_route=\/wp\/v2\/posts\/95070\/revisions"}],"predecessor-version":[{"id":95074,"href":"https:\/\/curva1kart.com.ar\/noticias\/index.php?rest_route=\/wp\/v2\/posts\/95070\/revisions\/95074"}],"wp:featuredmedia":[{"embeddable":true,"href":"https:\/\/curva1kart.com.ar\/noticias\/index.php?rest_route=\/wp\/v2\/media\/95071"}],"wp:attachment":[{"href":"https:\/\/curva1kart.com.ar\/noticias\/index.php?rest_route=%2Fwp%2Fv2%2Fmedia&parent=95070"}],"wp:term":[{"taxonomy":"category","embeddable":true,"href":"https:\/\/curva1kart.com.ar\/noticias\/index.php?rest_route=%2Fwp%2Fv2%2Fcategories&post=95070"},{"taxonomy":"post_tag","embeddable":true,"href":"https:\/\/curva1kart.com.ar\/noticias\/index.php?rest_route=%2Fwp%2Fv2%2Ftags&post=95070"}],"curies":[{"name":"wp","href":"https:\/\/api.w.org\/{rel}","templated":true}]}}