{"id":95029,"date":"2020-07-14T21:46:28","date_gmt":"2020-07-15T00:46:28","guid":{"rendered":"http:\/\/curva1kart.com.ar\/noticias\/?p=95029"},"modified":"2020-07-14T22:06:20","modified_gmt":"2020-07-15T01:06:20","slug":"karting-noreste-santafecino-reactivo-su-actividad-en-avellaneda","status":"publish","type":"post","link":"https:\/\/curva1kart.com.ar\/noticias\/?p=95029","title":{"rendered":"SANTA FE. Se re reactiv\u00f3 la actividad en trazados de Avellaneda y Casilda"},"content":{"rendered":"<p><img loading=\"lazy\" decoding=\"async\" class=\"aligncenter size-full wp-image-95030\" src=\"http:\/\/curva1kart.com.ar\/noticias\/wp-content\/uploads\/2020\/07\/IMG_8645.jpg\" alt=\"\" width=\"960\" height=\"540\" srcset=\"http:\/\/curva1kart.com.ar\/noticias\/wp-content\/uploads\/2020\/07\/IMG_8645.jpg 960w, http:\/\/curva1kart.com.ar\/noticias\/wp-content\/uploads\/2020\/07\/IMG_8645-600x338.jpg 600w, http:\/\/curva1kart.com.ar\/noticias\/wp-content\/uploads\/2020\/07\/IMG_8645-300x169.jpg 300w, http:\/\/curva1kart.com.ar\/noticias\/wp-content\/uploads\/2020\/07\/IMG_8645-768x432.jpg 768w, http:\/\/curva1kart.com.ar\/noticias\/wp-content\/uploads\/2020\/07\/IMG_8645-620x349.jpg 620w\" sizes=\"auto, (max-width: 960px) 100vw, 960px\" \/><\/p>\n<p>Despu\u00e9s de cuatro meses sin actividad en pista, la <strong>Asociaci\u00f3n Karting Noreste Santafecino<\/strong> respetando el protocolo de sanidad, llev\u00f3 a cabo con \u00e9xito, las pruebas libres previstas para el pasado s\u00e1bado 11 de Julio en el <strong>Kart\u00f3dromo de<\/strong> <strong>Avellaneda<\/strong> (asfalto). Hubo 48 karts.<\/p>\n<p style=\"text-align: left;\">Tambi\u00e9n hubo actividad en el circuito de <strong>Casilda<\/strong> <strong>Motor Club<\/strong> (tierra) donde los karts volvieron a acelerar, seg\u00fan informaron desde la Federaci\u00f3n de Automovilismo de Santa Fe.<\/p>\n<p>Hace algunas semanas, &#8220;El Gigante&#8221; de Las Parejas hab\u00eda sido el primer trazado (tierra) en tener pruebas libres de karting.<\/p>\n<p style=\"text-align: center;\">\n<iframe loading=\"lazy\" style=\"border: none; overflow: hidden;\" src=\"https:\/\/www.facebook.com\/plugins\/video.php?href=https%3A%2F%2Fwww.facebook.com%2Fclaudiagiacconeok%2Fvideos%2F323589362361170%2F&amp;show_text=0&amp;width=476\" width=\"476\" height=\"476\" frameborder=\"0\" scrolling=\"no\" allowfullscreen=\"allowfullscreen\"><\/iframe><\/p>\n<p><img loading=\"lazy\" decoding=\"async\" class=\"aligncenter size-full wp-image-95031\" src=\"http:\/\/curva1kart.com.ar\/noticias\/wp-content\/uploads\/2020\/07\/adad.jpg\" alt=\"\" width=\"999\" height=\"999\" srcset=\"http:\/\/curva1kart.com.ar\/noticias\/wp-content\/uploads\/2020\/07\/adad.jpg 999w, http:\/\/curva1kart.com.ar\/noticias\/wp-content\/uploads\/2020\/07\/adad-768x768.jpg 768w, http:\/\/curva1kart.com.ar\/noticias\/wp-content\/uploads\/2020\/07\/adad-160x160.jpg 160w, http:\/\/curva1kart.com.ar\/noticias\/wp-content\/uploads\/2020\/07\/adad-320x320.jpg 320w\" sizes=\"auto, (max-width: 999px) 100vw, 999px\" \/> <img loading=\"lazy\" decoding=\"async\" class=\"aligncenter size-full wp-image-95032\" src=\"http:\/\/curva1kart.com.ar\/noticias\/wp-content\/uploads\/2020\/07\/107640424_2728117157436113_3947629192028981895_n.jpg\" alt=\"\" width=\"999\" height=\"665\" srcset=\"http:\/\/curva1kart.com.ar\/noticias\/wp-content\/uploads\/2020\/07\/107640424_2728117157436113_3947629192028981895_n.jpg 999w, http:\/\/curva1kart.com.ar\/noticias\/wp-content\/uploads\/2020\/07\/107640424_2728117157436113_3947629192028981895_n-768x511.jpg 768w\" sizes=\"auto, (max-width: 999px) 100vw, 999px\" \/> <img loading=\"lazy\" decoding=\"async\" class=\"aligncenter size-full wp-image-95033\" src=\"http:\/\/curva1kart.com.ar\/noticias\/wp-content\/uploads\/2020\/07\/107744327_2728117097436119_3922002116785090654_n.jpg\" alt=\"\" width=\"999\" height=\"665\" srcset=\"http:\/\/curva1kart.com.ar\/noticias\/wp-content\/uploads\/2020\/07\/107744327_2728117097436119_3922002116785090654_n.jpg 999w, http:\/\/curva1kart.com.ar\/noticias\/wp-content\/uploads\/2020\/07\/107744327_2728117097436119_3922002116785090654_n-768x511.jpg 768w\" sizes=\"auto, (max-width: 999px) 100vw, 999px\" \/> <img loading=\"lazy\" decoding=\"async\" class=\"aligncenter size-full wp-image-95034\" src=\"http:\/\/curva1kart.com.ar\/noticias\/wp-content\/uploads\/2020\/07\/107745747_2728117057436123_6548589805024826767_n.jpg\" alt=\"\" width=\"999\" height=\"667\" srcset=\"http:\/\/curva1kart.com.ar\/noticias\/wp-content\/uploads\/2020\/07\/107745747_2728117057436123_6548589805024826767_n.jpg 999w, http:\/\/curva1kart.com.ar\/noticias\/wp-content\/uploads\/2020\/07\/107745747_2728117057436123_6548589805024826767_n-768x513.jpg 768w\" sizes=\"auto, (max-width: 999px) 100vw, 999px\" \/><\/p>\n","protected":false},"excerpt":{"rendered":"<p>Despu\u00e9s de cuatro meses sin actividad en pista, la Asociaci\u00f3n Karting Noreste Santafecino respetando el protocolo de sanidad, llev\u00f3 a cabo con \u00e9xito, las pruebas libres previstas para el pasado s\u00e1bado 11 de Julio en el Kart\u00f3dromo de Avellaneda (asfalto). Hubo 48 karts. Tambi\u00e9n hubo actividad en el circuito de Casilda Motor Club (tierra) donde&#46;&#46;&#46;<\/p>\n","protected":false},"author":1,"featured_media":95030,"comment_status":"closed","ping_status":"closed","sticky":false,"template":"","format":"standard","meta":{"footnotes":""},"categories":[9],"tags":[],"class_list":["post-95029","post","type-post","status-publish","format-standard","has-post-thumbnail","hentry","category-argentina"],"yoast_head":"<!-- This site is optimized with the Yoast SEO Premium plugin v14.7 - https:\/\/yoast.com\/wordpress\/plugins\/seo\/ -->\n<title>SANTA FE. Se re reactiv\u00f3 la actividad en trazados de Avellaneda y Casilda - Curva 1 KART<\/title>\n<meta name=\"robots\" content=\"index, follow\" \/>\n<meta name=\"googlebot\" content=\"index, follow, max-snippet:-1, max-image-preview:large, max-video-preview:-1\" \/>\n<meta name=\"bingbot\" content=\"index, follow, max-snippet:-1, max-image-preview:large, max-video-preview:-1\" \/>\n<link rel=\"canonical\" href=\"https:\/\/curva1kart.com.ar\/noticias\/?p=95029\" \/>\n<meta property=\"og:locale\" content=\"en_US\" \/>\n<meta property=\"og:type\" content=\"article\" \/>\n<meta property=\"og:title\" content=\"SANTA FE. Se re reactiv\u00f3 la actividad en trazados de Avellaneda y Casilda - Curva 1 KART\" \/>\n<meta property=\"og:description\" content=\"Despu\u00e9s de cuatro meses sin actividad en pista, la Asociaci\u00f3n Karting Noreste Santafecino respetando el protocolo de sanidad, llev\u00f3 a cabo con \u00e9xito, las pruebas libres previstas para el pasado s\u00e1bado 11 de Julio en el Kart\u00f3dromo de Avellaneda (asfalto). Hubo 48 karts. Tambi\u00e9n hubo actividad en el circuito de Casilda Motor Club (tierra) donde&#046;&#046;&#046;\" \/>\n<meta property=\"og:url\" content=\"https:\/\/curva1kart.com.ar\/noticias\/?p=95029\" \/>\n<meta property=\"og:site_name\" content=\"Curva 1 KART\" \/>\n<meta property=\"article:publisher\" content=\"https:\/\/www.facebook.com\/curva1kart\/\" \/>\n<meta property=\"article:published_time\" content=\"2020-07-15T00:46:28+00:00\" \/>\n<meta property=\"article:modified_time\" content=\"2020-07-15T01:06:20+00:00\" \/>\n<meta property=\"og:image\" content=\"http:\/\/curva1kart.com.ar\/noticias\/wp-content\/uploads\/2020\/07\/IMG_8645.jpg\" \/>\n\t<meta property=\"og:image:width\" content=\"960\" \/>\n\t<meta property=\"og:image:height\" content=\"540\" \/>\n<meta property=\"fb:app_id\" content=\"104995992409\" \/>\n<meta name=\"twitter:card\" content=\"summary_large_image\" \/>\n<meta name=\"twitter:creator\" content=\"@Curva1KART\" \/>\n<meta name=\"twitter:site\" content=\"@Curva1KART\" \/>\n<script type=\"application\/ld+json\" class=\"yoast-schema-graph\">{\"@context\":\"https:\/\/schema.org\",\"@graph\":[{\"@type\":\"WebSite\",\"@id\":\"https:\/\/curva1kart.com.ar\/noticias\/#website\",\"url\":\"https:\/\/curva1kart.com.ar\/noticias\/\",\"name\":\"Curva 1 KART\",\"description\":\"Karting Argentino, Sudamericano e Internacional\",\"potentialAction\":[{\"@type\":\"SearchAction\",\"target\":\"https:\/\/curva1kart.com.ar\/noticias\/?s={search_term_string}\",\"query-input\":\"required name=search_term_string\"}],\"inLanguage\":\"en-US\"},{\"@type\":\"ImageObject\",\"@id\":\"https:\/\/curva1kart.com.ar\/noticias\/?p=95029#primaryimage\",\"inLanguage\":\"en-US\",\"url\":\"http:\/\/curva1kart.com.ar\/noticias\/wp-content\/uploads\/2020\/07\/IMG_8645.jpg\",\"width\":960,\"height\":540},{\"@type\":\"WebPage\",\"@id\":\"https:\/\/curva1kart.com.ar\/noticias\/?p=95029#webpage\",\"url\":\"https:\/\/curva1kart.com.ar\/noticias\/?p=95029\",\"name\":\"SANTA FE. Se re reactiv\\u00f3 la actividad en trazados de Avellaneda y Casilda - Curva 1 KART\",\"isPartOf\":{\"@id\":\"https:\/\/curva1kart.com.ar\/noticias\/#website\"},\"primaryImageOfPage\":{\"@id\":\"https:\/\/curva1kart.com.ar\/noticias\/?p=95029#primaryimage\"},\"datePublished\":\"2020-07-15T00:46:28+00:00\",\"dateModified\":\"2020-07-15T01:06:20+00:00\",\"author\":{\"@id\":\"https:\/\/curva1kart.com.ar\/noticias\/#\/schema\/person\/710d14304c85d21660d185f262399043\"},\"inLanguage\":\"en-US\",\"potentialAction\":[{\"@type\":\"ReadAction\",\"target\":[\"https:\/\/curva1kart.com.ar\/noticias\/?p=95029\"]}]},{\"@type\":[\"Person\"],\"@id\":\"https:\/\/curva1kart.com.ar\/noticias\/#\/schema\/person\/710d14304c85d21660d185f262399043\",\"name\":\"Jos\\u00e9 Bravo\"}]}<\/script>\n<!-- \/ Yoast SEO Premium plugin. -->","_links":{"self":[{"href":"https:\/\/curva1kart.com.ar\/noticias\/index.php?rest_route=\/wp\/v2\/posts\/95029","targetHints":{"allow":["GET"]}}],"collection":[{"href":"https:\/\/curva1kart.com.ar\/noticias\/index.php?rest_route=\/wp\/v2\/posts"}],"about":[{"href":"https:\/\/curva1kart.com.ar\/noticias\/index.php?rest_route=\/wp\/v2\/types\/post"}],"author":[{"embeddable":true,"href":"https:\/\/curva1kart.com.ar\/noticias\/index.php?rest_route=\/wp\/v2\/users\/1"}],"replies":[{"embeddable":true,"href":"https:\/\/curva1kart.com.ar\/noticias\/index.php?rest_route=%2Fwp%2Fv2%2Fcomments&post=95029"}],"version-history":[{"count":4,"href":"https:\/\/curva1kart.com.ar\/noticias\/index.php?rest_route=\/wp\/v2\/posts\/95029\/revisions"}],"predecessor-version":[{"id":95046,"href":"https:\/\/curva1kart.com.ar\/noticias\/index.php?rest_route=\/wp\/v2\/posts\/95029\/revisions\/95046"}],"wp:featuredmedia":[{"embeddable":true,"href":"https:\/\/curva1kart.com.ar\/noticias\/index.php?rest_route=\/wp\/v2\/media\/95030"}],"wp:attachment":[{"href":"https:\/\/curva1kart.com.ar\/noticias\/index.php?rest_route=%2Fwp%2Fv2%2Fmedia&parent=95029"}],"wp:term":[{"taxonomy":"category","embeddable":true,"href":"https:\/\/curva1kart.com.ar\/noticias\/index.php?rest_route=%2Fwp%2Fv2%2Fcategories&post=95029"},{"taxonomy":"post_tag","embeddable":true,"href":"https:\/\/curva1kart.com.ar\/noticias\/index.php?rest_route=%2Fwp%2Fv2%2Ftags&post=95029"}],"curies":[{"name":"wp","href":"https:\/\/api.w.org\/{rel}","templated":true}]}}