{"id":95019,"date":"2020-07-14T17:47:53","date_gmt":"2020-07-14T20:47:53","guid":{"rendered":"http:\/\/curva1kart.com.ar\/noticias\/?p=95019"},"modified":"2024-03-01T02:13:01","modified_gmt":"2024-03-01T05:13:01","slug":"rotax-chile-anuncio-su-reprogramacion-del-calendario-anual","status":"publish","type":"post","link":"https:\/\/curva1kart.com.ar\/noticias\/?p=95019","title":{"rendered":"Rotax Chile anunci\u00f3 su reprogramaci\u00f3n del calendario anual"},"content":{"rendered":"<p><img loading=\"lazy\" decoding=\"async\" class=\"aligncenter size-full wp-image-95020\" src=\"http:\/\/curva1kart.com.ar\/noticias\/wp-content\/uploads\/2020\/07\/IMG_5244.jpg\" alt=\"\" width=\"1000\" height=\"563\" srcset=\"http:\/\/curva1kart.com.ar\/noticias\/wp-content\/uploads\/2020\/07\/IMG_5244.jpg 1000w, http:\/\/curva1kart.com.ar\/noticias\/wp-content\/uploads\/2020\/07\/IMG_5244-600x338.jpg 600w, http:\/\/curva1kart.com.ar\/noticias\/wp-content\/uploads\/2020\/07\/IMG_5244-300x169.jpg 300w, http:\/\/curva1kart.com.ar\/noticias\/wp-content\/uploads\/2020\/07\/IMG_5244-768x432.jpg 768w, http:\/\/curva1kart.com.ar\/noticias\/wp-content\/uploads\/2020\/07\/IMG_5244-620x349.jpg 620w\" sizes=\"auto, (max-width: 1000px) 100vw, 1000px\" \/><\/p>\n<p>El campeonato Rotax Chile es otro de las afectados por la pandemia del coronavirus, donde solo ha realizado 2 fechas de su calendario, que ahora tiene nueva estructura.<\/p>\n<p>La primera carrera de la temporada fue el 7 de diciembre y luego se reanud\u00f3 la actividad el 14 de marzo en el Kart\u00f3dromo Las Perdices de la localidad de Melipilla. Junto a esta fecha se inici\u00f3 la &#8220;Copa DD2 S\u00faper Master Internacional, que entrega cupo al mundial y tuvo pilotos locales, de Per\u00fa y Argentina. Gan\u00f3 el argentino Alejandro Parodi.\u00a0Hasta ah\u00ed lleg\u00f3 todo y se detuvieron las actividades por la pandemia.<\/p>\n<p>La organizaci\u00f3n inform\u00f3 hace algunos d\u00edas la reprogramaci\u00f3n del certamen que ser\u00e1 en setiembre y con 4 fechas dobles que se realizar\u00e1n todas en Las Perdices:<\/p>\n<ul>\n<li>-Fecha #1 y #4 \u2013 26 septiembre 2020 (<em>Fecha #4 valida por Copa DD2 Super M\u00e1ster Internacional<\/em>)<\/li>\n<li>-Fecha #5 y #6 \u2013 10 octubre 2020 (<em>Fecha #6 valida por Copa DD2 Super M\u00e1ster Internacional<\/em>)\u2800<\/li>\n<li>-Fecha #7 y #8 &#8211; 14 noviembre 2020 (<em>Fecha #8 valida por Copa DD2 Super M\u00e1ster Internacional)<\/em><\/li>\n<li>-Fecha #9 y #10 &#8211; 05 diciembre 2020 (<em>Fecha #10 valida por Copa DD2 Super M\u00e1ster Internacional)<\/em><\/li>\n<\/ul>\n<p><strong>COPA DD2 SUPER MASTER INTERNACIONAL<\/strong><\/p>\n<p>Otorga al ganador un cupo a la Grand Finals. Son 5 fechas y se puede eliminar una de ellas. \u2800 Esta se rige por el reglamento t\u00e9cnico, deportivo, reglamento copa SM y particular del campeonato RMC Chile 2019 &#8211; 2020 \u2800<\/p>\n<p><strong>SUDAMERICANO ROTAX<\/strong><\/p>\n<p>Sigue firme en Colombia, pero con fecha a confirmar.<br \/>\n\u2800<br \/>\n<strong>GRAND FINALS ROTAX<\/strong><\/p>\n<p>Se anunci\u00f3 que la edici\u00f3n 2020 se realizar\u00e1 del 23 al 30 de enero de 2021 en Portimao, Portugal.<\/p>\n<p><img loading=\"lazy\" decoding=\"async\" class=\"aligncenter size-full wp-image-95021\" src=\"http:\/\/curva1kart.com.ar\/noticias\/wp-content\/uploads\/2020\/07\/IMG_5168.jpg\" alt=\"\" width=\"1000\" height=\"563\" srcset=\"http:\/\/curva1kart.com.ar\/noticias\/wp-content\/uploads\/2020\/07\/IMG_5168.jpg 1000w, http:\/\/curva1kart.com.ar\/noticias\/wp-content\/uploads\/2020\/07\/IMG_5168-600x338.jpg 600w, http:\/\/curva1kart.com.ar\/noticias\/wp-content\/uploads\/2020\/07\/IMG_5168-300x169.jpg 300w, http:\/\/curva1kart.com.ar\/noticias\/wp-content\/uploads\/2020\/07\/IMG_5168-768x432.jpg 768w, http:\/\/curva1kart.com.ar\/noticias\/wp-content\/uploads\/2020\/07\/IMG_5168-620x349.jpg 620w\" sizes=\"auto, (max-width: 1000px) 100vw, 1000px\" \/> <img loading=\"lazy\" decoding=\"async\" class=\"aligncenter size-full wp-image-95022\" src=\"http:\/\/curva1kart.com.ar\/noticias\/wp-content\/uploads\/2020\/07\/IMG_5185.jpg\" alt=\"\" width=\"1000\" height=\"563\" srcset=\"http:\/\/curva1kart.com.ar\/noticias\/wp-content\/uploads\/2020\/07\/IMG_5185.jpg 1000w, http:\/\/curva1kart.com.ar\/noticias\/wp-content\/uploads\/2020\/07\/IMG_5185-600x338.jpg 600w, http:\/\/curva1kart.com.ar\/noticias\/wp-content\/uploads\/2020\/07\/IMG_5185-300x169.jpg 300w, http:\/\/curva1kart.com.ar\/noticias\/wp-content\/uploads\/2020\/07\/IMG_5185-768x432.jpg 768w, http:\/\/curva1kart.com.ar\/noticias\/wp-content\/uploads\/2020\/07\/IMG_5185-620x349.jpg 620w\" sizes=\"auto, (max-width: 1000px) 100vw, 1000px\" \/> <img loading=\"lazy\" decoding=\"async\" class=\"aligncenter size-full wp-image-95023\" src=\"http:\/\/curva1kart.com.ar\/noticias\/wp-content\/uploads\/2020\/07\/IMG_5192.jpg\" alt=\"\" width=\"1000\" height=\"563\" srcset=\"http:\/\/curva1kart.com.ar\/noticias\/wp-content\/uploads\/2020\/07\/IMG_5192.jpg 1000w, http:\/\/curva1kart.com.ar\/noticias\/wp-content\/uploads\/2020\/07\/IMG_5192-600x338.jpg 600w, http:\/\/curva1kart.com.ar\/noticias\/wp-content\/uploads\/2020\/07\/IMG_5192-300x169.jpg 300w, http:\/\/curva1kart.com.ar\/noticias\/wp-content\/uploads\/2020\/07\/IMG_5192-768x432.jpg 768w, http:\/\/curva1kart.com.ar\/noticias\/wp-content\/uploads\/2020\/07\/IMG_5192-620x349.jpg 620w\" sizes=\"auto, (max-width: 1000px) 100vw, 1000px\" \/> <img loading=\"lazy\" decoding=\"async\" class=\"aligncenter size-full wp-image-95024\" src=\"http:\/\/curva1kart.com.ar\/noticias\/wp-content\/uploads\/2020\/07\/IMG_5286.jpg\" alt=\"\" width=\"1000\" height=\"563\" srcset=\"http:\/\/curva1kart.com.ar\/noticias\/wp-content\/uploads\/2020\/07\/IMG_5286.jpg 1000w, http:\/\/curva1kart.com.ar\/noticias\/wp-content\/uploads\/2020\/07\/IMG_5286-600x338.jpg 600w, http:\/\/curva1kart.com.ar\/noticias\/wp-content\/uploads\/2020\/07\/IMG_5286-300x169.jpg 300w, http:\/\/curva1kart.com.ar\/noticias\/wp-content\/uploads\/2020\/07\/IMG_5286-768x432.jpg 768w, http:\/\/curva1kart.com.ar\/noticias\/wp-content\/uploads\/2020\/07\/IMG_5286-620x349.jpg 620w\" sizes=\"auto, (max-width: 1000px) 100vw, 1000px\" \/> <img loading=\"lazy\" decoding=\"async\" class=\"aligncenter size-full wp-image-95025\" src=\"http:\/\/curva1kart.com.ar\/noticias\/wp-content\/uploads\/2020\/07\/IMG_5359.jpg\" alt=\"\" width=\"1000\" height=\"563\" srcset=\"http:\/\/curva1kart.com.ar\/noticias\/wp-content\/uploads\/2020\/07\/IMG_5359.jpg 1000w, http:\/\/curva1kart.com.ar\/noticias\/wp-content\/uploads\/2020\/07\/IMG_5359-600x338.jpg 600w, http:\/\/curva1kart.com.ar\/noticias\/wp-content\/uploads\/2020\/07\/IMG_5359-300x169.jpg 300w, http:\/\/curva1kart.com.ar\/noticias\/wp-content\/uploads\/2020\/07\/IMG_5359-768x432.jpg 768w, http:\/\/curva1kart.com.ar\/noticias\/wp-content\/uploads\/2020\/07\/IMG_5359-620x349.jpg 620w\" sizes=\"auto, (max-width: 1000px) 100vw, 1000px\" \/> <img loading=\"lazy\" decoding=\"async\" class=\"aligncenter size-full wp-image-95026\" src=\"http:\/\/curva1kart.com.ar\/noticias\/wp-content\/uploads\/2020\/07\/IMG_5447.jpg\" alt=\"\" width=\"1000\" height=\"563\" srcset=\"http:\/\/curva1kart.com.ar\/noticias\/wp-content\/uploads\/2020\/07\/IMG_5447.jpg 1000w, http:\/\/curva1kart.com.ar\/noticias\/wp-content\/uploads\/2020\/07\/IMG_5447-600x338.jpg 600w, http:\/\/curva1kart.com.ar\/noticias\/wp-content\/uploads\/2020\/07\/IMG_5447-300x169.jpg 300w, http:\/\/curva1kart.com.ar\/noticias\/wp-content\/uploads\/2020\/07\/IMG_5447-768x432.jpg 768w, http:\/\/curva1kart.com.ar\/noticias\/wp-content\/uploads\/2020\/07\/IMG_5447-620x349.jpg 620w\" sizes=\"auto, (max-width: 1000px) 100vw, 1000px\" \/> <img loading=\"lazy\" decoding=\"async\" class=\"aligncenter size-full wp-image-95027\" src=\"http:\/\/curva1kart.com.ar\/noticias\/wp-content\/uploads\/2020\/07\/IMG_5481.jpg\" alt=\"\" width=\"1000\" height=\"563\" srcset=\"http:\/\/curva1kart.com.ar\/noticias\/wp-content\/uploads\/2020\/07\/IMG_5481.jpg 1000w, http:\/\/curva1kart.com.ar\/noticias\/wp-content\/uploads\/2020\/07\/IMG_5481-600x338.jpg 600w, http:\/\/curva1kart.com.ar\/noticias\/wp-content\/uploads\/2020\/07\/IMG_5481-300x169.jpg 300w, http:\/\/curva1kart.com.ar\/noticias\/wp-content\/uploads\/2020\/07\/IMG_5481-768x432.jpg 768w, http:\/\/curva1kart.com.ar\/noticias\/wp-content\/uploads\/2020\/07\/IMG_5481-620x349.jpg 620w\" sizes=\"auto, (max-width: 1000px) 100vw, 1000px\" \/><\/p>\n","protected":false},"excerpt":{"rendered":"<p>El campeonato Rotax Chile es otro de las afectados por la pandemia del coronavirus, donde solo ha realizado 2 fechas de su calendario, que ahora tiene nueva estructura. La primera carrera de la temporada fue el 7 de diciembre y luego se reanud\u00f3 la actividad el 14 de marzo en el Kart\u00f3dromo Las Perdices de&#46;&#46;&#46;<\/p>\n","protected":false},"author":1,"featured_media":95020,"comment_status":"closed","ping_status":"closed","sticky":false,"template":"","format":"standard","meta":{"footnotes":""},"categories":[9],"tags":[],"class_list":["post-95019","post","type-post","status-publish","format-standard","has-post-thumbnail","hentry","category-argentina"],"yoast_head":"<!-- This site is optimized with the Yoast SEO Premium plugin v14.7 - https:\/\/yoast.com\/wordpress\/plugins\/seo\/ -->\n<title>Rotax Chile anunci\u00f3 su reprogramaci\u00f3n del calendario anual - Curva 1 KART<\/title>\n<meta name=\"robots\" content=\"index, follow\" \/>\n<meta name=\"googlebot\" content=\"index, follow, max-snippet:-1, max-image-preview:large, max-video-preview:-1\" \/>\n<meta name=\"bingbot\" content=\"index, follow, max-snippet:-1, max-image-preview:large, max-video-preview:-1\" \/>\n<link rel=\"canonical\" href=\"https:\/\/curva1kart.com.ar\/noticias\/?p=95019\" \/>\n<meta property=\"og:locale\" content=\"en_US\" \/>\n<meta property=\"og:type\" content=\"article\" \/>\n<meta property=\"og:title\" content=\"Rotax Chile anunci\u00f3 su reprogramaci\u00f3n del calendario anual - Curva 1 KART\" \/>\n<meta property=\"og:description\" content=\"El campeonato Rotax Chile es otro de las afectados por la pandemia del coronavirus, donde solo ha realizado 2 fechas de su calendario, que ahora tiene nueva estructura. La primera carrera de la temporada fue el 7 de diciembre y luego se reanud\u00f3 la actividad el 14 de marzo en el Kart\u00f3dromo Las Perdices de&#046;&#046;&#046;\" \/>\n<meta property=\"og:url\" content=\"https:\/\/curva1kart.com.ar\/noticias\/?p=95019\" \/>\n<meta property=\"og:site_name\" content=\"Curva 1 KART\" \/>\n<meta property=\"article:publisher\" content=\"https:\/\/www.facebook.com\/curva1kart\/\" \/>\n<meta property=\"article:published_time\" content=\"2020-07-14T20:47:53+00:00\" \/>\n<meta property=\"article:modified_time\" content=\"2024-03-01T05:13:01+00:00\" \/>\n<meta property=\"og:image\" content=\"http:\/\/curva1kart.com.ar\/noticias\/wp-content\/uploads\/2020\/07\/IMG_5244.jpg\" \/>\n\t<meta property=\"og:image:width\" content=\"1000\" \/>\n\t<meta property=\"og:image:height\" content=\"563\" \/>\n<meta property=\"fb:app_id\" content=\"104995992409\" \/>\n<meta name=\"twitter:card\" content=\"summary_large_image\" \/>\n<meta name=\"twitter:creator\" content=\"@Curva1KART\" \/>\n<meta name=\"twitter:site\" content=\"@Curva1KART\" \/>\n<script type=\"application\/ld+json\" class=\"yoast-schema-graph\">{\"@context\":\"https:\/\/schema.org\",\"@graph\":[{\"@type\":\"WebSite\",\"@id\":\"https:\/\/curva1kart.com.ar\/noticias\/#website\",\"url\":\"https:\/\/curva1kart.com.ar\/noticias\/\",\"name\":\"Curva 1 KART\",\"description\":\"Karting Argentino, Sudamericano e Internacional\",\"potentialAction\":[{\"@type\":\"SearchAction\",\"target\":\"https:\/\/curva1kart.com.ar\/noticias\/?s={search_term_string}\",\"query-input\":\"required name=search_term_string\"}],\"inLanguage\":\"en-US\"},{\"@type\":\"ImageObject\",\"@id\":\"https:\/\/curva1kart.com.ar\/noticias\/?p=95019#primaryimage\",\"inLanguage\":\"en-US\",\"url\":\"http:\/\/curva1kart.com.ar\/noticias\/wp-content\/uploads\/2020\/07\/IMG_5244.jpg\",\"width\":1000,\"height\":563},{\"@type\":\"WebPage\",\"@id\":\"https:\/\/curva1kart.com.ar\/noticias\/?p=95019#webpage\",\"url\":\"https:\/\/curva1kart.com.ar\/noticias\/?p=95019\",\"name\":\"Rotax Chile anunci\\u00f3 su reprogramaci\\u00f3n del calendario anual - Curva 1 KART\",\"isPartOf\":{\"@id\":\"https:\/\/curva1kart.com.ar\/noticias\/#website\"},\"primaryImageOfPage\":{\"@id\":\"https:\/\/curva1kart.com.ar\/noticias\/?p=95019#primaryimage\"},\"datePublished\":\"2020-07-14T20:47:53+00:00\",\"dateModified\":\"2024-03-01T05:13:01+00:00\",\"author\":{\"@id\":\"https:\/\/curva1kart.com.ar\/noticias\/#\/schema\/person\/710d14304c85d21660d185f262399043\"},\"inLanguage\":\"en-US\",\"potentialAction\":[{\"@type\":\"ReadAction\",\"target\":[\"https:\/\/curva1kart.com.ar\/noticias\/?p=95019\"]}]},{\"@type\":[\"Person\"],\"@id\":\"https:\/\/curva1kart.com.ar\/noticias\/#\/schema\/person\/710d14304c85d21660d185f262399043\",\"name\":\"Jos\\u00e9 Bravo\"}]}<\/script>\n<!-- \/ Yoast SEO Premium plugin. -->","_links":{"self":[{"href":"https:\/\/curva1kart.com.ar\/noticias\/index.php?rest_route=\/wp\/v2\/posts\/95019","targetHints":{"allow":["GET"]}}],"collection":[{"href":"https:\/\/curva1kart.com.ar\/noticias\/index.php?rest_route=\/wp\/v2\/posts"}],"about":[{"href":"https:\/\/curva1kart.com.ar\/noticias\/index.php?rest_route=\/wp\/v2\/types\/post"}],"author":[{"embeddable":true,"href":"https:\/\/curva1kart.com.ar\/noticias\/index.php?rest_route=\/wp\/v2\/users\/1"}],"replies":[{"embeddable":true,"href":"https:\/\/curva1kart.com.ar\/noticias\/index.php?rest_route=%2Fwp%2Fv2%2Fcomments&post=95019"}],"version-history":[{"count":1,"href":"https:\/\/curva1kart.com.ar\/noticias\/index.php?rest_route=\/wp\/v2\/posts\/95019\/revisions"}],"predecessor-version":[{"id":95028,"href":"https:\/\/curva1kart.com.ar\/noticias\/index.php?rest_route=\/wp\/v2\/posts\/95019\/revisions\/95028"}],"wp:featuredmedia":[{"embeddable":true,"href":"https:\/\/curva1kart.com.ar\/noticias\/index.php?rest_route=\/wp\/v2\/media\/95020"}],"wp:attachment":[{"href":"https:\/\/curva1kart.com.ar\/noticias\/index.php?rest_route=%2Fwp%2Fv2%2Fmedia&parent=95019"}],"wp:term":[{"taxonomy":"category","embeddable":true,"href":"https:\/\/curva1kart.com.ar\/noticias\/index.php?rest_route=%2Fwp%2Fv2%2Fcategories&post=95019"},{"taxonomy":"post_tag","embeddable":true,"href":"https:\/\/curva1kart.com.ar\/noticias\/index.php?rest_route=%2Fwp%2Fv2%2Ftags&post=95019"}],"curies":[{"name":"wp","href":"https:\/\/api.w.org\/{rel}","templated":true}]}}