{"id":92653,"date":"2019-12-02T18:18:25","date_gmt":"2019-12-02T21:18:25","guid":{"rendered":"http:\/\/curva1kart.com.ar\/noticias\/?p=92653"},"modified":"2019-12-04T18:28:24","modified_gmt":"2019-12-04T21:28:24","slug":"la-palabra-de-los-nuevos-campeones-nacionales-tras-su-consagracion","status":"publish","type":"post","link":"https:\/\/curva1kart.com.ar\/noticias\/?p=92653","title":{"rendered":"La palabra de los nuevos campeones nacionales, tras su consagraci\u00f3n"},"content":{"rendered":"<p><img loading=\"lazy\" decoding=\"async\" class=\"aligncenter size-full wp-image-92699\" src=\"http:\/\/curva1kart.com.ar\/noticias\/wp-content\/uploads\/2019\/12\/IMG_1903.jpg\" alt=\"\" width=\"1000\" height=\"563\" srcset=\"http:\/\/curva1kart.com.ar\/noticias\/wp-content\/uploads\/2019\/12\/IMG_1903.jpg 1000w, http:\/\/curva1kart.com.ar\/noticias\/wp-content\/uploads\/2019\/12\/IMG_1903-600x338.jpg 600w, http:\/\/curva1kart.com.ar\/noticias\/wp-content\/uploads\/2019\/12\/IMG_1903-200x113.jpg 200w, http:\/\/curva1kart.com.ar\/noticias\/wp-content\/uploads\/2019\/12\/IMG_1903-768x432.jpg 768w, http:\/\/curva1kart.com.ar\/noticias\/wp-content\/uploads\/2019\/12\/IMG_1903-620x349.jpg 620w\" sizes=\"auto, (max-width: 1000px) 100vw, 1000px\" \/><\/p>\n<p>Argentino de Kart cerr\u00f3 la temporada 2019 con la coronaci\u00f3n de campeones y nosotros los entrevistamos. Esto dijeron los nuevos reyes nacionales minutos despu\u00e9s de festejar sus t\u00edtulos.<\/p>\n<h3>MINI<\/h3>\n<p>El piloto de Buenos Aires <strong>Romeo &#8220;Roro&#8221; L\u00f3pez<\/strong> se qued\u00f3 con el t\u00edtulo nacional de la categor\u00eda Mini, luego de tener un desempe\u00f1o muy bueno en los tres eventos de la temporada.<\/p>\n<p style=\"text-align: center;\"><iframe loading=\"lazy\" style=\"border: none; overflow: hidden;\" src=\"https:\/\/www.facebook.com\/plugins\/video.php?href=https%3A%2F%2Fwww.facebook.com%2Fcurva1kart%2Fvideos%2F736878640126910%2F&amp;show_text=0&amp;width=476\" width=\"476\" height=\"476\" frameborder=\"0\" scrolling=\"no\" allowfullscreen=\"allowfullscreen\"><\/iframe><\/p>\n<h3>CADETE<\/h3>\n<p>El joven piloto de Catamarca <strong>Lisandro Moreyra<\/strong> ser consagr\u00f3 campe\u00f3n argentino en la clase Cadete, luego de llegar como l\u00edder a raya \u00faltimas fechas doble y sumar los puntos necesarios para festejar. Primer t\u00edtulo nacional para &#8220;Licho&#8221; y un argentino m\u00e1s para el equipo cordob\u00e9s SMS Racing Kart que a\u00f1os atr\u00e1s fue bicampeon de la categor\u00eda.<\/p>\n<p style=\"text-align: center;\"><iframe loading=\"lazy\" style=\"border: none; overflow: hidden;\" src=\"https:\/\/www.facebook.com\/plugins\/video.php?href=https%3A%2F%2Fwww.facebook.com%2Fcurva1kart%2Fvideos%2F585905855551910%2F&amp;show_text=0&amp;width=476\" width=\"476\" height=\"476\" frameborder=\"0\" scrolling=\"no\" allowfullscreen=\"allowfullscreen\"><\/iframe><\/p>\n<h3>PRE JUNIOR<\/h3>\n<p>El titulo 125cc Pre Junior se fue para R\u00edo Gallegos (Santa Cruz) de la mano de <strong>Thiago D\u00edaz<\/strong> quite junto cup\u00f3n el equipo JMF se consagraron campeones argentinos!\u00a0Es el primer t\u00edtulo nacional para D\u00edaz.<\/p>\n<p style=\"text-align: center;\"><iframe loading=\"lazy\" style=\"border: none; overflow: hidden;\" src=\"https:\/\/www.facebook.com\/plugins\/video.php?href=https%3A%2F%2Fwww.facebook.com%2Fcurva1kart%2Fvideos%2F578003082988838%2F&amp;show_text=0&amp;width=476\" width=\"476\" height=\"476\" frameborder=\"0\" scrolling=\"no\" allowfullscreen=\"allowfullscreen\"><\/iframe><\/p>\n<h3>CODASUR JUNIOR<\/h3>\n<p>El chaque\u00f1o <strong>Lucas Bohdanowicz<\/strong> logr\u00f3 su segundo t\u00edtulo nacional al consagrarse en la clase Codasur Junior luego de un a\u00f1o muy productivo, donde subi\u00f3 al podio en todas las competencias que disput\u00f3. Es el t\u00edtulo n\u00famero 29 de su palmar\u00e9s, con tan s\u00f3lo 13 a\u00f1os!<\/p>\n<p style=\"text-align: center;\"><iframe loading=\"lazy\" style=\"border: none; overflow: hidden;\" src=\"https:\/\/www.facebook.com\/plugins\/video.php?href=https%3A%2F%2Fwww.facebook.com%2Fcurva1kart%2Fvideos%2F428543471428716%2F&amp;show_text=0&amp;width=476\" width=\"476\" height=\"476\" frameborder=\"0\" scrolling=\"no\" allowfullscreen=\"allowfullscreen\"><\/iframe><\/p>\n<h3>CODASUR<\/h3>\n<p>El cordob\u00e9s <strong>Isidoro Vezzaro<\/strong> logr\u00f3 su primer t\u00edtulo nacional y lo hizo en la clase m\u00e1s importante del certamen: Codasur, que usa motores IAME X30 de 175cc. Vezzaro cierra un a\u00f1o fant\u00e1stico donde tambi\u00e9n fue campe\u00f3n en IC Series y compite actualmente en la F\u00f3rmula 2.0 donde ha conseguido varios podios este a\u00f1o.<\/p>\n<p style=\"text-align: center;\"><iframe loading=\"lazy\" style=\"border: none; overflow: hidden;\" src=\"https:\/\/www.facebook.com\/plugins\/video.php?href=https%3A%2F%2Fwww.facebook.com%2Fcurva1kart%2Fvideos%2F2442313236033666%2F&amp;show_text=0&amp;width=476\" width=\"476\" height=\"476\" frameborder=\"0\" scrolling=\"no\" allowfullscreen=\"allowfullscreen\"><\/iframe><\/p>\n<h3>PROAM IAME<\/h3>\n<p>Nacho no para! <strong>Ignacio Vivian<\/strong> demostr\u00f3 este fin de semana su gran momento, gan\u00f3 la fecha coronaci\u00f3n en Buenos Aires y se llev\u00f3 el titulo Proam. Un apasionado del Karting que sigue disfrutando de este deporte.<\/p>\n<p style=\"text-align: center;\"><iframe loading=\"lazy\" style=\"border: none; overflow: hidden;\" src=\"https:\/\/www.facebook.com\/plugins\/video.php?href=https%3A%2F%2Fwww.facebook.com%2Fcurva1kart%2Fvideos%2F2144080105887949%2F&amp;show_text=0&amp;width=476\" width=\"476\" height=\"476\" frameborder=\"0\" scrolling=\"no\" allowfullscreen=\"allowfullscreen\"><\/iframe><\/p>\n","protected":false},"excerpt":{"rendered":"<p>Argentino de Kart cerr\u00f3 la temporada 2019 con la coronaci\u00f3n de campeones y nosotros los entrevistamos. Esto dijeron los nuevos reyes nacionales minutos despu\u00e9s de festejar sus t\u00edtulos. MINI El piloto de Buenos Aires Romeo &#8220;Roro&#8221; L\u00f3pez se qued\u00f3 con el t\u00edtulo nacional de la categor\u00eda Mini, luego de tener un desempe\u00f1o muy bueno en&#46;&#46;&#46;<\/p>\n","protected":false},"author":1,"featured_media":92699,"comment_status":"closed","ping_status":"closed","sticky":false,"template":"","format":"standard","meta":{"footnotes":""},"categories":[9],"tags":[],"class_list":["post-92653","post","type-post","status-publish","format-standard","has-post-thumbnail","hentry","category-argentina"],"yoast_head":"<!-- This site is optimized with the Yoast SEO Premium plugin v14.7 - https:\/\/yoast.com\/wordpress\/plugins\/seo\/ -->\n<title>La palabra de los nuevos campeones nacionales, tras su consagraci\u00f3n - Curva 1 KART<\/title>\n<meta name=\"robots\" content=\"index, follow\" \/>\n<meta name=\"googlebot\" content=\"index, follow, max-snippet:-1, max-image-preview:large, max-video-preview:-1\" \/>\n<meta name=\"bingbot\" content=\"index, follow, max-snippet:-1, max-image-preview:large, max-video-preview:-1\" \/>\n<link rel=\"canonical\" href=\"https:\/\/curva1kart.com.ar\/noticias\/?p=92653\" \/>\n<meta property=\"og:locale\" content=\"en_US\" \/>\n<meta property=\"og:type\" content=\"article\" \/>\n<meta property=\"og:title\" content=\"La palabra de los nuevos campeones nacionales, tras su consagraci\u00f3n - Curva 1 KART\" \/>\n<meta property=\"og:description\" content=\"Argentino de Kart cerr\u00f3 la temporada 2019 con la coronaci\u00f3n de campeones y nosotros los entrevistamos. Esto dijeron los nuevos reyes nacionales minutos despu\u00e9s de festejar sus t\u00edtulos. MINI El piloto de Buenos Aires Romeo &#8220;Roro&#8221; L\u00f3pez se qued\u00f3 con el t\u00edtulo nacional de la categor\u00eda Mini, luego de tener un desempe\u00f1o muy bueno en&#046;&#046;&#046;\" \/>\n<meta property=\"og:url\" content=\"https:\/\/curva1kart.com.ar\/noticias\/?p=92653\" \/>\n<meta property=\"og:site_name\" content=\"Curva 1 KART\" \/>\n<meta property=\"article:publisher\" content=\"https:\/\/www.facebook.com\/curva1kart\/\" \/>\n<meta property=\"article:published_time\" content=\"2019-12-02T21:18:25+00:00\" \/>\n<meta property=\"article:modified_time\" content=\"2019-12-04T21:28:24+00:00\" \/>\n<meta property=\"og:image\" content=\"http:\/\/curva1kart.com.ar\/noticias\/wp-content\/uploads\/2019\/12\/IMG_1903.jpg\" \/>\n\t<meta property=\"og:image:width\" content=\"1000\" \/>\n\t<meta property=\"og:image:height\" content=\"563\" \/>\n<meta property=\"fb:app_id\" content=\"104995992409\" \/>\n<meta name=\"twitter:card\" content=\"summary_large_image\" \/>\n<meta name=\"twitter:creator\" content=\"@Curva1KART\" \/>\n<meta name=\"twitter:site\" content=\"@Curva1KART\" \/>\n<script type=\"application\/ld+json\" class=\"yoast-schema-graph\">{\"@context\":\"https:\/\/schema.org\",\"@graph\":[{\"@type\":\"WebSite\",\"@id\":\"https:\/\/curva1kart.com.ar\/noticias\/#website\",\"url\":\"https:\/\/curva1kart.com.ar\/noticias\/\",\"name\":\"Curva 1 KART\",\"description\":\"Karting Argentino, Sudamericano e Internacional\",\"potentialAction\":[{\"@type\":\"SearchAction\",\"target\":\"https:\/\/curva1kart.com.ar\/noticias\/?s={search_term_string}\",\"query-input\":\"required name=search_term_string\"}],\"inLanguage\":\"en-US\"},{\"@type\":\"ImageObject\",\"@id\":\"https:\/\/curva1kart.com.ar\/noticias\/?p=92653#primaryimage\",\"inLanguage\":\"en-US\",\"url\":\"http:\/\/curva1kart.com.ar\/noticias\/wp-content\/uploads\/2019\/12\/IMG_1903.jpg\",\"width\":1000,\"height\":563},{\"@type\":\"WebPage\",\"@id\":\"https:\/\/curva1kart.com.ar\/noticias\/?p=92653#webpage\",\"url\":\"https:\/\/curva1kart.com.ar\/noticias\/?p=92653\",\"name\":\"La palabra de los nuevos campeones nacionales, tras su consagraci\\u00f3n - Curva 1 KART\",\"isPartOf\":{\"@id\":\"https:\/\/curva1kart.com.ar\/noticias\/#website\"},\"primaryImageOfPage\":{\"@id\":\"https:\/\/curva1kart.com.ar\/noticias\/?p=92653#primaryimage\"},\"datePublished\":\"2019-12-02T21:18:25+00:00\",\"dateModified\":\"2019-12-04T21:28:24+00:00\",\"author\":{\"@id\":\"https:\/\/curva1kart.com.ar\/noticias\/#\/schema\/person\/710d14304c85d21660d185f262399043\"},\"inLanguage\":\"en-US\",\"potentialAction\":[{\"@type\":\"ReadAction\",\"target\":[\"https:\/\/curva1kart.com.ar\/noticias\/?p=92653\"]}]},{\"@type\":[\"Person\"],\"@id\":\"https:\/\/curva1kart.com.ar\/noticias\/#\/schema\/person\/710d14304c85d21660d185f262399043\",\"name\":\"Jos\\u00e9 Bravo\"}]}<\/script>\n<!-- \/ Yoast SEO Premium plugin. -->","_links":{"self":[{"href":"https:\/\/curva1kart.com.ar\/noticias\/index.php?rest_route=\/wp\/v2\/posts\/92653","targetHints":{"allow":["GET"]}}],"collection":[{"href":"https:\/\/curva1kart.com.ar\/noticias\/index.php?rest_route=\/wp\/v2\/posts"}],"about":[{"href":"https:\/\/curva1kart.com.ar\/noticias\/index.php?rest_route=\/wp\/v2\/types\/post"}],"author":[{"embeddable":true,"href":"https:\/\/curva1kart.com.ar\/noticias\/index.php?rest_route=\/wp\/v2\/users\/1"}],"replies":[{"embeddable":true,"href":"https:\/\/curva1kart.com.ar\/noticias\/index.php?rest_route=%2Fwp%2Fv2%2Fcomments&post=92653"}],"version-history":[{"count":2,"href":"https:\/\/curva1kart.com.ar\/noticias\/index.php?rest_route=\/wp\/v2\/posts\/92653\/revisions"}],"predecessor-version":[{"id":92700,"href":"https:\/\/curva1kart.com.ar\/noticias\/index.php?rest_route=\/wp\/v2\/posts\/92653\/revisions\/92700"}],"wp:featuredmedia":[{"embeddable":true,"href":"https:\/\/curva1kart.com.ar\/noticias\/index.php?rest_route=\/wp\/v2\/media\/92699"}],"wp:attachment":[{"href":"https:\/\/curva1kart.com.ar\/noticias\/index.php?rest_route=%2Fwp%2Fv2%2Fmedia&parent=92653"}],"wp:term":[{"taxonomy":"category","embeddable":true,"href":"https:\/\/curva1kart.com.ar\/noticias\/index.php?rest_route=%2Fwp%2Fv2%2Fcategories&post=92653"},{"taxonomy":"post_tag","embeddable":true,"href":"https:\/\/curva1kart.com.ar\/noticias\/index.php?rest_route=%2Fwp%2Fv2%2Ftags&post=92653"}],"curies":[{"name":"wp","href":"https:\/\/api.w.org\/{rel}","templated":true}]}}