{"id":92652,"date":"2019-12-01T23:18:39","date_gmt":"2019-12-02T02:18:39","guid":{"rendered":"http:\/\/curva1kart.com.ar\/noticias\/?p=92652"},"modified":"2019-12-04T18:17:48","modified_gmt":"2019-12-04T21:17:48","slug":"buenos-aires-corono-a-los-nuevos-campeones-argentinos-de-karting","status":"publish","type":"post","link":"https:\/\/curva1kart.com.ar\/noticias\/?p=92652","title":{"rendered":"Buenos Aires coron\u00f3 a los nuevos Campeones Argentinos de Karting"},"content":{"rendered":"<div id=\"attachment_92689\" style=\"width: 1290px\" class=\"wp-caption aligncenter\"><img loading=\"lazy\" decoding=\"async\" aria-describedby=\"caption-attachment-92689\" class=\"size-full wp-image-92689\" src=\"http:\/\/curva1kart.com.ar\/noticias\/wp-content\/uploads\/2019\/12\/IMG_2083.jpg\" alt=\"\" width=\"1280\" height=\"720\" srcset=\"http:\/\/curva1kart.com.ar\/noticias\/wp-content\/uploads\/2019\/12\/IMG_2083.jpg 1280w, http:\/\/curva1kart.com.ar\/noticias\/wp-content\/uploads\/2019\/12\/IMG_2083-600x338.jpg 600w, http:\/\/curva1kart.com.ar\/noticias\/wp-content\/uploads\/2019\/12\/IMG_2083-1024x576.jpg 1024w, http:\/\/curva1kart.com.ar\/noticias\/wp-content\/uploads\/2019\/12\/IMG_2083-200x113.jpg 200w, http:\/\/curva1kart.com.ar\/noticias\/wp-content\/uploads\/2019\/12\/IMG_2083-768x432.jpg 768w, http:\/\/curva1kart.com.ar\/noticias\/wp-content\/uploads\/2019\/12\/IMG_2083-620x349.jpg 620w\" sizes=\"auto, (max-width: 1280px) 100vw, 1280px\" \/><p id=\"caption-attachment-92689\" class=\"wp-caption-text\">Los campeones: Vivian, Bohdanowicz, Vezzaro, Lopes, Moreyra y D\u00edaz (Fotos: Jos\u00e9 Bravo)<\/p><\/div>\n<p>Termin\u00f3 una nueva temporada del Campeonato Argentino de Karting, un a\u00f1o dif\u00edcil, donde escasearon los pilotos, pero donde la dirigencia ya est\u00e1 pensando en tomar medidas importantes para darle al &#8220;nacional&#8221; el lugar que se merece dentro del karting de nuestro pa\u00eds.<\/p>\n<p>La \u00faltima fecha doble (5\u00ba y 6\u00ba) se corri\u00f3 el fin de semana pasado en el circuito 1 del Kart\u00f3dromo de Buenos Aires, donde cerca de 60 pilotos se dieron cita para la definici\u00f3n de las coronas nacionales que quedaron para los sigueintes pilotos:<\/p>\n<p>&#x1f3c6;<strong> Romeo Lopez<\/strong> &#8211; MINI &#8211; Buenos Aires<br \/>\n&#x1f3c6; <strong>Lisandro Moreyra<\/strong> &#8211; CADETE &#8211; Catamarca<br \/>\n&#x1f3c6; <strong>Thiago Diaz<\/strong> &#8211; PRE JUNIOR &#8211; Santa Cruz<br \/>\n&#x1f3c6; <strong>Lucas Bohdanowicz<\/strong>\u00a0&#8211; CODASUR JUNIOR &#8211; Chaco<br \/>\n&#x1f3c6; <strong>Isidoro Vezzaro<\/strong> &#8211; CODASUR &#8211; C\u00f3rdoba<br \/>\n&#x1f3c6;<strong> Ignacio Vivian<\/strong> &#8211; PROAM &#8211; Buenos Aires<\/p>\n<h3>LO QUE PAS\u00d3<\/h3>\n<p>El jueves hubo pruebas libres, el viernes fueron oficiales y el s\u00e1bado se desarroll\u00f3 la Fecha 5 con una pr\u00e1ctica, clasificaci\u00f3n, pre final y final. El domingo se repiti\u00f3 la programaci\u00f3n, pero siendo esta la Fecha 6.<\/p>\n<p>Los podios se realizaron el domingo luego de finalizar la actividad en pista, con una premiaci\u00f3n normal y con trofeos que creemos no fueron acordes para la ocasi\u00f3n, ni conforme a los presupuestos que cada piloto maneja para competir.<\/p>\n<h3>LO QUE VIENE<\/h3>\n<p>Desde la CNK anunciaron extra oficialmente cambios importantes para la temporada 2020 que incluye la realizaci\u00f3n de un Argentino de solo una fecha, que no ser\u00e1 en Buenos Aires, donde desaparece la categor\u00eda Pre Junior y donde la CNK entregar\u00e1 cupos a cada federaci\u00f3n del pa\u00eds, para que nomine a sus pilotos destacados y estos puedan correr el Argentino con motor y neum\u00e1ticos gratis.<\/p>\n<hr \/>\n<h3 style=\"text-align: center;\">&#x1f4f8;\u00a0<a href=\"https:\/\/www.facebook.com\/media\/set\/?set=a.10156882781780036&amp;type=3&amp;__xts__%5B0%5D=68.ARCApKNH1LU0LohqPLF6nnZzNMv-QG8bcJ8gYAtSgP6a9qwRA3sPmKKYspsQKEdIo8lRLil2dmgnak4NnuuRnoZ4YPq9cUMPv-wMihMNcUmkjKWn9Pn0Exr5gTC7mCsaaO6xDpB1zefBAa4nlUpxrtn-nWjINEIh7QFou7LSXeKYj70rEOWRTChGdmZaEKUozizdR3s0pNCW-QGY2Je3JUGHzWsJUxEXoQYte05RRGOF_xcLSSTkoQGAzuq8Q85zP4TRAVe1Rtx1TVji34rPdkK5I7KQYjGlpdQJ5Cf7Jkxks7fClOTEEyhN7z0lH8cAnSwF6TUosqwPEGeRGLKeTlFTGmZhFPrzRWBoK2Abvhk2zxIqJrVdiG-QTwh-0RM40cDEEjJd56S1tCjraf66xo9OB8blT5TYX5fgREbToZCQ73eVqR09oeYYhnxZWh_9F4JautY&amp;__tn__=-UC-R\" target=\"_blank\" rel=\"noopener noreferrer\">Galer\u00eda de Fotos<\/a><\/h3>\n<p style=\"text-align: center;\">\u00a9 Jos\u00e9 Bravo<\/p>\n<hr \/>\n<p style=\"text-align: center;\"><a href=\"http:\/\/compraventakarting.com.ar\/?page_id=2837\" target=\"_blank\" rel=\"noopener noreferrer\"><img loading=\"lazy\" decoding=\"async\" class=\"aligncenter wp-image-92671 size-full\" src=\"http:\/\/curva1kart.com.ar\/noticias\/wp-content\/uploads\/2019\/12\/700.cprv_.png\" alt=\"\" width=\"700\" height=\"150\" \/><\/a><\/p>\n<hr \/>\n<h3 style=\"text-align: center;\"><span style=\"color: #ff0000;\">Fecha 5<\/span><\/h3>\n<p style=\"text-align: center;\"><span style=\"color: #ff0000;\">S\u00e1bado &#8211; <a href=\"https:\/\/speedhive.mylaps.com\/Events\/1749912\" target=\"_blank\" rel=\"noopener noreferrer\">Resultados<\/a><\/span><\/p>\n<hr \/>\n<h3 style=\"text-align: center;\"><span style=\"color: #ff0000;\">FECHA 6<\/span><\/h3>\n<p style=\"text-align: center;\"><span style=\"color: #ff0000;\">Domingo &#8211; <a href=\"https:\/\/speedhive.mylaps.com\/Events\/1750689\" target=\"_blank\" rel=\"noopener noreferrer\">Resultados<\/a><\/span><\/p>\n<hr \/>\n<h3>MINI<\/h3>\n<p>PRIMERA VICTORIA DE R\u00cdOS, PRIMER T\u00cdTULO PARA LOPES<\/p>\n<p><img loading=\"lazy\" decoding=\"async\" class=\"aligncenter size-full wp-image-92672\" src=\"http:\/\/curva1kart.com.ar\/noticias\/wp-content\/uploads\/2019\/12\/m1.jpg\" alt=\"\" width=\"1046\" height=\"471\" srcset=\"http:\/\/curva1kart.com.ar\/noticias\/wp-content\/uploads\/2019\/12\/m1.jpg 1046w, http:\/\/curva1kart.com.ar\/noticias\/wp-content\/uploads\/2019\/12\/m1-1024x461.jpg 1024w, http:\/\/curva1kart.com.ar\/noticias\/wp-content\/uploads\/2019\/12\/m1-768x346.jpg 768w\" sizes=\"auto, (max-width: 1046px) 100vw, 1046px\" \/> <img loading=\"lazy\" decoding=\"async\" class=\"aligncenter size-full wp-image-92673\" src=\"http:\/\/curva1kart.com.ar\/noticias\/wp-content\/uploads\/2019\/12\/m2.jpg\" alt=\"\" width=\"1047\" height=\"467\" srcset=\"http:\/\/curva1kart.com.ar\/noticias\/wp-content\/uploads\/2019\/12\/m2.jpg 1047w, http:\/\/curva1kart.com.ar\/noticias\/wp-content\/uploads\/2019\/12\/m2-1024x457.jpg 1024w, http:\/\/curva1kart.com.ar\/noticias\/wp-content\/uploads\/2019\/12\/m2-768x343.jpg 768w\" sizes=\"auto, (max-width: 1047px) 100vw, 1047px\" \/> <img loading=\"lazy\" decoding=\"async\" class=\"aligncenter size-full wp-image-92674\" src=\"http:\/\/curva1kart.com.ar\/noticias\/wp-content\/uploads\/2019\/12\/m3.jpg\" alt=\"\" width=\"1041\" height=\"471\" srcset=\"http:\/\/curva1kart.com.ar\/noticias\/wp-content\/uploads\/2019\/12\/m3.jpg 1041w, http:\/\/curva1kart.com.ar\/noticias\/wp-content\/uploads\/2019\/12\/m3-1024x463.jpg 1024w, http:\/\/curva1kart.com.ar\/noticias\/wp-content\/uploads\/2019\/12\/m3-768x347.jpg 768w\" sizes=\"auto, (max-width: 1041px) 100vw, 1041px\" \/><\/p>\n<hr \/>\n<h3>CADETE<\/h3>\n<p>GAN\u00d3 BODRATTO Y FUE CAMPE\u00d3N MOREYRA<\/p>\n<p><img loading=\"lazy\" decoding=\"async\" class=\"aligncenter size-full wp-image-92668\" src=\"http:\/\/curva1kart.com.ar\/noticias\/wp-content\/uploads\/2019\/12\/C1.jpg\" alt=\"\" width=\"1038\" height=\"646\" srcset=\"http:\/\/curva1kart.com.ar\/noticias\/wp-content\/uploads\/2019\/12\/C1.jpg 1038w, http:\/\/curva1kart.com.ar\/noticias\/wp-content\/uploads\/2019\/12\/C1-1024x637.jpg 1024w, http:\/\/curva1kart.com.ar\/noticias\/wp-content\/uploads\/2019\/12\/C1-768x478.jpg 768w\" sizes=\"auto, (max-width: 1038px) 100vw, 1038px\" \/> <img loading=\"lazy\" decoding=\"async\" class=\"aligncenter size-full wp-image-92669\" src=\"http:\/\/curva1kart.com.ar\/noticias\/wp-content\/uploads\/2019\/12\/C2.jpg\" alt=\"\" width=\"1040\" height=\"649\" srcset=\"http:\/\/curva1kart.com.ar\/noticias\/wp-content\/uploads\/2019\/12\/C2.jpg 1040w, http:\/\/curva1kart.com.ar\/noticias\/wp-content\/uploads\/2019\/12\/C2-1024x639.jpg 1024w, http:\/\/curva1kart.com.ar\/noticias\/wp-content\/uploads\/2019\/12\/C2-768x479.jpg 768w\" sizes=\"auto, (max-width: 1040px) 100vw, 1040px\" \/> <img loading=\"lazy\" decoding=\"async\" class=\"aligncenter size-full wp-image-92670\" src=\"http:\/\/curva1kart.com.ar\/noticias\/wp-content\/uploads\/2019\/12\/C3.jpg\" alt=\"\" width=\"1038\" height=\"565\" srcset=\"http:\/\/curva1kart.com.ar\/noticias\/wp-content\/uploads\/2019\/12\/C3.jpg 1038w, http:\/\/curva1kart.com.ar\/noticias\/wp-content\/uploads\/2019\/12\/C3-1024x557.jpg 1024w, http:\/\/curva1kart.com.ar\/noticias\/wp-content\/uploads\/2019\/12\/C3-768x418.jpg 768w\" sizes=\"auto, (max-width: 1038px) 100vw, 1038px\" \/><\/p>\n<hr \/>\n<h3>PRE JUNIOR<\/h3>\n<p>GAN\u00d3 BIAGI, PERO EL CAMPEONATO FUE PARA THIAGO D\u00cdAZ<\/p>\n<p><img loading=\"lazy\" decoding=\"async\" class=\"aligncenter size-full wp-image-92682\" src=\"http:\/\/curva1kart.com.ar\/noticias\/wp-content\/uploads\/2019\/12\/P1.jpg\" alt=\"\" width=\"1046\" height=\"566\" srcset=\"http:\/\/curva1kart.com.ar\/noticias\/wp-content\/uploads\/2019\/12\/P1.jpg 1046w, http:\/\/curva1kart.com.ar\/noticias\/wp-content\/uploads\/2019\/12\/P1-1024x554.jpg 1024w, http:\/\/curva1kart.com.ar\/noticias\/wp-content\/uploads\/2019\/12\/P1-768x416.jpg 768w\" sizes=\"auto, (max-width: 1046px) 100vw, 1046px\" \/> <img loading=\"lazy\" decoding=\"async\" class=\"aligncenter size-full wp-image-92683\" src=\"http:\/\/curva1kart.com.ar\/noticias\/wp-content\/uploads\/2019\/12\/P2.jpg\" alt=\"\" width=\"1043\" height=\"651\" srcset=\"http:\/\/curva1kart.com.ar\/noticias\/wp-content\/uploads\/2019\/12\/P2.jpg 1043w, http:\/\/curva1kart.com.ar\/noticias\/wp-content\/uploads\/2019\/12\/P2-1024x639.jpg 1024w, http:\/\/curva1kart.com.ar\/noticias\/wp-content\/uploads\/2019\/12\/P2-768x479.jpg 768w\" sizes=\"auto, (max-width: 1043px) 100vw, 1043px\" \/> <img loading=\"lazy\" decoding=\"async\" class=\"aligncenter size-full wp-image-92684\" src=\"http:\/\/curva1kart.com.ar\/noticias\/wp-content\/uploads\/2019\/12\/P3.jpg\" alt=\"\" width=\"1046\" height=\"682\" srcset=\"http:\/\/curva1kart.com.ar\/noticias\/wp-content\/uploads\/2019\/12\/P3.jpg 1046w, http:\/\/curva1kart.com.ar\/noticias\/wp-content\/uploads\/2019\/12\/P3-1024x668.jpg 1024w, http:\/\/curva1kart.com.ar\/noticias\/wp-content\/uploads\/2019\/12\/P3-768x501.jpg 768w\" sizes=\"auto, (max-width: 1046px) 100vw, 1046px\" \/><\/p>\n<hr \/>\n<h3>CODASUR JUNIOR<\/h3>\n<p>CHORNE SE QUED\u00d3 CON LA FINAL, BOHDANOWICZ FESTEJ\u00d3 EL T\u00cdTULO<\/p>\n<p><img loading=\"lazy\" decoding=\"async\" class=\"aligncenter size-full wp-image-92679\" src=\"http:\/\/curva1kart.com.ar\/noticias\/wp-content\/uploads\/2019\/12\/J1.jpg\" alt=\"\" width=\"1049\" height=\"411\" srcset=\"http:\/\/curva1kart.com.ar\/noticias\/wp-content\/uploads\/2019\/12\/J1.jpg 1049w, http:\/\/curva1kart.com.ar\/noticias\/wp-content\/uploads\/2019\/12\/J1-1024x401.jpg 1024w, http:\/\/curva1kart.com.ar\/noticias\/wp-content\/uploads\/2019\/12\/J1-768x301.jpg 768w\" sizes=\"auto, (max-width: 1049px) 100vw, 1049px\" \/> <img loading=\"lazy\" decoding=\"async\" class=\"aligncenter size-full wp-image-92680\" src=\"http:\/\/curva1kart.com.ar\/noticias\/wp-content\/uploads\/2019\/12\/J2.jpg\" alt=\"\" width=\"1043\" height=\"407\" srcset=\"http:\/\/curva1kart.com.ar\/noticias\/wp-content\/uploads\/2019\/12\/J2.jpg 1043w, http:\/\/curva1kart.com.ar\/noticias\/wp-content\/uploads\/2019\/12\/J2-1024x400.jpg 1024w, http:\/\/curva1kart.com.ar\/noticias\/wp-content\/uploads\/2019\/12\/J2-768x300.jpg 768w\" sizes=\"auto, (max-width: 1043px) 100vw, 1043px\" \/> <img loading=\"lazy\" decoding=\"async\" class=\"aligncenter size-full wp-image-92681\" src=\"http:\/\/curva1kart.com.ar\/noticias\/wp-content\/uploads\/2019\/12\/J3.jpg\" alt=\"\" width=\"1042\" height=\"416\" srcset=\"http:\/\/curva1kart.com.ar\/noticias\/wp-content\/uploads\/2019\/12\/J3.jpg 1042w, http:\/\/curva1kart.com.ar\/noticias\/wp-content\/uploads\/2019\/12\/J3-1024x409.jpg 1024w, http:\/\/curva1kart.com.ar\/noticias\/wp-content\/uploads\/2019\/12\/J3-768x307.jpg 768w\" sizes=\"auto, (max-width: 1042px) 100vw, 1042px\" \/><\/p>\n<hr \/>\n<h3>CODASUR<\/h3>\n<p>BARRIO GAN\u00d3 EL CORONACI\u00d3N, VEZZARO EL CAMPEONATO<\/p>\n<p><img loading=\"lazy\" decoding=\"async\" class=\"aligncenter size-full wp-image-92676\" src=\"http:\/\/curva1kart.com.ar\/noticias\/wp-content\/uploads\/2019\/12\/1.jpg\" alt=\"\" width=\"1045\" height=\"618\" srcset=\"http:\/\/curva1kart.com.ar\/noticias\/wp-content\/uploads\/2019\/12\/1.jpg 1045w, http:\/\/curva1kart.com.ar\/noticias\/wp-content\/uploads\/2019\/12\/1-1024x606.jpg 1024w, http:\/\/curva1kart.com.ar\/noticias\/wp-content\/uploads\/2019\/12\/1-768x454.jpg 768w\" sizes=\"auto, (max-width: 1045px) 100vw, 1045px\" \/> <img loading=\"lazy\" decoding=\"async\" class=\"aligncenter size-full wp-image-92677\" src=\"http:\/\/curva1kart.com.ar\/noticias\/wp-content\/uploads\/2019\/12\/2.jpg\" alt=\"\" width=\"1046\" height=\"618\" srcset=\"http:\/\/curva1kart.com.ar\/noticias\/wp-content\/uploads\/2019\/12\/2.jpg 1046w, http:\/\/curva1kart.com.ar\/noticias\/wp-content\/uploads\/2019\/12\/2-1024x605.jpg 1024w, http:\/\/curva1kart.com.ar\/noticias\/wp-content\/uploads\/2019\/12\/2-768x454.jpg 768w\" sizes=\"auto, (max-width: 1046px) 100vw, 1046px\" \/> <img loading=\"lazy\" decoding=\"async\" class=\"aligncenter size-full wp-image-92678\" src=\"http:\/\/curva1kart.com.ar\/noticias\/wp-content\/uploads\/2019\/12\/3.jpg\" alt=\"\" width=\"1040\" height=\"536\" srcset=\"http:\/\/curva1kart.com.ar\/noticias\/wp-content\/uploads\/2019\/12\/3.jpg 1040w, http:\/\/curva1kart.com.ar\/noticias\/wp-content\/uploads\/2019\/12\/3-1024x528.jpg 1024w, http:\/\/curva1kart.com.ar\/noticias\/wp-content\/uploads\/2019\/12\/3-768x396.jpg 768w\" sizes=\"auto, (max-width: 1040px) 100vw, 1040px\" \/><\/p>\n<hr \/>\n<h3>PROAM IAME<\/h3>\n<p>VIVIAN GAN\u00d3 Y SE QUED\u00d3 CON EL T\u00cdTULO<\/p>\n<p><img loading=\"lazy\" decoding=\"async\" class=\"aligncenter size-full wp-image-92675\" src=\"http:\/\/curva1kart.com.ar\/noticias\/wp-content\/uploads\/2019\/12\/1-vert-scaled.jpg\" alt=\"\" width=\"1001\" height=\"2560\" srcset=\"http:\/\/curva1kart.com.ar\/noticias\/wp-content\/uploads\/2019\/12\/1-vert-scaled.jpg 1001w, http:\/\/curva1kart.com.ar\/noticias\/wp-content\/uploads\/2019\/12\/1-vert-400x1024.jpg 400w, http:\/\/curva1kart.com.ar\/noticias\/wp-content\/uploads\/2019\/12\/1-vert-768x1965.jpg 768w, http:\/\/curva1kart.com.ar\/noticias\/wp-content\/uploads\/2019\/12\/1-vert-801x2048.jpg 801w\" sizes=\"auto, (max-width: 1001px) 100vw, 1001px\" \/><\/p>\n","protected":false},"excerpt":{"rendered":"<p>Termin\u00f3 una nueva temporada del Campeonato Argentino de Karting, un a\u00f1o dif\u00edcil, donde escasearon los pilotos, pero donde la dirigencia ya est\u00e1 pensando en tomar medidas importantes para darle al &#8220;nacional&#8221; el lugar que se merece dentro del karting de nuestro pa\u00eds. La \u00faltima fecha doble (5\u00ba y 6\u00ba) se corri\u00f3 el fin de semana&#46;&#46;&#46;<\/p>\n","protected":false},"author":1,"featured_media":92689,"comment_status":"closed","ping_status":"closed","sticky":false,"template":"","format":"standard","meta":{"footnotes":""},"categories":[20],"tags":[],"class_list":["post-92652","post","type-post","status-publish","format-standard","has-post-thumbnail","hentry","category-argentino"],"yoast_head":"<!-- This site is optimized with the Yoast SEO Premium plugin v14.7 - https:\/\/yoast.com\/wordpress\/plugins\/seo\/ -->\n<title>Buenos Aires coron\u00f3 a los nuevos Campeones Argentinos de Karting - Curva 1 KART<\/title>\n<meta name=\"robots\" content=\"index, follow\" \/>\n<meta name=\"googlebot\" content=\"index, follow, max-snippet:-1, max-image-preview:large, max-video-preview:-1\" \/>\n<meta name=\"bingbot\" content=\"index, follow, max-snippet:-1, max-image-preview:large, max-video-preview:-1\" \/>\n<link rel=\"canonical\" href=\"https:\/\/curva1kart.com.ar\/noticias\/?p=92652\" \/>\n<meta property=\"og:locale\" content=\"en_US\" \/>\n<meta property=\"og:type\" content=\"article\" \/>\n<meta property=\"og:title\" content=\"Buenos Aires coron\u00f3 a los nuevos Campeones Argentinos de Karting - Curva 1 KART\" \/>\n<meta property=\"og:description\" content=\"Termin\u00f3 una nueva temporada del Campeonato Argentino de Karting, un a\u00f1o dif\u00edcil, donde escasearon los pilotos, pero donde la dirigencia ya est\u00e1 pensando en tomar medidas importantes para darle al &#8220;nacional&#8221; el lugar que se merece dentro del karting de nuestro pa\u00eds. La \u00faltima fecha doble (5\u00ba y 6\u00ba) se corri\u00f3 el fin de semana&#046;&#046;&#046;\" \/>\n<meta property=\"og:url\" content=\"https:\/\/curva1kart.com.ar\/noticias\/?p=92652\" \/>\n<meta property=\"og:site_name\" content=\"Curva 1 KART\" \/>\n<meta property=\"article:publisher\" content=\"https:\/\/www.facebook.com\/curva1kart\/\" \/>\n<meta property=\"article:published_time\" content=\"2019-12-02T02:18:39+00:00\" \/>\n<meta property=\"article:modified_time\" content=\"2019-12-04T21:17:48+00:00\" \/>\n<meta property=\"og:image\" content=\"http:\/\/curva1kart.com.ar\/noticias\/wp-content\/uploads\/2019\/12\/IMG_2083.jpg\" \/>\n\t<meta property=\"og:image:width\" content=\"1280\" \/>\n\t<meta property=\"og:image:height\" content=\"720\" \/>\n<meta property=\"fb:app_id\" content=\"104995992409\" \/>\n<meta name=\"twitter:card\" content=\"summary_large_image\" \/>\n<meta name=\"twitter:creator\" content=\"@Curva1KART\" \/>\n<meta name=\"twitter:site\" content=\"@Curva1KART\" \/>\n<script type=\"application\/ld+json\" class=\"yoast-schema-graph\">{\"@context\":\"https:\/\/schema.org\",\"@graph\":[{\"@type\":\"WebSite\",\"@id\":\"https:\/\/curva1kart.com.ar\/noticias\/#website\",\"url\":\"https:\/\/curva1kart.com.ar\/noticias\/\",\"name\":\"Curva 1 KART\",\"description\":\"Karting Argentino, Sudamericano e Internacional\",\"potentialAction\":[{\"@type\":\"SearchAction\",\"target\":\"https:\/\/curva1kart.com.ar\/noticias\/?s={search_term_string}\",\"query-input\":\"required name=search_term_string\"}],\"inLanguage\":\"en-US\"},{\"@type\":\"ImageObject\",\"@id\":\"https:\/\/curva1kart.com.ar\/noticias\/?p=92652#primaryimage\",\"inLanguage\":\"en-US\",\"url\":\"http:\/\/curva1kart.com.ar\/noticias\/wp-content\/uploads\/2019\/12\/IMG_2083.jpg\",\"width\":1280,\"height\":720,\"caption\":\"Fotos: Jos\\u00e9 Bravo\"},{\"@type\":\"WebPage\",\"@id\":\"https:\/\/curva1kart.com.ar\/noticias\/?p=92652#webpage\",\"url\":\"https:\/\/curva1kart.com.ar\/noticias\/?p=92652\",\"name\":\"Buenos Aires coron\\u00f3 a los nuevos Campeones Argentinos de Karting - Curva 1 KART\",\"isPartOf\":{\"@id\":\"https:\/\/curva1kart.com.ar\/noticias\/#website\"},\"primaryImageOfPage\":{\"@id\":\"https:\/\/curva1kart.com.ar\/noticias\/?p=92652#primaryimage\"},\"datePublished\":\"2019-12-02T02:18:39+00:00\",\"dateModified\":\"2019-12-04T21:17:48+00:00\",\"author\":{\"@id\":\"https:\/\/curva1kart.com.ar\/noticias\/#\/schema\/person\/710d14304c85d21660d185f262399043\"},\"inLanguage\":\"en-US\",\"potentialAction\":[{\"@type\":\"ReadAction\",\"target\":[\"https:\/\/curva1kart.com.ar\/noticias\/?p=92652\"]}]},{\"@type\":[\"Person\"],\"@id\":\"https:\/\/curva1kart.com.ar\/noticias\/#\/schema\/person\/710d14304c85d21660d185f262399043\",\"name\":\"Jos\\u00e9 Bravo\"}]}<\/script>\n<!-- \/ Yoast SEO Premium plugin. -->","_links":{"self":[{"href":"https:\/\/curva1kart.com.ar\/noticias\/index.php?rest_route=\/wp\/v2\/posts\/92652","targetHints":{"allow":["GET"]}}],"collection":[{"href":"https:\/\/curva1kart.com.ar\/noticias\/index.php?rest_route=\/wp\/v2\/posts"}],"about":[{"href":"https:\/\/curva1kart.com.ar\/noticias\/index.php?rest_route=\/wp\/v2\/types\/post"}],"author":[{"embeddable":true,"href":"https:\/\/curva1kart.com.ar\/noticias\/index.php?rest_route=\/wp\/v2\/users\/1"}],"replies":[{"embeddable":true,"href":"https:\/\/curva1kart.com.ar\/noticias\/index.php?rest_route=%2Fwp%2Fv2%2Fcomments&post=92652"}],"version-history":[{"count":6,"href":"https:\/\/curva1kart.com.ar\/noticias\/index.php?rest_route=\/wp\/v2\/posts\/92652\/revisions"}],"predecessor-version":[{"id":92698,"href":"https:\/\/curva1kart.com.ar\/noticias\/index.php?rest_route=\/wp\/v2\/posts\/92652\/revisions\/92698"}],"wp:featuredmedia":[{"embeddable":true,"href":"https:\/\/curva1kart.com.ar\/noticias\/index.php?rest_route=\/wp\/v2\/media\/92689"}],"wp:attachment":[{"href":"https:\/\/curva1kart.com.ar\/noticias\/index.php?rest_route=%2Fwp%2Fv2%2Fmedia&parent=92652"}],"wp:term":[{"taxonomy":"category","embeddable":true,"href":"https:\/\/curva1kart.com.ar\/noticias\/index.php?rest_route=%2Fwp%2Fv2%2Fcategories&post=92652"},{"taxonomy":"post_tag","embeddable":true,"href":"https:\/\/curva1kart.com.ar\/noticias\/index.php?rest_route=%2Fwp%2Fv2%2Ftags&post=92652"}],"curies":[{"name":"wp","href":"https:\/\/api.w.org\/{rel}","templated":true}]}}