{"id":92449,"date":"2019-11-02T13:19:14","date_gmt":"2019-11-02T16:19:14","guid":{"rendered":"http:\/\/curva1kart.com.ar\/noticias\/?p=92449"},"modified":"2019-11-17T13:20:39","modified_gmt":"2019-11-17T16:20:39","slug":"exclusion-post-carrera-deja-como-ganador-en-junior-a-federico-hermida","status":"publish","type":"post","link":"https:\/\/curva1kart.com.ar\/noticias\/?p=92449","title":{"rendered":"Exclusi\u00f3n &#8220;post carrera&#8221; deja como ganador en Junior a Federico Hermida"},"content":{"rendered":"<p><img loading=\"lazy\" decoding=\"async\" class=\"aligncenter size-full wp-image-92450\" src=\"http:\/\/curva1kart.com.ar\/noticias\/wp-content\/uploads\/2019\/11\/76686401_10156795876510036_3111791500594249728_o.jpg\" alt=\"\" width=\"960\" height=\"639\" srcset=\"http:\/\/curva1kart.com.ar\/noticias\/wp-content\/uploads\/2019\/11\/76686401_10156795876510036_3111791500594249728_o.jpg 960w, http:\/\/curva1kart.com.ar\/noticias\/wp-content\/uploads\/2019\/11\/76686401_10156795876510036_3111791500594249728_o-768x511.jpg 768w\" sizes=\"auto, (max-width: 960px) 100vw, 960px\" \/><\/p>\n<p>Ayer se confirm\u00f3 una exclusi\u00f3n correspondiente a la fecha 4, carrera que se realiz\u00f3 a fines de septiembre en Mar del Plata, y que deja ahora como ganador de la final al piloto Federico Hermida.<\/p>\n<div class=\"text_exposed_show\">\n<p>El comunicado en la web oficial del Argentino dice lo siguiente:<\/p>\n<p><span class=\"_5mfr\"><span class=\"_6qdm\">&#x2611;<\/span><\/span>\u00a0La clasificaci\u00f3n de la final de la fecha 4 de la categor\u00eda x30 Codasur Junior disputada el d\u00eda domingo 29\/09 quedara en suspenso por anomal\u00edas t\u00e9cnicas (Rotura de sello del Kart 118 del piloto Braian Quevedo), el comisario deportivo luego de recibir los informes y documentaci\u00f3n al respecto, ha decidido proceder a la exclusi\u00f3n de dicho competidor de esa instancia de la fecha quedando como ganador de la misma el piloto del kart n\u00b0 103 de Federico Hermida. Asimismo solicit\u00f3 el pase a penalidades del concurrente del piloto y de su director de equipo.<\/p>\n<\/div>\n","protected":false},"excerpt":{"rendered":"<p>Ayer se confirm\u00f3 una exclusi\u00f3n correspondiente a la fecha 4, carrera que se realiz\u00f3 a fines de septiembre en Mar del Plata, y que deja ahora como ganador de la final al piloto Federico Hermida. El comunicado en la web oficial del Argentino dice lo siguiente: &#x2611;\u00a0La clasificaci\u00f3n de la final de la fecha 4&#46;&#46;&#46;<\/p>\n","protected":false},"author":1,"featured_media":92450,"comment_status":"closed","ping_status":"closed","sticky":false,"template":"","format":"standard","meta":{"footnotes":""},"categories":[20],"tags":[],"class_list":["post-92449","post","type-post","status-publish","format-standard","has-post-thumbnail","hentry","category-argentino"],"yoast_head":"<!-- This site is optimized with the Yoast SEO Premium plugin v14.7 - https:\/\/yoast.com\/wordpress\/plugins\/seo\/ -->\n<title>Exclusi\u00f3n &quot;post carrera&quot; deja como ganador en Junior a Federico Hermida - Curva 1 KART<\/title>\n<meta name=\"robots\" content=\"index, follow\" \/>\n<meta name=\"googlebot\" content=\"index, follow, max-snippet:-1, max-image-preview:large, max-video-preview:-1\" \/>\n<meta name=\"bingbot\" content=\"index, follow, max-snippet:-1, max-image-preview:large, max-video-preview:-1\" \/>\n<link rel=\"canonical\" href=\"https:\/\/curva1kart.com.ar\/noticias\/?p=92449\" \/>\n<meta property=\"og:locale\" content=\"en_US\" \/>\n<meta property=\"og:type\" content=\"article\" \/>\n<meta property=\"og:title\" content=\"Exclusi\u00f3n &quot;post carrera&quot; deja como ganador en Junior a Federico Hermida - Curva 1 KART\" \/>\n<meta property=\"og:description\" content=\"Ayer se confirm\u00f3 una exclusi\u00f3n correspondiente a la fecha 4, carrera que se realiz\u00f3 a fines de septiembre en Mar del Plata, y que deja ahora como ganador de la final al piloto Federico Hermida. El comunicado en la web oficial del Argentino dice lo siguiente: &#x2611;\u00a0La clasificaci\u00f3n de la final de la fecha 4&#046;&#046;&#046;\" \/>\n<meta property=\"og:url\" content=\"https:\/\/curva1kart.com.ar\/noticias\/?p=92449\" \/>\n<meta property=\"og:site_name\" content=\"Curva 1 KART\" \/>\n<meta property=\"article:publisher\" content=\"https:\/\/www.facebook.com\/curva1kart\/\" \/>\n<meta property=\"article:published_time\" content=\"2019-11-02T16:19:14+00:00\" \/>\n<meta property=\"article:modified_time\" content=\"2019-11-17T16:20:39+00:00\" \/>\n<meta property=\"og:image\" content=\"http:\/\/curva1kart.com.ar\/noticias\/wp-content\/uploads\/2019\/11\/76686401_10156795876510036_3111791500594249728_o.jpg\" \/>\n\t<meta property=\"og:image:width\" content=\"960\" \/>\n\t<meta property=\"og:image:height\" content=\"639\" \/>\n<meta property=\"fb:app_id\" content=\"104995992409\" \/>\n<meta name=\"twitter:card\" content=\"summary_large_image\" \/>\n<meta name=\"twitter:creator\" content=\"@Curva1KART\" \/>\n<meta name=\"twitter:site\" content=\"@Curva1KART\" \/>\n<script type=\"application\/ld+json\" class=\"yoast-schema-graph\">{\"@context\":\"https:\/\/schema.org\",\"@graph\":[{\"@type\":\"WebSite\",\"@id\":\"https:\/\/curva1kart.com.ar\/noticias\/#website\",\"url\":\"https:\/\/curva1kart.com.ar\/noticias\/\",\"name\":\"Curva 1 KART\",\"description\":\"Karting Argentino, Sudamericano e Internacional\",\"potentialAction\":[{\"@type\":\"SearchAction\",\"target\":\"https:\/\/curva1kart.com.ar\/noticias\/?s={search_term_string}\",\"query-input\":\"required name=search_term_string\"}],\"inLanguage\":\"en-US\"},{\"@type\":\"ImageObject\",\"@id\":\"https:\/\/curva1kart.com.ar\/noticias\/?p=92449#primaryimage\",\"inLanguage\":\"en-US\",\"url\":\"http:\/\/curva1kart.com.ar\/noticias\/wp-content\/uploads\/2019\/11\/76686401_10156795876510036_3111791500594249728_o.jpg\",\"width\":960,\"height\":639},{\"@type\":\"WebPage\",\"@id\":\"https:\/\/curva1kart.com.ar\/noticias\/?p=92449#webpage\",\"url\":\"https:\/\/curva1kart.com.ar\/noticias\/?p=92449\",\"name\":\"Exclusi\\u00f3n \\\"post carrera\\\" deja como ganador en Junior a Federico Hermida - Curva 1 KART\",\"isPartOf\":{\"@id\":\"https:\/\/curva1kart.com.ar\/noticias\/#website\"},\"primaryImageOfPage\":{\"@id\":\"https:\/\/curva1kart.com.ar\/noticias\/?p=92449#primaryimage\"},\"datePublished\":\"2019-11-02T16:19:14+00:00\",\"dateModified\":\"2019-11-17T16:20:39+00:00\",\"author\":{\"@id\":\"https:\/\/curva1kart.com.ar\/noticias\/#\/schema\/person\/710d14304c85d21660d185f262399043\"},\"inLanguage\":\"en-US\",\"potentialAction\":[{\"@type\":\"ReadAction\",\"target\":[\"https:\/\/curva1kart.com.ar\/noticias\/?p=92449\"]}]},{\"@type\":[\"Person\"],\"@id\":\"https:\/\/curva1kart.com.ar\/noticias\/#\/schema\/person\/710d14304c85d21660d185f262399043\",\"name\":\"Jos\\u00e9 Bravo\"}]}<\/script>\n<!-- \/ Yoast SEO Premium plugin. -->","_links":{"self":[{"href":"https:\/\/curva1kart.com.ar\/noticias\/index.php?rest_route=\/wp\/v2\/posts\/92449","targetHints":{"allow":["GET"]}}],"collection":[{"href":"https:\/\/curva1kart.com.ar\/noticias\/index.php?rest_route=\/wp\/v2\/posts"}],"about":[{"href":"https:\/\/curva1kart.com.ar\/noticias\/index.php?rest_route=\/wp\/v2\/types\/post"}],"author":[{"embeddable":true,"href":"https:\/\/curva1kart.com.ar\/noticias\/index.php?rest_route=\/wp\/v2\/users\/1"}],"replies":[{"embeddable":true,"href":"https:\/\/curva1kart.com.ar\/noticias\/index.php?rest_route=%2Fwp%2Fv2%2Fcomments&post=92449"}],"version-history":[{"count":1,"href":"https:\/\/curva1kart.com.ar\/noticias\/index.php?rest_route=\/wp\/v2\/posts\/92449\/revisions"}],"predecessor-version":[{"id":92451,"href":"https:\/\/curva1kart.com.ar\/noticias\/index.php?rest_route=\/wp\/v2\/posts\/92449\/revisions\/92451"}],"wp:featuredmedia":[{"embeddable":true,"href":"https:\/\/curva1kart.com.ar\/noticias\/index.php?rest_route=\/wp\/v2\/media\/92450"}],"wp:attachment":[{"href":"https:\/\/curva1kart.com.ar\/noticias\/index.php?rest_route=%2Fwp%2Fv2%2Fmedia&parent=92449"}],"wp:term":[{"taxonomy":"category","embeddable":true,"href":"https:\/\/curva1kart.com.ar\/noticias\/index.php?rest_route=%2Fwp%2Fv2%2Fcategories&post=92449"},{"taxonomy":"post_tag","embeddable":true,"href":"https:\/\/curva1kart.com.ar\/noticias\/index.php?rest_route=%2Fwp%2Fv2%2Ftags&post=92449"}],"curies":[{"name":"wp","href":"https:\/\/api.w.org\/{rel}","templated":true}]}}