{"id":91390,"date":"2019-09-04T13:10:41","date_gmt":"2019-09-04T16:10:41","guid":{"rendered":"http:\/\/curva1kart.com.ar\/noticias\/?p=91390"},"modified":"2019-09-04T13:24:22","modified_gmt":"2019-09-04T16:24:22","slug":"cnk-no-quiere-especulaciones-para-la-carrera-de-mar-del-plata","status":"publish","type":"post","link":"https:\/\/curva1kart.com.ar\/noticias\/?p=91390","title":{"rendered":"Sin especulaciones para Mar del Plata? Acudimos a la historia de 2016"},"content":{"rendered":"<div id=\"attachment_91391\" style=\"width: 1010px\" class=\"wp-caption aligncenter\"><img loading=\"lazy\" decoding=\"async\" aria-describedby=\"caption-attachment-91391\" class=\"wp-image-91391 size-full\" src=\"http:\/\/curva1kart.com.ar\/noticias\/wp-content\/uploads\/2019\/09\/IMG_1773.jpg\" alt=\"\" width=\"1000\" height=\"563\" srcset=\"http:\/\/curva1kart.com.ar\/noticias\/wp-content\/uploads\/2019\/09\/IMG_1773.jpg 1000w, http:\/\/curva1kart.com.ar\/noticias\/wp-content\/uploads\/2019\/09\/IMG_1773-200x113.jpg 200w, http:\/\/curva1kart.com.ar\/noticias\/wp-content\/uploads\/2019\/09\/IMG_1773-600x338.jpg 600w, http:\/\/curva1kart.com.ar\/noticias\/wp-content\/uploads\/2019\/09\/IMG_1773-768x432.jpg 768w, http:\/\/curva1kart.com.ar\/noticias\/wp-content\/uploads\/2019\/09\/IMG_1773-620x349.jpg 620w\" sizes=\"auto, (max-width: 1000px) 100vw, 1000px\" \/><p id=\"caption-attachment-91391\" class=\"wp-caption-text\">ARGENTINO DE KARTING 2016 EN MAR DEL PLATA<\/p><\/div>\n<p>La \u00faltima presentaci\u00f3n del Campeonato Argentino de Karting en el Kart\u00f3dromo de Mar del Plata fue en 2016 y all\u00ed se dio una situaci\u00f3n &#8220;tirante&#8221; entre un grupo de pilotos.<\/p>\n<p>Todos sabemos que un piloto puede tener un gran desempe\u00f1o, pero lo que m\u00e1s importa es el resultado de la final. En aquella ocasi\u00f3n en Mardel (diciembre de 2016) terminaba el Argentino y hubo especulaciones para ser protagonistas en la final.<\/p>\n<p>Era de p\u00fablico conocimiento que la pista &#8220;com\u00eda&#8221; gomas, que los neum\u00e1ticos se desgastaban notablemente con las vueltas, por lo que algunos pilotos salieron a clasificar y solo dieron una vuelta y media. En las mangas pas\u00f3 lo mismo, una o dos vueltas y a boxes \u00bfPor qu\u00e9? En esa carrera hab\u00edan pocos pilotos en cada divisional, entonces largar \u00faltimo una final integrada por 10 o 12 karts era m\u00e1s beneficio que completar la totalidad de las series. Llegabas con el caucho casi &#8220;entero&#8221; y solo pisado en la qualy y mangas.<\/p>\n<p>Esta especulaci\u00f3n gener\u00f3 en su momento enojos por parte de los pilotos que si eligieron correr toda las series. Tanto fue, que recordamos que el comisario deportivo llam\u00f3 a una reuni\u00f3n y advirti\u00f3 esto, pero no sirvi\u00f3 de mucho, pues no estaba reglamentado.<\/p>\n<p>Quer\u00edamos contar esta historia, porque hoy la Comisi\u00f3n Nacional de Karting emiti\u00f3 un comunicado respecto al uso de neum\u00e1ticos y, si bien no podemos afirmar que sea por esta situaci\u00f3n de 2016, est\u00e1 bueno recordarla para aquellos pilotos que no tuvieron la posibilidad de estar corriendo all\u00ed en este momento.<\/p>\n<p>Esto comunic\u00f3 hoy miercoles la CNK:<\/p>\n<blockquote><p>ADELANTO R.P.P\u2013EVENTO 2\u200b -NEUM\u00c1TICOS<\/p>\n<p>Aquellos pilotos que no cumplan con el 75% del recorrido de la Prefinal, para largar la Final deber\u00e1n obligatoriamente reemplazar una cubierta delantera y una trasera por una de las utilizadas en los entrenamientos. Para el caso que ya hubieren utilizado la totalidad de las mismas por reemplazo por rotura podr\u00e1n emplear una de otro participante.<\/p><\/blockquote>\n","protected":false},"excerpt":{"rendered":"<p>La \u00faltima presentaci\u00f3n del Campeonato Argentino de Karting en el Kart\u00f3dromo de Mar del Plata fue en 2016 y all\u00ed se dio una situaci\u00f3n &#8220;tirante&#8221; entre un grupo de pilotos. Todos sabemos que un piloto puede tener un gran desempe\u00f1o, pero lo que m\u00e1s importa es el resultado de la final. En aquella ocasi\u00f3n en&#46;&#46;&#46;<\/p>\n","protected":false},"author":1,"featured_media":91391,"comment_status":"closed","ping_status":"closed","sticky":false,"template":"","format":"standard","meta":{"footnotes":""},"categories":[20],"tags":[],"class_list":["post-91390","post","type-post","status-publish","format-standard","has-post-thumbnail","hentry","category-argentino"],"yoast_head":"<!-- This site is optimized with the Yoast SEO Premium plugin v14.7 - https:\/\/yoast.com\/wordpress\/plugins\/seo\/ -->\n<title>Sin especulaciones para Mar del Plata? Acudimos a la historia de 2016 - Curva 1 KART<\/title>\n<meta name=\"robots\" content=\"index, follow\" \/>\n<meta name=\"googlebot\" content=\"index, follow, max-snippet:-1, max-image-preview:large, max-video-preview:-1\" \/>\n<meta name=\"bingbot\" content=\"index, follow, max-snippet:-1, max-image-preview:large, max-video-preview:-1\" \/>\n<link rel=\"canonical\" href=\"https:\/\/curva1kart.com.ar\/noticias\/?p=91390\" \/>\n<meta property=\"og:locale\" content=\"en_US\" \/>\n<meta property=\"og:type\" content=\"article\" \/>\n<meta property=\"og:title\" content=\"Sin especulaciones para Mar del Plata? Acudimos a la historia de 2016 - Curva 1 KART\" \/>\n<meta property=\"og:description\" content=\"La \u00faltima presentaci\u00f3n del Campeonato Argentino de Karting en el Kart\u00f3dromo de Mar del Plata fue en 2016 y all\u00ed se dio una situaci\u00f3n &#8220;tirante&#8221; entre un grupo de pilotos. Todos sabemos que un piloto puede tener un gran desempe\u00f1o, pero lo que m\u00e1s importa es el resultado de la final. En aquella ocasi\u00f3n en&#046;&#046;&#046;\" \/>\n<meta property=\"og:url\" content=\"https:\/\/curva1kart.com.ar\/noticias\/?p=91390\" \/>\n<meta property=\"og:site_name\" content=\"Curva 1 KART\" \/>\n<meta property=\"article:publisher\" content=\"https:\/\/www.facebook.com\/curva1kart\/\" \/>\n<meta property=\"article:published_time\" content=\"2019-09-04T16:10:41+00:00\" \/>\n<meta property=\"article:modified_time\" content=\"2019-09-04T16:24:22+00:00\" \/>\n<meta property=\"og:image\" content=\"http:\/\/curva1kart.com.ar\/noticias\/wp-content\/uploads\/2019\/09\/IMG_1773.jpg\" \/>\n\t<meta property=\"og:image:width\" content=\"1000\" \/>\n\t<meta property=\"og:image:height\" content=\"563\" \/>\n<meta property=\"fb:app_id\" content=\"104995992409\" \/>\n<meta name=\"twitter:card\" content=\"summary_large_image\" \/>\n<meta name=\"twitter:creator\" content=\"@Curva1KART\" \/>\n<meta name=\"twitter:site\" content=\"@Curva1KART\" \/>\n<script type=\"application\/ld+json\" class=\"yoast-schema-graph\">{\"@context\":\"https:\/\/schema.org\",\"@graph\":[{\"@type\":\"WebSite\",\"@id\":\"https:\/\/curva1kart.com.ar\/noticias\/#website\",\"url\":\"https:\/\/curva1kart.com.ar\/noticias\/\",\"name\":\"Curva 1 KART\",\"description\":\"Karting Argentino, Sudamericano e Internacional\",\"potentialAction\":[{\"@type\":\"SearchAction\",\"target\":\"https:\/\/curva1kart.com.ar\/noticias\/?s={search_term_string}\",\"query-input\":\"required name=search_term_string\"}],\"inLanguage\":\"en-US\"},{\"@type\":\"ImageObject\",\"@id\":\"https:\/\/curva1kart.com.ar\/noticias\/?p=91390#primaryimage\",\"inLanguage\":\"en-US\",\"url\":\"http:\/\/curva1kart.com.ar\/noticias\/wp-content\/uploads\/2019\/09\/IMG_1773.jpg\",\"width\":1000,\"height\":563},{\"@type\":\"WebPage\",\"@id\":\"https:\/\/curva1kart.com.ar\/noticias\/?p=91390#webpage\",\"url\":\"https:\/\/curva1kart.com.ar\/noticias\/?p=91390\",\"name\":\"Sin especulaciones para Mar del Plata? Acudimos a la historia de 2016 - Curva 1 KART\",\"isPartOf\":{\"@id\":\"https:\/\/curva1kart.com.ar\/noticias\/#website\"},\"primaryImageOfPage\":{\"@id\":\"https:\/\/curva1kart.com.ar\/noticias\/?p=91390#primaryimage\"},\"datePublished\":\"2019-09-04T16:10:41+00:00\",\"dateModified\":\"2019-09-04T16:24:22+00:00\",\"author\":{\"@id\":\"https:\/\/curva1kart.com.ar\/noticias\/#\/schema\/person\/710d14304c85d21660d185f262399043\"},\"inLanguage\":\"en-US\",\"potentialAction\":[{\"@type\":\"ReadAction\",\"target\":[\"https:\/\/curva1kart.com.ar\/noticias\/?p=91390\"]}]},{\"@type\":[\"Person\"],\"@id\":\"https:\/\/curva1kart.com.ar\/noticias\/#\/schema\/person\/710d14304c85d21660d185f262399043\",\"name\":\"Jos\\u00e9 Bravo\"}]}<\/script>\n<!-- \/ Yoast SEO Premium plugin. -->","_links":{"self":[{"href":"https:\/\/curva1kart.com.ar\/noticias\/index.php?rest_route=\/wp\/v2\/posts\/91390","targetHints":{"allow":["GET"]}}],"collection":[{"href":"https:\/\/curva1kart.com.ar\/noticias\/index.php?rest_route=\/wp\/v2\/posts"}],"about":[{"href":"https:\/\/curva1kart.com.ar\/noticias\/index.php?rest_route=\/wp\/v2\/types\/post"}],"author":[{"embeddable":true,"href":"https:\/\/curva1kart.com.ar\/noticias\/index.php?rest_route=\/wp\/v2\/users\/1"}],"replies":[{"embeddable":true,"href":"https:\/\/curva1kart.com.ar\/noticias\/index.php?rest_route=%2Fwp%2Fv2%2Fcomments&post=91390"}],"version-history":[{"count":4,"href":"https:\/\/curva1kart.com.ar\/noticias\/index.php?rest_route=\/wp\/v2\/posts\/91390\/revisions"}],"predecessor-version":[{"id":91402,"href":"https:\/\/curva1kart.com.ar\/noticias\/index.php?rest_route=\/wp\/v2\/posts\/91390\/revisions\/91402"}],"wp:featuredmedia":[{"embeddable":true,"href":"https:\/\/curva1kart.com.ar\/noticias\/index.php?rest_route=\/wp\/v2\/media\/91391"}],"wp:attachment":[{"href":"https:\/\/curva1kart.com.ar\/noticias\/index.php?rest_route=%2Fwp%2Fv2%2Fmedia&parent=91390"}],"wp:term":[{"taxonomy":"category","embeddable":true,"href":"https:\/\/curva1kart.com.ar\/noticias\/index.php?rest_route=%2Fwp%2Fv2%2Fcategories&post=91390"},{"taxonomy":"post_tag","embeddable":true,"href":"https:\/\/curva1kart.com.ar\/noticias\/index.php?rest_route=%2Fwp%2Fv2%2Ftags&post=91390"}],"curies":[{"name":"wp","href":"https:\/\/api.w.org\/{rel}","templated":true}]}}