{"id":90377,"date":"2019-06-29T23:11:20","date_gmt":"2019-06-30T02:11:20","guid":{"rendered":"http:\/\/curva1kart.com.ar\/noticias\/?p=90377"},"modified":"2019-06-29T23:15:07","modified_gmt":"2019-06-30T02:15:07","slug":"chasis-listos-para-la-renovada-categoria-mini-del-nacional","status":"publish","type":"post","link":"https:\/\/curva1kart.com.ar\/noticias\/?p=90377","title":{"rendered":"Chasis listos para la renovada Categor\u00eda Mini del &#8220;nacional&#8221;"},"content":{"rendered":"<p><img loading=\"lazy\" decoding=\"async\" class=\"aligncenter size-full wp-image-90378\" src=\"http:\/\/curva1kart.com.ar\/noticias\/wp-content\/uploads\/2019\/06\/WhatsApp-Image-2019-06-29-at-18.19.41.jpeg\" alt=\"\" width=\"1280\" height=\"720\" srcset=\"http:\/\/curva1kart.com.ar\/noticias\/wp-content\/uploads\/2019\/06\/WhatsApp-Image-2019-06-29-at-18.19.41.jpeg 1280w, http:\/\/curva1kart.com.ar\/noticias\/wp-content\/uploads\/2019\/06\/WhatsApp-Image-2019-06-29-at-18.19.41-200x113.jpeg 200w, http:\/\/curva1kart.com.ar\/noticias\/wp-content\/uploads\/2019\/06\/WhatsApp-Image-2019-06-29-at-18.19.41-600x338.jpeg 600w, http:\/\/curva1kart.com.ar\/noticias\/wp-content\/uploads\/2019\/06\/WhatsApp-Image-2019-06-29-at-18.19.41-768x432.jpeg 768w, http:\/\/curva1kart.com.ar\/noticias\/wp-content\/uploads\/2019\/06\/WhatsApp-Image-2019-06-29-at-18.19.41-1024x576.jpeg 1024w, http:\/\/curva1kart.com.ar\/noticias\/wp-content\/uploads\/2019\/06\/WhatsApp-Image-2019-06-29-at-18.19.41-620x349.jpeg 620w\" sizes=\"auto, (max-width: 1280px) 100vw, 1280px\" \/><\/p>\n<p>Hace un par de temporadas el Campeonato Argentino de Karting cuenta con la categor\u00eda Mini, destinada para pilotos de 7 a 9 a\u00f1os y donde chasis y motor son provistos por la organizaci\u00f3n.<\/p>\n<p>Aquella divisional, hasta el a\u00f1o pasado us\u00f3 chasis RAD Kart y motores de 4 tiempos marca Shimura de 160cc sin cambios. Se coron\u00f3 campe\u00f3n Ayrton P\u00e9rez (Luj\u00e1n, Buenos Aires).<\/p>\n<p>Ahora, la &#8220;Mini&#8221; se renueva e ir\u00e1 con chasis CRG y motores IAME Mini Swift 60cc que tendr\u00e1 una brida, para disminuir su potencia respecto a la divisional Cadete.<\/p>\n<p><strong>&#8220;Ya tenemos listos los chasis, solo faltan detalles. Se mantiene el n\u00famero limitado a 12 participantes y creo que ya est\u00e1 completa para el primer evento que se corre en Z\u00e1rate&#8221;<\/strong> explic\u00f3 Gabriel Acu\u00f1a a Curva 1 KART.<\/p>\n<p>La categor\u00eda Mini es el primer paso, la clase m\u00e1s peque\u00f1a del Argentino de Kart y estar\u00e1 en pista el pr\u00f3ximo 5, 6 y 7 de julio en el circuito n\u00famero 1 de Z\u00e1rate, en el norte de Buenos Aires.<\/p>\n","protected":false},"excerpt":{"rendered":"<p>Hace un par de temporadas el Campeonato Argentino de Karting cuenta con la categor\u00eda Mini, destinada para pilotos de 7 a 9 a\u00f1os y donde chasis y motor son provistos por la organizaci\u00f3n. Aquella divisional, hasta el a\u00f1o pasado us\u00f3 chasis RAD Kart y motores de 4 tiempos marca Shimura de 160cc sin cambios. Se&#46;&#46;&#46;<\/p>\n","protected":false},"author":1,"featured_media":90378,"comment_status":"closed","ping_status":"closed","sticky":false,"template":"","format":"standard","meta":{"footnotes":""},"categories":[20],"tags":[],"class_list":["post-90377","post","type-post","status-publish","format-standard","has-post-thumbnail","hentry","category-argentino"],"yoast_head":"<!-- This site is optimized with the Yoast SEO Premium plugin v14.7 - https:\/\/yoast.com\/wordpress\/plugins\/seo\/ -->\n<title>Chasis listos para la renovada Categor\u00eda Mini del &quot;nacional&quot; - Curva 1 KART<\/title>\n<meta name=\"robots\" content=\"index, follow\" \/>\n<meta name=\"googlebot\" content=\"index, follow, max-snippet:-1, max-image-preview:large, max-video-preview:-1\" \/>\n<meta name=\"bingbot\" content=\"index, follow, max-snippet:-1, max-image-preview:large, max-video-preview:-1\" \/>\n<link rel=\"canonical\" href=\"https:\/\/curva1kart.com.ar\/noticias\/?p=90377\" \/>\n<meta property=\"og:locale\" content=\"en_US\" \/>\n<meta property=\"og:type\" content=\"article\" \/>\n<meta property=\"og:title\" content=\"Chasis listos para la renovada Categor\u00eda Mini del &quot;nacional&quot; - Curva 1 KART\" \/>\n<meta property=\"og:description\" content=\"Hace un par de temporadas el Campeonato Argentino de Karting cuenta con la categor\u00eda Mini, destinada para pilotos de 7 a 9 a\u00f1os y donde chasis y motor son provistos por la organizaci\u00f3n. Aquella divisional, hasta el a\u00f1o pasado us\u00f3 chasis RAD Kart y motores de 4 tiempos marca Shimura de 160cc sin cambios. Se&#046;&#046;&#046;\" \/>\n<meta property=\"og:url\" content=\"https:\/\/curva1kart.com.ar\/noticias\/?p=90377\" \/>\n<meta property=\"og:site_name\" content=\"Curva 1 KART\" \/>\n<meta property=\"article:publisher\" content=\"https:\/\/www.facebook.com\/curva1kart\/\" \/>\n<meta property=\"article:published_time\" content=\"2019-06-30T02:11:20+00:00\" \/>\n<meta property=\"article:modified_time\" content=\"2019-06-30T02:15:07+00:00\" \/>\n<meta property=\"og:image\" content=\"http:\/\/curva1kart.com.ar\/noticias\/wp-content\/uploads\/2019\/06\/WhatsApp-Image-2019-06-29-at-18.19.41.jpeg\" \/>\n\t<meta property=\"og:image:width\" content=\"1280\" \/>\n\t<meta property=\"og:image:height\" content=\"720\" \/>\n<meta property=\"fb:app_id\" content=\"104995992409\" \/>\n<meta name=\"twitter:card\" content=\"summary_large_image\" \/>\n<meta name=\"twitter:creator\" content=\"@Curva1KART\" \/>\n<meta name=\"twitter:site\" content=\"@Curva1KART\" \/>\n<script type=\"application\/ld+json\" class=\"yoast-schema-graph\">{\"@context\":\"https:\/\/schema.org\",\"@graph\":[{\"@type\":\"WebSite\",\"@id\":\"https:\/\/curva1kart.com.ar\/noticias\/#website\",\"url\":\"https:\/\/curva1kart.com.ar\/noticias\/\",\"name\":\"Curva 1 KART\",\"description\":\"Karting Argentino, Sudamericano e Internacional\",\"potentialAction\":[{\"@type\":\"SearchAction\",\"target\":\"https:\/\/curva1kart.com.ar\/noticias\/?s={search_term_string}\",\"query-input\":\"required name=search_term_string\"}],\"inLanguage\":\"en-US\"},{\"@type\":\"ImageObject\",\"@id\":\"https:\/\/curva1kart.com.ar\/noticias\/?p=90377#primaryimage\",\"inLanguage\":\"en-US\",\"url\":\"http:\/\/curva1kart.com.ar\/noticias\/wp-content\/uploads\/2019\/06\/WhatsApp-Image-2019-06-29-at-18.19.41.jpeg\",\"width\":1280,\"height\":720},{\"@type\":\"WebPage\",\"@id\":\"https:\/\/curva1kart.com.ar\/noticias\/?p=90377#webpage\",\"url\":\"https:\/\/curva1kart.com.ar\/noticias\/?p=90377\",\"name\":\"Chasis listos para la renovada Categor\\u00eda Mini del \\\"nacional\\\" - Curva 1 KART\",\"isPartOf\":{\"@id\":\"https:\/\/curva1kart.com.ar\/noticias\/#website\"},\"primaryImageOfPage\":{\"@id\":\"https:\/\/curva1kart.com.ar\/noticias\/?p=90377#primaryimage\"},\"datePublished\":\"2019-06-30T02:11:20+00:00\",\"dateModified\":\"2019-06-30T02:15:07+00:00\",\"author\":{\"@id\":\"https:\/\/curva1kart.com.ar\/noticias\/#\/schema\/person\/710d14304c85d21660d185f262399043\"},\"inLanguage\":\"en-US\",\"potentialAction\":[{\"@type\":\"ReadAction\",\"target\":[\"https:\/\/curva1kart.com.ar\/noticias\/?p=90377\"]}]},{\"@type\":[\"Person\"],\"@id\":\"https:\/\/curva1kart.com.ar\/noticias\/#\/schema\/person\/710d14304c85d21660d185f262399043\",\"name\":\"Jos\\u00e9 Bravo\"}]}<\/script>\n<!-- \/ Yoast SEO Premium plugin. -->","_links":{"self":[{"href":"https:\/\/curva1kart.com.ar\/noticias\/index.php?rest_route=\/wp\/v2\/posts\/90377","targetHints":{"allow":["GET"]}}],"collection":[{"href":"https:\/\/curva1kart.com.ar\/noticias\/index.php?rest_route=\/wp\/v2\/posts"}],"about":[{"href":"https:\/\/curva1kart.com.ar\/noticias\/index.php?rest_route=\/wp\/v2\/types\/post"}],"author":[{"embeddable":true,"href":"https:\/\/curva1kart.com.ar\/noticias\/index.php?rest_route=\/wp\/v2\/users\/1"}],"replies":[{"embeddable":true,"href":"https:\/\/curva1kart.com.ar\/noticias\/index.php?rest_route=%2Fwp%2Fv2%2Fcomments&post=90377"}],"version-history":[{"count":3,"href":"https:\/\/curva1kart.com.ar\/noticias\/index.php?rest_route=\/wp\/v2\/posts\/90377\/revisions"}],"predecessor-version":[{"id":90382,"href":"https:\/\/curva1kart.com.ar\/noticias\/index.php?rest_route=\/wp\/v2\/posts\/90377\/revisions\/90382"}],"wp:featuredmedia":[{"embeddable":true,"href":"https:\/\/curva1kart.com.ar\/noticias\/index.php?rest_route=\/wp\/v2\/media\/90378"}],"wp:attachment":[{"href":"https:\/\/curva1kart.com.ar\/noticias\/index.php?rest_route=%2Fwp%2Fv2%2Fmedia&parent=90377"}],"wp:term":[{"taxonomy":"category","embeddable":true,"href":"https:\/\/curva1kart.com.ar\/noticias\/index.php?rest_route=%2Fwp%2Fv2%2Fcategories&post=90377"},{"taxonomy":"post_tag","embeddable":true,"href":"https:\/\/curva1kart.com.ar\/noticias\/index.php?rest_route=%2Fwp%2Fv2%2Ftags&post=90377"}],"curies":[{"name":"wp","href":"https:\/\/api.w.org\/{rel}","templated":true}]}}