{"id":90128,"date":"2019-06-21T22:15:41","date_gmt":"2019-06-22T01:15:41","guid":{"rendered":"http:\/\/curva1kart.com.ar\/noticias\/?p=90128"},"modified":"2019-06-21T22:21:24","modified_gmt":"2019-06-22T01:21:24","slug":"el-cordobes-dianda-debuta-en-la-pre-junior-del-ic-series","status":"publish","type":"post","link":"https:\/\/curva1kart.com.ar\/noticias\/?p=90128","title":{"rendered":"El cordob\u00e9s Dianda debuta en la Pre Junior del IC Series"},"content":{"rendered":"<p><img loading=\"lazy\" decoding=\"async\" class=\"aligncenter size-full wp-image-90130\" src=\"http:\/\/curva1kart.com.ar\/noticias\/wp-content\/uploads\/2019\/06\/IMG_9845.jpg\" alt=\"\" width=\"960\" height=\"640\" srcset=\"http:\/\/curva1kart.com.ar\/noticias\/wp-content\/uploads\/2019\/06\/IMG_9845.jpg 960w, http:\/\/curva1kart.com.ar\/noticias\/wp-content\/uploads\/2019\/06\/IMG_9845-768x512.jpg 768w\" sizes=\"auto, (max-width: 960px) 100vw, 960px\" \/><\/p>\n<p>Luego de su participaci\u00f3n del domingo pasado en Rotax, el cordob\u00e9s Marco Dianda decidi\u00f3 dar el salto y comenzar su etapa en los chasis grandes y con mayor motorizaci\u00f3n.<\/p>\n<p>&#8220;La verdad es que por su contextura f\u00edsica ya estamos perdiendo bastante en algunas categor\u00edas, como pas\u00f3 en el Sudamericano Codasur de Brasil, donde por m\u00e1s manejo que tuvieramos, el peso no perjudicaba. Marco comenz\u00f3 a probar los chasis sudam con motores 125cc y se sinti\u00f3 muy c\u00f3modo&#8221; explic\u00f3 el padre del piloto oriundo de Guatimoz\u00edn.<\/p>\n<p>Por esto, Marco Dianda concretar\u00e1 su debut en la 125cc Pre J\u00fanior del campeonato IC Series, que se presenta este finde en Z\u00e1rate. Hoy hubo pr\u00e1cticas y este s\u00e1bado inicia la actividad oficial. Es fecha doble y ser\u00e1 el comienzo de una nueva etapa para el piloto del equipo Acosta Racing Kart.<\/p>\n<p><strong>CON MUCHA LLUVIA<\/strong><\/p>\n<p>Pese al cambio de categor\u00eda en IC Series, Dianda tiene la intenci\u00f3n de seguir siendo parte de la Mini Max de Rotax, donde el pasado fin de semana luch\u00f3 contra la lluvia que cubri\u00f3 el Kart\u00f3dromo de Buenos Aires.<\/p>\n<p>El s\u00e1bado los boxes y parte internas de la pista amanecieron inundadas, pero la organizaci\u00f3n trabaj\u00f3 y se pudo correr. El domingo continu\u00f3 lloviendo, por momentos fue un diluvio. Fue, sin dudas, la carrera con m\u00e1s agua en pista que vivi\u00f3 Marco Dianda que sobre el final expres\u00f3 <strong>&#8220;no fue nada f\u00e1cil correr as\u00ed, pero capturamos un cuarto puesto valioso en la final&#8221;.<\/strong><\/p>\n<p><img loading=\"lazy\" decoding=\"async\" class=\"aligncenter size-full wp-image-90133\" src=\"http:\/\/curva1kart.com.ar\/noticias\/wp-content\/uploads\/2019\/06\/IMG_9835.jpg\" alt=\"\" width=\"960\" height=\"640\" srcset=\"http:\/\/curva1kart.com.ar\/noticias\/wp-content\/uploads\/2019\/06\/IMG_9835.jpg 960w, http:\/\/curva1kart.com.ar\/noticias\/wp-content\/uploads\/2019\/06\/IMG_9835-768x512.jpg 768w\" sizes=\"auto, (max-width: 960px) 100vw, 960px\" \/> <img loading=\"lazy\" decoding=\"async\" class=\"aligncenter size-full wp-image-90132\" src=\"http:\/\/curva1kart.com.ar\/noticias\/wp-content\/uploads\/2019\/06\/IMG_9824.jpg\" alt=\"\" width=\"960\" height=\"640\" srcset=\"http:\/\/curva1kart.com.ar\/noticias\/wp-content\/uploads\/2019\/06\/IMG_9824.jpg 960w, http:\/\/curva1kart.com.ar\/noticias\/wp-content\/uploads\/2019\/06\/IMG_9824-768x512.jpg 768w\" sizes=\"auto, (max-width: 960px) 100vw, 960px\" \/> <img loading=\"lazy\" decoding=\"async\" class=\"aligncenter size-full wp-image-90131\" src=\"http:\/\/curva1kart.com.ar\/noticias\/wp-content\/uploads\/2019\/06\/IMG_9524.jpg\" alt=\"\" width=\"960\" height=\"640\" srcset=\"http:\/\/curva1kart.com.ar\/noticias\/wp-content\/uploads\/2019\/06\/IMG_9524.jpg 960w, http:\/\/curva1kart.com.ar\/noticias\/wp-content\/uploads\/2019\/06\/IMG_9524-768x512.jpg 768w\" sizes=\"auto, (max-width: 960px) 100vw, 960px\" \/><\/p>\n","protected":false},"excerpt":{"rendered":"<p>Luego de su participaci\u00f3n del domingo pasado en Rotax, el cordob\u00e9s Marco Dianda decidi\u00f3 dar el salto y comenzar su etapa en los chasis grandes y con mayor motorizaci\u00f3n. &#8220;La verdad es que por su contextura f\u00edsica ya estamos perdiendo bastante en algunas categor\u00edas, como pas\u00f3 en el Sudamericano Codasur de Brasil, donde por m\u00e1s&#46;&#46;&#46;<\/p>\n","protected":false},"author":1,"featured_media":90130,"comment_status":"closed","ping_status":"closed","sticky":false,"template":"","format":"standard","meta":{"footnotes":""},"categories":[267],"tags":[273],"class_list":["post-90128","post","type-post","status-publish","format-standard","has-post-thumbnail","hentry","category-iame-series-argentina","tag-diand"],"yoast_head":"<!-- This site is optimized with the Yoast SEO Premium plugin v14.7 - https:\/\/yoast.com\/wordpress\/plugins\/seo\/ -->\n<title>El cordob\u00e9s Dianda debuta en la Pre Junior del IC Series - Curva 1 KART<\/title>\n<meta name=\"robots\" content=\"index, follow\" \/>\n<meta name=\"googlebot\" content=\"index, follow, max-snippet:-1, max-image-preview:large, max-video-preview:-1\" \/>\n<meta name=\"bingbot\" content=\"index, follow, max-snippet:-1, max-image-preview:large, max-video-preview:-1\" \/>\n<link rel=\"canonical\" href=\"https:\/\/curva1kart.com.ar\/noticias\/?p=90128\" \/>\n<meta property=\"og:locale\" content=\"en_US\" \/>\n<meta property=\"og:type\" content=\"article\" \/>\n<meta property=\"og:title\" content=\"El cordob\u00e9s Dianda debuta en la Pre Junior del IC Series - Curva 1 KART\" \/>\n<meta property=\"og:description\" content=\"Luego de su participaci\u00f3n del domingo pasado en Rotax, el cordob\u00e9s Marco Dianda decidi\u00f3 dar el salto y comenzar su etapa en los chasis grandes y con mayor motorizaci\u00f3n. &#8220;La verdad es que por su contextura f\u00edsica ya estamos perdiendo bastante en algunas categor\u00edas, como pas\u00f3 en el Sudamericano Codasur de Brasil, donde por m\u00e1s&#046;&#046;&#046;\" \/>\n<meta property=\"og:url\" content=\"https:\/\/curva1kart.com.ar\/noticias\/?p=90128\" \/>\n<meta property=\"og:site_name\" content=\"Curva 1 KART\" \/>\n<meta property=\"article:publisher\" content=\"https:\/\/www.facebook.com\/curva1kart\/\" \/>\n<meta property=\"article:published_time\" content=\"2019-06-22T01:15:41+00:00\" \/>\n<meta property=\"article:modified_time\" content=\"2019-06-22T01:21:24+00:00\" \/>\n<meta property=\"og:image\" content=\"http:\/\/curva1kart.com.ar\/noticias\/wp-content\/uploads\/2019\/06\/IMG_9845.jpg\" \/>\n\t<meta property=\"og:image:width\" content=\"960\" \/>\n\t<meta property=\"og:image:height\" content=\"640\" \/>\n<meta property=\"fb:app_id\" content=\"104995992409\" \/>\n<meta name=\"twitter:card\" content=\"summary_large_image\" \/>\n<meta name=\"twitter:creator\" content=\"@Curva1KART\" \/>\n<meta name=\"twitter:site\" content=\"@Curva1KART\" \/>\n<script type=\"application\/ld+json\" class=\"yoast-schema-graph\">{\"@context\":\"https:\/\/schema.org\",\"@graph\":[{\"@type\":\"WebSite\",\"@id\":\"https:\/\/curva1kart.com.ar\/noticias\/#website\",\"url\":\"https:\/\/curva1kart.com.ar\/noticias\/\",\"name\":\"Curva 1 KART\",\"description\":\"Karting Argentino, Sudamericano e Internacional\",\"potentialAction\":[{\"@type\":\"SearchAction\",\"target\":\"https:\/\/curva1kart.com.ar\/noticias\/?s={search_term_string}\",\"query-input\":\"required name=search_term_string\"}],\"inLanguage\":\"en-US\"},{\"@type\":\"ImageObject\",\"@id\":\"https:\/\/curva1kart.com.ar\/noticias\/?p=90128#primaryimage\",\"inLanguage\":\"en-US\",\"url\":\"http:\/\/curva1kart.com.ar\/noticias\/wp-content\/uploads\/2019\/06\/IMG_9845.jpg\",\"width\":960,\"height\":640},{\"@type\":\"WebPage\",\"@id\":\"https:\/\/curva1kart.com.ar\/noticias\/?p=90128#webpage\",\"url\":\"https:\/\/curva1kart.com.ar\/noticias\/?p=90128\",\"name\":\"El cordob\\u00e9s Dianda debuta en la Pre Junior del IC Series - Curva 1 KART\",\"isPartOf\":{\"@id\":\"https:\/\/curva1kart.com.ar\/noticias\/#website\"},\"primaryImageOfPage\":{\"@id\":\"https:\/\/curva1kart.com.ar\/noticias\/?p=90128#primaryimage\"},\"datePublished\":\"2019-06-22T01:15:41+00:00\",\"dateModified\":\"2019-06-22T01:21:24+00:00\",\"author\":{\"@id\":\"https:\/\/curva1kart.com.ar\/noticias\/#\/schema\/person\/710d14304c85d21660d185f262399043\"},\"inLanguage\":\"en-US\",\"potentialAction\":[{\"@type\":\"ReadAction\",\"target\":[\"https:\/\/curva1kart.com.ar\/noticias\/?p=90128\"]}]},{\"@type\":[\"Person\"],\"@id\":\"https:\/\/curva1kart.com.ar\/noticias\/#\/schema\/person\/710d14304c85d21660d185f262399043\",\"name\":\"Jos\\u00e9 Bravo\"}]}<\/script>\n<!-- \/ Yoast SEO Premium plugin. -->","_links":{"self":[{"href":"https:\/\/curva1kart.com.ar\/noticias\/index.php?rest_route=\/wp\/v2\/posts\/90128","targetHints":{"allow":["GET"]}}],"collection":[{"href":"https:\/\/curva1kart.com.ar\/noticias\/index.php?rest_route=\/wp\/v2\/posts"}],"about":[{"href":"https:\/\/curva1kart.com.ar\/noticias\/index.php?rest_route=\/wp\/v2\/types\/post"}],"author":[{"embeddable":true,"href":"https:\/\/curva1kart.com.ar\/noticias\/index.php?rest_route=\/wp\/v2\/users\/1"}],"replies":[{"embeddable":true,"href":"https:\/\/curva1kart.com.ar\/noticias\/index.php?rest_route=%2Fwp%2Fv2%2Fcomments&post=90128"}],"version-history":[{"count":4,"href":"https:\/\/curva1kart.com.ar\/noticias\/index.php?rest_route=\/wp\/v2\/posts\/90128\/revisions"}],"predecessor-version":[{"id":90138,"href":"https:\/\/curva1kart.com.ar\/noticias\/index.php?rest_route=\/wp\/v2\/posts\/90128\/revisions\/90138"}],"wp:featuredmedia":[{"embeddable":true,"href":"https:\/\/curva1kart.com.ar\/noticias\/index.php?rest_route=\/wp\/v2\/media\/90130"}],"wp:attachment":[{"href":"https:\/\/curva1kart.com.ar\/noticias\/index.php?rest_route=%2Fwp%2Fv2%2Fmedia&parent=90128"}],"wp:term":[{"taxonomy":"category","embeddable":true,"href":"https:\/\/curva1kart.com.ar\/noticias\/index.php?rest_route=%2Fwp%2Fv2%2Fcategories&post=90128"},{"taxonomy":"post_tag","embeddable":true,"href":"https:\/\/curva1kart.com.ar\/noticias\/index.php?rest_route=%2Fwp%2Fv2%2Ftags&post=90128"}],"curies":[{"name":"wp","href":"https:\/\/api.w.org\/{rel}","templated":true}]}}