{"id":88663,"date":"2019-04-26T10:54:00","date_gmt":"2019-04-26T13:54:00","guid":{"rendered":"http:\/\/curva1kart.com.ar\/noticias\/?p=88663"},"modified":"2019-04-26T14:56:25","modified_gmt":"2019-04-26T17:56:25","slug":"cordoba-kartodromo-de-jovita-recibe-la-segunda-del-tierrero-zona-sur","status":"publish","type":"post","link":"https:\/\/curva1kart.com.ar\/noticias\/?p=88663","title":{"rendered":"CORDOBA. Kart\u00f3dromo de Jovita recibe la segunda del tierrero zona sur"},"content":{"rendered":"<div id=\"attachment_88664\" style=\"width: 303px\" class=\"wp-caption alignleft\"><img loading=\"lazy\" decoding=\"async\" aria-describedby=\"caption-attachment-88664\" class=\"wp-image-88664\" src=\"http:\/\/curva1kart.com.ar\/noticias\/wp-content\/uploads\/2019\/04\/Kart-Sur-Nicol\u00e1s-Blanco-240x136.jpg\" alt=\"\" width=\"293\" height=\"166\" srcset=\"http:\/\/curva1kart.com.ar\/noticias\/wp-content\/uploads\/2019\/04\/Kart-Sur-Nicol\u00e1s-Blanco-240x136.jpg 500w, http:\/\/curva1kart.com.ar\/noticias\/wp-content\/uploads\/2019\/04\/Kart-Sur-Nicol\u00e1s-Blanco-240x136-200x113.jpg 200w, http:\/\/curva1kart.com.ar\/noticias\/wp-content\/uploads\/2019\/04\/Kart-Sur-Nicol\u00e1s-Blanco-240x136-600x338.jpg 600w, http:\/\/curva1kart.com.ar\/noticias\/wp-content\/uploads\/2019\/04\/Kart-Sur-Nicol\u00e1s-Blanco-240x136-620x349.jpg 620w\" sizes=\"auto, (max-width: 293px) 100vw, 293px\" \/><p id=\"caption-attachment-88664\" class=\"wp-caption-text\">Fradcba<\/p><\/div>\n<p>El pr\u00f3ximo domingo, se llevar\u00e1 a cabo en la localidad de Jovita la segunda fecha del zonal de Karting sobre tierra correspondiente al Sur de la provincia de C\u00f3rdoba. Desde las 8 hs., se realizar\u00e1n las inscripciones, tras lo cual se iniciar\u00e1 la actividad en pista.<\/p>\n<p>El episodio anterior del certamen se concret\u00f3 en Laboulaye, en el marco de la apertura del Provincial cordob\u00e9s de la disciplina, organizada por el Automoto Club Ricardo Risatti.<\/p>\n<p>En aquella oportunidad, fueron ganadores de las finales Benjamin Quarin (Monomarca Infantil), Bautista Conti (Monomarca 110), Lucas Fertonani (150 Menores), Ian Pierantonelli (150 Cadetes), Maximiliano Puecher (150 Graduados), Ariel Anaya (150 Senior), Ignacio Ruiz (150 Libre), Ignacio Siro (125 Libre), Juan Menta (Internacional Graduados), Brian Lucietti y Agust\u00edn Bovone (Internacional Cadetes; finales A y B).<\/p>\n","protected":false},"excerpt":{"rendered":"<p>El pr\u00f3ximo domingo, se llevar\u00e1 a cabo en la localidad de Jovita la segunda fecha del zonal de Karting sobre tierra correspondiente al Sur de la provincia de C\u00f3rdoba. Desde las 8 hs., se realizar\u00e1n las inscripciones, tras lo cual se iniciar\u00e1 la actividad en pista. El episodio anterior del certamen se concret\u00f3 en Laboulaye,&#46;&#46;&#46;<\/p>\n","protected":false},"author":1,"featured_media":88664,"comment_status":"closed","ping_status":"closed","sticky":false,"template":"","format":"standard","meta":{"footnotes":""},"categories":[9],"tags":[],"class_list":["post-88663","post","type-post","status-publish","format-standard","has-post-thumbnail","hentry","category-argentina"],"yoast_head":"<!-- This site is optimized with the Yoast SEO Premium plugin v14.7 - https:\/\/yoast.com\/wordpress\/plugins\/seo\/ -->\n<title>CORDOBA. Kart\u00f3dromo de Jovita recibe la segunda del tierrero zona sur - Curva 1 KART<\/title>\n<meta name=\"robots\" content=\"index, follow\" \/>\n<meta name=\"googlebot\" content=\"index, follow, max-snippet:-1, max-image-preview:large, max-video-preview:-1\" \/>\n<meta name=\"bingbot\" content=\"index, follow, max-snippet:-1, max-image-preview:large, max-video-preview:-1\" \/>\n<link rel=\"canonical\" href=\"https:\/\/curva1kart.com.ar\/noticias\/?p=88663\" \/>\n<meta property=\"og:locale\" content=\"en_US\" \/>\n<meta property=\"og:type\" content=\"article\" \/>\n<meta property=\"og:title\" content=\"CORDOBA. Kart\u00f3dromo de Jovita recibe la segunda del tierrero zona sur - Curva 1 KART\" \/>\n<meta property=\"og:description\" content=\"El pr\u00f3ximo domingo, se llevar\u00e1 a cabo en la localidad de Jovita la segunda fecha del zonal de Karting sobre tierra correspondiente al Sur de la provincia de C\u00f3rdoba. Desde las 8 hs., se realizar\u00e1n las inscripciones, tras lo cual se iniciar\u00e1 la actividad en pista. El episodio anterior del certamen se concret\u00f3 en Laboulaye,&#046;&#046;&#046;\" \/>\n<meta property=\"og:url\" content=\"https:\/\/curva1kart.com.ar\/noticias\/?p=88663\" \/>\n<meta property=\"og:site_name\" content=\"Curva 1 KART\" \/>\n<meta property=\"article:publisher\" content=\"https:\/\/www.facebook.com\/curva1kart\/\" \/>\n<meta property=\"article:published_time\" content=\"2019-04-26T13:54:00+00:00\" \/>\n<meta property=\"article:modified_time\" content=\"2019-04-26T17:56:25+00:00\" \/>\n<meta property=\"og:image\" content=\"http:\/\/curva1kart.com.ar\/noticias\/wp-content\/uploads\/2019\/04\/Kart-Sur-Nicol\u00e1s-Blanco-240x136.jpg\" \/>\n\t<meta property=\"og:image:width\" content=\"500\" \/>\n\t<meta property=\"og:image:height\" content=\"283\" \/>\n<meta property=\"fb:app_id\" content=\"104995992409\" \/>\n<meta name=\"twitter:card\" content=\"summary_large_image\" \/>\n<meta name=\"twitter:creator\" content=\"@Curva1KART\" \/>\n<meta name=\"twitter:site\" content=\"@Curva1KART\" \/>\n<script type=\"application\/ld+json\" class=\"yoast-schema-graph\">{\"@context\":\"https:\/\/schema.org\",\"@graph\":[{\"@type\":\"WebSite\",\"@id\":\"https:\/\/curva1kart.com.ar\/noticias\/#website\",\"url\":\"https:\/\/curva1kart.com.ar\/noticias\/\",\"name\":\"Curva 1 KART\",\"description\":\"Karting Argentino, Sudamericano e Internacional\",\"potentialAction\":[{\"@type\":\"SearchAction\",\"target\":\"https:\/\/curva1kart.com.ar\/noticias\/?s={search_term_string}\",\"query-input\":\"required name=search_term_string\"}],\"inLanguage\":\"en-US\"},{\"@type\":\"ImageObject\",\"@id\":\"https:\/\/curva1kart.com.ar\/noticias\/?p=88663#primaryimage\",\"inLanguage\":\"en-US\",\"url\":\"http:\/\/curva1kart.com.ar\/noticias\/wp-content\/uploads\/2019\/04\/Kart-Sur-Nicol\\u00e1s-Blanco-240x136.jpg\",\"width\":500,\"height\":283},{\"@type\":\"WebPage\",\"@id\":\"https:\/\/curva1kart.com.ar\/noticias\/?p=88663#webpage\",\"url\":\"https:\/\/curva1kart.com.ar\/noticias\/?p=88663\",\"name\":\"CORDOBA. Kart\\u00f3dromo de Jovita recibe la segunda del tierrero zona sur - Curva 1 KART\",\"isPartOf\":{\"@id\":\"https:\/\/curva1kart.com.ar\/noticias\/#website\"},\"primaryImageOfPage\":{\"@id\":\"https:\/\/curva1kart.com.ar\/noticias\/?p=88663#primaryimage\"},\"datePublished\":\"2019-04-26T13:54:00+00:00\",\"dateModified\":\"2019-04-26T17:56:25+00:00\",\"author\":{\"@id\":\"https:\/\/curva1kart.com.ar\/noticias\/#\/schema\/person\/710d14304c85d21660d185f262399043\"},\"inLanguage\":\"en-US\",\"potentialAction\":[{\"@type\":\"ReadAction\",\"target\":[\"https:\/\/curva1kart.com.ar\/noticias\/?p=88663\"]}]},{\"@type\":[\"Person\"],\"@id\":\"https:\/\/curva1kart.com.ar\/noticias\/#\/schema\/person\/710d14304c85d21660d185f262399043\",\"name\":\"Jos\\u00e9 Bravo\"}]}<\/script>\n<!-- \/ Yoast SEO Premium plugin. -->","_links":{"self":[{"href":"https:\/\/curva1kart.com.ar\/noticias\/index.php?rest_route=\/wp\/v2\/posts\/88663","targetHints":{"allow":["GET"]}}],"collection":[{"href":"https:\/\/curva1kart.com.ar\/noticias\/index.php?rest_route=\/wp\/v2\/posts"}],"about":[{"href":"https:\/\/curva1kart.com.ar\/noticias\/index.php?rest_route=\/wp\/v2\/types\/post"}],"author":[{"embeddable":true,"href":"https:\/\/curva1kart.com.ar\/noticias\/index.php?rest_route=\/wp\/v2\/users\/1"}],"replies":[{"embeddable":true,"href":"https:\/\/curva1kart.com.ar\/noticias\/index.php?rest_route=%2Fwp%2Fv2%2Fcomments&post=88663"}],"version-history":[{"count":1,"href":"https:\/\/curva1kart.com.ar\/noticias\/index.php?rest_route=\/wp\/v2\/posts\/88663\/revisions"}],"predecessor-version":[{"id":88665,"href":"https:\/\/curva1kart.com.ar\/noticias\/index.php?rest_route=\/wp\/v2\/posts\/88663\/revisions\/88665"}],"wp:featuredmedia":[{"embeddable":true,"href":"https:\/\/curva1kart.com.ar\/noticias\/index.php?rest_route=\/wp\/v2\/media\/88664"}],"wp:attachment":[{"href":"https:\/\/curva1kart.com.ar\/noticias\/index.php?rest_route=%2Fwp%2Fv2%2Fmedia&parent=88663"}],"wp:term":[{"taxonomy":"category","embeddable":true,"href":"https:\/\/curva1kart.com.ar\/noticias\/index.php?rest_route=%2Fwp%2Fv2%2Fcategories&post=88663"},{"taxonomy":"post_tag","embeddable":true,"href":"https:\/\/curva1kart.com.ar\/noticias\/index.php?rest_route=%2Fwp%2Fv2%2Ftags&post=88663"}],"curies":[{"name":"wp","href":"https:\/\/api.w.org\/{rel}","templated":true}]}}