{"id":76951,"date":"2017-10-17T11:09:46","date_gmt":"2017-10-17T14:09:46","guid":{"rendered":"http:\/\/curva1kart.com.ar\/noticias\/?p=76951"},"modified":"2017-10-17T11:10:38","modified_gmt":"2017-10-17T14:10:38","slug":"entre-rios-se-conocio-el-primer-campeon-en-concepcion-del-uruguay","status":"publish","type":"post","link":"https:\/\/curva1kart.com.ar\/noticias\/?p=76951","title":{"rendered":"ENTRE RIOS. Se conoci\u00f3 el primer campe\u00f3n en Concepci\u00f3n del Uruguay"},"content":{"rendered":"<p><img loading=\"lazy\" decoding=\"async\" class=\"aligncenter size-full wp-image-76952\" src=\"http:\/\/curva1kart.com.ar\/noticias\/wp-content\/uploads\/2017\/10\/22448570_1389961034463520_5457384346702491734_n.jpg\" alt=\"\" width=\"800\" height=\"453\" srcset=\"http:\/\/curva1kart.com.ar\/noticias\/wp-content\/uploads\/2017\/10\/22448570_1389961034463520_5457384346702491734_n.jpg 800w, http:\/\/curva1kart.com.ar\/noticias\/wp-content\/uploads\/2017\/10\/22448570_1389961034463520_5457384346702491734_n-200x113.jpg 200w, http:\/\/curva1kart.com.ar\/noticias\/wp-content\/uploads\/2017\/10\/22448570_1389961034463520_5457384346702491734_n-768x435.jpg 768w\" sizes=\"auto, (max-width: 800px) 100vw, 800px\" \/><\/p>\n<p>Con 137 karts y buen marco de p\u00fablico, se llev\u00f3 a cabo la octava fecha del Karting Entrerriano en Concepci\u00f3n del Uruguay. Markel, Berta, S Tersich, Lucero, Fiorotto, Burruchaga, Monta\u00f1ana, Fulini y fueron los vencedores y ya hubo un campe\u00f3n: Gero Berta en la 125 Light. Benja Traverso en la Escuela, qued\u00f3 a un punto del t\u00edtulo.<\/p>\n<p>Pese a los retornos y debuts que se dieron para esta cita, el parque se vio levemente reducido con respecto a la fecha pasada. 136 fueron los karts presentes. No es el mejor momento de la 125 Light y la Promocional, ambas presentando una sola cifra de karts (7 y 8, respectivamente), en tanto que la 150 \u201cC\u201d (de 15 a 19) y la Escuela (de 10 a 12), fueron las \u00fanicas divisionales que aumentaron su parque con respecto a la s\u00e9ptima fecha.<\/p>\n<p>Las clasificaciones sabatinas tuvieron como hombres m\u00e1s r\u00e1pidos a: Joaqu\u00edn Camet (57s455\/1000) en la 125 Internacional; Juan Pablo Guiffrey (1m00s581\/1000) en la 125 Light; Franco Balbuena (1m03s465\/1000) en la 150 Mayores \u201cA\u201d; Hilario Burruchaga (1m04s099\/1000) en la 150 Mayores \u201cB\u201d; Walter Monta\u00f1ana (1m04s714\/1000); Agust\u00edn Fulini (1m06s692\/1000) en la Promocional y Juli\u00e1n Berti (1m07s358\/1000) en la Escuela.<\/p>\n<p>El generoso largo y ancho del trazado uruguayense, posibilit\u00f3 como siempre muy buenos espect\u00e1culos en pista, tanto en las finales como en las series disputadas en el d\u00eda de hoy.<\/p>\n<p><img loading=\"lazy\" decoding=\"async\" class=\"aligncenter size-full wp-image-76953\" src=\"http:\/\/curva1kart.com.ar\/noticias\/wp-content\/uploads\/2017\/10\/22449774_1389960737796883_3017297022050934227_n.jpg\" alt=\"\" width=\"800\" height=\"600\" srcset=\"http:\/\/curva1kart.com.ar\/noticias\/wp-content\/uploads\/2017\/10\/22449774_1389960737796883_3017297022050934227_n.jpg 800w, http:\/\/curva1kart.com.ar\/noticias\/wp-content\/uploads\/2017\/10\/22449774_1389960737796883_3017297022050934227_n-768x576.jpg 768w\" sizes=\"auto, (max-width: 800px) 100vw, 800px\" \/><\/p>\n<p><strong>FINALES<\/strong><\/p>\n<p>Dami\u00e1n Markel logr\u00f3 el cuarto triunfo del a\u00f1o en la 125 Internacional y estir\u00f3 a 17 puntos la diferencia en el campeonato con el segundo de la carrera, Joaqu\u00edn Camet, en tanto que el tercero del certamen, Joaqu\u00edn Bonnet, complet\u00f3 el podio. En 125 Light, Ger\u00f3nimo Berta gan\u00f3 por quinta ocasi\u00f3n en la temporada y se coron\u00f3 campe\u00f3n con dos fechas de anticipaci\u00f3n, tras ser escoltado por Juan Pablo Guiffrey y Valent\u00edn Sigot.<\/p>\n<p>Santiago Tersich (tercer triunfo del a\u00f1o) y Esteban Lucero (por segunda vez en la categor\u00eda) vencieron en la 150 \u201cA\u201d y dejaron el campeonato al rojo vivo, gracias a la exclusi\u00f3n por t\u00e9cnica del puntero Franco Balbuena (ganador en pista de la Final A). En la 150 \u201cB\u201d, vencieron Luciano Fiorotto por primera vez y el l\u00edder del campeonato Hilario Burruchaga, tras la exclusi\u00f3n por t\u00e9cnica del ganador en pista Juan Ahibe.<\/p>\n<p>En la 150 \u201cC\u201d volvi\u00f3 a la victoria Walter Monta\u00f1ana y Juan Manuel Franchini fue su escolta y estir\u00f3 a 35 puntos la diferencia con el escolta en el campeonato, Mart\u00edn Palavecino. En la Promocional, Agustin Fulini le gan\u00f3 la batalla de todo el fin de semana a Tom\u00e1s Pellandino y ampli\u00f3 a 22 puntos la ventaja en el campeonato con el uruguayense.<\/p>\n<p>Y por \u00faltimo, en la Escuela, Juli\u00e1n Berti se llev\u00f3 todo lo que hubo en juego y le priv\u00f3 el festejo anticipado a Benjam\u00edn Traverso por dos puntos. A Traverso le alcanza con presentarse en la fecha que viene y que su rival Berti no haga la pole para ser campe\u00f3n.<\/p>\n<p><img loading=\"lazy\" decoding=\"async\" class=\"aligncenter size-full wp-image-76954\" src=\"http:\/\/curva1kart.com.ar\/noticias\/wp-content\/uploads\/2017\/10\/22489862_1389960741130216_3759418469654293293_n.jpg\" alt=\"\" width=\"800\" height=\"447\" srcset=\"http:\/\/curva1kart.com.ar\/noticias\/wp-content\/uploads\/2017\/10\/22489862_1389960741130216_3759418469654293293_n.jpg 800w, http:\/\/curva1kart.com.ar\/noticias\/wp-content\/uploads\/2017\/10\/22489862_1389960741130216_3759418469654293293_n-200x113.jpg 200w, http:\/\/curva1kart.com.ar\/noticias\/wp-content\/uploads\/2017\/10\/22489862_1389960741130216_3759418469654293293_n-768x429.jpg 768w\" sizes=\"auto, (max-width: 800px) 100vw, 800px\" \/><\/p>\n<p><strong>Resultados por categor\u00eda<\/strong><\/p>\n<p>125 Internacional (22 karts): 1\u00b0Dami\u00e1n Markel, 2\u00b0Joaquin Camet, 3\u00b0Joaqu\u00edn Bonnet, 4\u00b0Agust\u00edn Martinez, 5\u00b0Alejandro Wagner, 6\u00b0Malco Estebenet, 7\u00b0Pablo Zapata, 8\u00b0Juan Percara, 9\u00b0Matias Bonvin, 10\u00b0Sofia Percara. 15\u00b0Mat\u00edas Squarzon (debutante).<\/p>\n<p>125 Light (7 karts): 1\u00b0Ger\u00f3nimo Berta, 2\u00b0Juan Pablo Guiffrey, 3\u00b0Valent\u00edn Sigot, 4\u00b0Tom\u00e1s Charadia, 5\u00b0Theo Firpo. Abandonaron Juan Casagrande y Mateo Guzm\u00e1n.<\/p>\n<p>150 Mayores \u201cA\u201d, Final A (19 karts): 1\u00b0Santiago Tersich, 2\u00b0I\u00f1aki Gonz\u00e1lez, 3\u00b0Heber Lamboglia, 4\u00b0Luciano Lung, 5\u00b0Rodrigo Avit, 6\u00b0Natalio Demarchi, 7\u00b0Federico Lonardi, 8\u00b0Esteban Monje, 9\u00b0Juli\u00e1n Francia, 10\u00b0Franco Cecchini.<\/p>\n<p>150 Mayores \u201cA\u201d, Final B (18 karts): 1\u00b0Esteban Lucero, 2\u00b0Juan Pablo Cabrol, 3\u00b0Franco Bozo, 4\u00b0Facundo Main, 5\u00b0Nicol\u00e1s Galvarini, 6\u00b0Guillermo Su\u00e1rez, 7\u00b0Cristian Lieutier, 8\u00b0Juan Gurnel, 9\u00b0Victorio Ballay, 10\u00b0Luis Letroye.<\/p>\n<p>150 Mayores \u201cB\u201d, Final A (16 karts): 1\u00b0Luciano Fiorotto, 2\u00b0Christian Stehle, 3\u00b0Lucio Coniberti, 4\u00b0Iv\u00e1n S\u00e1nchez, 5\u00b0Leandro Gonz\u00e1lez, 6\u00b0Octavio Mard\u00f3n, 7\u00b0Martin Armanazqui, 8\u00b0Federico Bonelli, 9\u00b0Alejandro Urchuegu\u00eda, 10\u00b0Agustin Slobodia\u00f1iuk.<\/p>\n<p>150 Mayores \u201cB\u201d, Final B (16 karts): 1\u00b0Hilario Burruchaga, 2\u00b0Joaqu\u00edn Tellis, 3\u00b0Matias Armanazqui, 4\u00b0Juan Manuel Franchini, 5\u00b0Franco Fernandez, 6\u00b0Julio Benzi, 7\u00b0Martin Miraglio, 8\u00b0Carlos Dodera, 9\u00b0Paulo Alfaro, 10\u00b0Rodrigo Salvarezza.<\/p>\n<p>150 Mayores \u201cC\u201d (19 karts): 1\u00b0Walter Monta\u00f1ana, 2\u00b0Juan Manuel Franchini, 3\u00b0Gaspar Perlestein, 4\u00b0Luis Szczech, 5\u00b0Nicol\u00e1s Gianelo, 6\u00b0Francisco Michelli, 7\u00b0Dario Dappen, 8\u00b0Leonardo Osengar, 9\u00b0Esteban Parravicini, 10\u00b0Ismael Lugr\u00edn.<\/p>\n<p>110 Promocional (8 karts): 1\u00b0Agustin Fulini, 2\u00b0Tom\u00e1s Pellandino, 3\u00b0Juan Manuel Laplacette, 4\u00b0Nazareno L\u00f3pez, 5\u00b0Juan Torreta, 6\u00b0Uriel Schmuckler, 7\u00b0Valent\u00edn Coffy, 8\u00b0Dante Moreira a 9 vueltas.<\/p>\n<p>110 Escuela (12 karts): 1\u00b0Juli\u00e1n Berti, 2\u00b0 Uriel Rodriguez, 3\u00b0Benjam\u00edn Traverso, 4\u00b0Ayrton P\u00e9rez, 5\u00b0Manuel Cergneaux, 6\u00b0Tom\u00e1s Arosio, 7\u00b0Mateo Lang, 8\u00b0Marco Fenoglio, 9\u00b0Tadeo Basconcellos, 10\u00b0Matias Druetta, 11\u00b0Agustin Gabioud y 12\u00b0Nereo Cipolat (debutante).<\/p>\n<p>La pr\u00f3xima fecha ser\u00e1 el Pre Coronaci\u00f3n 25 y 26 de Noviembre, en escenario a confirmar.<\/p>\n<p><img loading=\"lazy\" decoding=\"async\" class=\"aligncenter size-full wp-image-76957\" src=\"http:\/\/curva1kart.com.ar\/noticias\/wp-content\/uploads\/2017\/10\/22528298_1389960987796858_1995351933261079368_n.jpg\" alt=\"\" width=\"800\" height=\"371\" srcset=\"http:\/\/curva1kart.com.ar\/noticias\/wp-content\/uploads\/2017\/10\/22528298_1389960987796858_1995351933261079368_n.jpg 800w, http:\/\/curva1kart.com.ar\/noticias\/wp-content\/uploads\/2017\/10\/22528298_1389960987796858_1995351933261079368_n-768x356.jpg 768w\" sizes=\"auto, (max-width: 800px) 100vw, 800px\" \/> <img loading=\"lazy\" decoding=\"async\" class=\"aligncenter size-full wp-image-76956\" src=\"http:\/\/curva1kart.com.ar\/noticias\/wp-content\/uploads\/2017\/10\/22519359_1389961054463518_2812464003383873171_n.jpg\" alt=\"\" width=\"800\" height=\"411\" srcset=\"http:\/\/curva1kart.com.ar\/noticias\/wp-content\/uploads\/2017\/10\/22519359_1389961054463518_2812464003383873171_n.jpg 800w, http:\/\/curva1kart.com.ar\/noticias\/wp-content\/uploads\/2017\/10\/22519359_1389961054463518_2812464003383873171_n-768x395.jpg 768w\" sizes=\"auto, (max-width: 800px) 100vw, 800px\" \/> <img loading=\"lazy\" decoding=\"async\" class=\"aligncenter size-full wp-image-76955\" src=\"http:\/\/curva1kart.com.ar\/noticias\/wp-content\/uploads\/2017\/10\/22490105_1389960841130206_2598085594527749904_n.jpg\" alt=\"\" width=\"800\" height=\"408\" srcset=\"http:\/\/curva1kart.com.ar\/noticias\/wp-content\/uploads\/2017\/10\/22490105_1389960841130206_2598085594527749904_n.jpg 800w, http:\/\/curva1kart.com.ar\/noticias\/wp-content\/uploads\/2017\/10\/22490105_1389960841130206_2598085594527749904_n-768x392.jpg 768w\" sizes=\"auto, (max-width: 800px) 100vw, 800px\" \/><\/p>\n<p>PRENSA AZKRU: RODRIGO BOUVET<\/p>\n","protected":false},"excerpt":{"rendered":"<p>Con 137 karts y buen marco de p\u00fablico, se llev\u00f3 a cabo la octava fecha del Karting Entrerriano en Concepci\u00f3n del Uruguay. Markel, Berta, S Tersich, Lucero, Fiorotto, Burruchaga, Monta\u00f1ana, Fulini y fueron los vencedores y ya hubo un campe\u00f3n: Gero Berta en la 125 Light. Benja Traverso en la Escuela, qued\u00f3 a un punto&#46;&#46;&#46;<\/p>\n","protected":false},"author":1,"featured_media":76952,"comment_status":"closed","ping_status":"closed","sticky":false,"template":"","format":"standard","meta":{"footnotes":""},"categories":[9],"tags":[],"class_list":["post-76951","post","type-post","status-publish","format-standard","has-post-thumbnail","hentry","category-argentina"],"yoast_head":"<!-- This site is optimized with the Yoast SEO Premium plugin v14.7 - https:\/\/yoast.com\/wordpress\/plugins\/seo\/ -->\n<title>ENTRE RIOS. Se conoci\u00f3 el primer campe\u00f3n en Concepci\u00f3n del Uruguay - Curva 1 KART<\/title>\n<meta name=\"robots\" content=\"index, follow\" \/>\n<meta name=\"googlebot\" content=\"index, follow, max-snippet:-1, max-image-preview:large, max-video-preview:-1\" \/>\n<meta name=\"bingbot\" content=\"index, follow, max-snippet:-1, max-image-preview:large, max-video-preview:-1\" \/>\n<link rel=\"canonical\" href=\"https:\/\/curva1kart.com.ar\/noticias\/?p=76951\" \/>\n<meta property=\"og:locale\" content=\"en_US\" \/>\n<meta property=\"og:type\" content=\"article\" \/>\n<meta property=\"og:title\" content=\"ENTRE RIOS. Se conoci\u00f3 el primer campe\u00f3n en Concepci\u00f3n del Uruguay - Curva 1 KART\" \/>\n<meta property=\"og:description\" content=\"Con 137 karts y buen marco de p\u00fablico, se llev\u00f3 a cabo la octava fecha del Karting Entrerriano en Concepci\u00f3n del Uruguay. Markel, Berta, S Tersich, Lucero, Fiorotto, Burruchaga, Monta\u00f1ana, Fulini y fueron los vencedores y ya hubo un campe\u00f3n: Gero Berta en la 125 Light. Benja Traverso en la Escuela, qued\u00f3 a un punto&#046;&#046;&#046;\" \/>\n<meta property=\"og:url\" content=\"https:\/\/curva1kart.com.ar\/noticias\/?p=76951\" \/>\n<meta property=\"og:site_name\" content=\"Curva 1 KART\" \/>\n<meta property=\"article:publisher\" content=\"https:\/\/www.facebook.com\/curva1kart\/\" \/>\n<meta property=\"article:published_time\" content=\"2017-10-17T14:09:46+00:00\" \/>\n<meta property=\"article:modified_time\" content=\"2017-10-17T14:10:38+00:00\" \/>\n<meta property=\"og:image\" content=\"http:\/\/curva1kart.com.ar\/noticias\/wp-content\/uploads\/2017\/10\/22448570_1389961034463520_5457384346702491734_n.jpg\" \/>\n\t<meta property=\"og:image:width\" content=\"800\" \/>\n\t<meta property=\"og:image:height\" content=\"453\" \/>\n<meta property=\"fb:app_id\" content=\"104995992409\" \/>\n<meta name=\"twitter:card\" content=\"summary_large_image\" \/>\n<meta name=\"twitter:creator\" content=\"@Curva1KART\" \/>\n<meta name=\"twitter:site\" content=\"@Curva1KART\" \/>\n<script type=\"application\/ld+json\" class=\"yoast-schema-graph\">{\"@context\":\"https:\/\/schema.org\",\"@graph\":[{\"@type\":\"WebSite\",\"@id\":\"https:\/\/curva1kart.com.ar\/noticias\/#website\",\"url\":\"https:\/\/curva1kart.com.ar\/noticias\/\",\"name\":\"Curva 1 KART\",\"description\":\"Karting Argentino, Sudamericano e Internacional\",\"potentialAction\":[{\"@type\":\"SearchAction\",\"target\":\"https:\/\/curva1kart.com.ar\/noticias\/?s={search_term_string}\",\"query-input\":\"required name=search_term_string\"}],\"inLanguage\":\"en-US\"},{\"@type\":\"ImageObject\",\"@id\":\"https:\/\/curva1kart.com.ar\/noticias\/?p=76951#primaryimage\",\"inLanguage\":\"en-US\",\"url\":\"http:\/\/curva1kart.com.ar\/noticias\/wp-content\/uploads\/2017\/10\/22448570_1389961034463520_5457384346702491734_n.jpg\",\"width\":800,\"height\":453},{\"@type\":\"WebPage\",\"@id\":\"https:\/\/curva1kart.com.ar\/noticias\/?p=76951#webpage\",\"url\":\"https:\/\/curva1kart.com.ar\/noticias\/?p=76951\",\"name\":\"ENTRE RIOS. Se conoci\\u00f3 el primer campe\\u00f3n en Concepci\\u00f3n del Uruguay - Curva 1 KART\",\"isPartOf\":{\"@id\":\"https:\/\/curva1kart.com.ar\/noticias\/#website\"},\"primaryImageOfPage\":{\"@id\":\"https:\/\/curva1kart.com.ar\/noticias\/?p=76951#primaryimage\"},\"datePublished\":\"2017-10-17T14:09:46+00:00\",\"dateModified\":\"2017-10-17T14:10:38+00:00\",\"author\":{\"@id\":\"https:\/\/curva1kart.com.ar\/noticias\/#\/schema\/person\/710d14304c85d21660d185f262399043\"},\"inLanguage\":\"en-US\",\"potentialAction\":[{\"@type\":\"ReadAction\",\"target\":[\"https:\/\/curva1kart.com.ar\/noticias\/?p=76951\"]}]},{\"@type\":[\"Person\"],\"@id\":\"https:\/\/curva1kart.com.ar\/noticias\/#\/schema\/person\/710d14304c85d21660d185f262399043\",\"name\":\"Jos\\u00e9 Bravo\"}]}<\/script>\n<!-- \/ Yoast SEO Premium plugin. -->","_links":{"self":[{"href":"https:\/\/curva1kart.com.ar\/noticias\/index.php?rest_route=\/wp\/v2\/posts\/76951","targetHints":{"allow":["GET"]}}],"collection":[{"href":"https:\/\/curva1kart.com.ar\/noticias\/index.php?rest_route=\/wp\/v2\/posts"}],"about":[{"href":"https:\/\/curva1kart.com.ar\/noticias\/index.php?rest_route=\/wp\/v2\/types\/post"}],"author":[{"embeddable":true,"href":"https:\/\/curva1kart.com.ar\/noticias\/index.php?rest_route=\/wp\/v2\/users\/1"}],"replies":[{"embeddable":true,"href":"https:\/\/curva1kart.com.ar\/noticias\/index.php?rest_route=%2Fwp%2Fv2%2Fcomments&post=76951"}],"version-history":[{"count":2,"href":"https:\/\/curva1kart.com.ar\/noticias\/index.php?rest_route=\/wp\/v2\/posts\/76951\/revisions"}],"predecessor-version":[{"id":76959,"href":"https:\/\/curva1kart.com.ar\/noticias\/index.php?rest_route=\/wp\/v2\/posts\/76951\/revisions\/76959"}],"wp:featuredmedia":[{"embeddable":true,"href":"https:\/\/curva1kart.com.ar\/noticias\/index.php?rest_route=\/wp\/v2\/media\/76952"}],"wp:attachment":[{"href":"https:\/\/curva1kart.com.ar\/noticias\/index.php?rest_route=%2Fwp%2Fv2%2Fmedia&parent=76951"}],"wp:term":[{"taxonomy":"category","embeddable":true,"href":"https:\/\/curva1kart.com.ar\/noticias\/index.php?rest_route=%2Fwp%2Fv2%2Fcategories&post=76951"},{"taxonomy":"post_tag","embeddable":true,"href":"https:\/\/curva1kart.com.ar\/noticias\/index.php?rest_route=%2Fwp%2Fv2%2Ftags&post=76951"}],"curies":[{"name":"wp","href":"https:\/\/api.w.org\/{rel}","templated":true}]}}