{"id":74724,"date":"2017-07-16T00:03:44","date_gmt":"2017-07-16T03:03:44","guid":{"rendered":"http:\/\/curva1kart.com.ar\/noticias\/?p=74724"},"modified":"2017-07-16T00:03:44","modified_gmt":"2017-07-16T03:03:44","slug":"cordoba-gran-arranque-del-provincial-de-tierra-en-isla-verde-con-mas-de-260-pilotos","status":"publish","type":"post","link":"https:\/\/curva1kart.com.ar\/noticias\/?p=74724","title":{"rendered":"CORDOBA. Gran arranque del Provincial de Tierra en Isla Verde con m\u00e1s de 260 pilotos"},"content":{"rendered":"<p><img loading=\"lazy\" decoding=\"async\" class=\"aligncenter size-full wp-image-74725\" src=\"http:\/\/curva1kart.com.ar\/noticias\/wp-content\/uploads\/2017\/07\/DSC_0045.jpg\" alt=\"\" width=\"800\" height=\"450\" srcset=\"http:\/\/curva1kart.com.ar\/noticias\/wp-content\/uploads\/2017\/07\/DSC_0045.jpg 800w, http:\/\/curva1kart.com.ar\/noticias\/wp-content\/uploads\/2017\/07\/DSC_0045-200x113.jpg 200w, http:\/\/curva1kart.com.ar\/noticias\/wp-content\/uploads\/2017\/07\/DSC_0045-600x338.jpg 600w, http:\/\/curva1kart.com.ar\/noticias\/wp-content\/uploads\/2017\/07\/DSC_0045-768x432.jpg 768w, http:\/\/curva1kart.com.ar\/noticias\/wp-content\/uploads\/2017\/07\/DSC_0045-620x349.jpg 620w\" sizes=\"auto, (max-width: 800px) 100vw, 800px\" \/><\/p>\n<p><strong>Con mas de dos horas de demora debido a las condiciones clim\u00e1ticas que reinaban en la pista, se dio por iniciada la primera fecha del Campeonato Provincial de Karting en Isla Verde.<\/strong><\/p>\n<p>M\u00e1s de 260 karting fueron de la partida en la primera fecha del Provincial cordob\u00e9s en Tierra, la actividad inicio pasado el mediod\u00eda con las tandas de entrenamientos libre para las doce categor\u00edas que forman parte de la programaci\u00f3n.<\/p>\n<p>Mientras que en horas de la tarde y ya con las luces encendidas del predio se disputaron las tandas clasificatorias, donde Patricio Pierbom\u00a0 (125 Libre); Renato Ceratti (150 Menor); Diego Garay (Monomarca Infantil); Roberto Forzani (150 S\u00e9nior); Diego Lucantoni (150 Libre); Usorach Boris ( 150 Promocional); Juan Gabriel Farre (Internacional Graduados); Juan Baruca (150 Cadetes); Germ\u00e1n Valdo (150 Graduados); Juan Menta (Internacional Cadetes) se quedaron con la primera Pole Position de la temporada en sus respectivas divisionales.<\/p>\n<p>Para cerrar la jornada sabatina se cumplieron cuatro series, la primera en\u00a0 salir a pista fue la Monomarca Infantil donde Diego Garay se quedo con el primer lugar seguido por Juan Andr\u00e9s Redolfi y Bautista Conti. Mientras que Ignacio Diaz, Mateo Pierucci, Lucio Sarricolea, Filippo Penisi y Aron Oviedo completaron el lote de los pilotos con el total de giros.<\/p>\n<p>Dos series cumpli\u00f3 la categor\u00eda 150 Menor, en la primera de ellas; Renatto Ceratti fue el mas r\u00e1pido en la serie escoltado por Tomas Gersey y Facundo Melli; mientras que en la segunda de las series Tobias Finasi fue el ganador seguido por Julian Larrosa y Marcos Trovero.<\/p>\n<p>Para cerrar la jornada fr\u00eda del d\u00eda s\u00e1bado la categor\u00eda 125 .Libre cumpli\u00f3 con su serie, quedando como ganador Patricio Pierbom, seguido por el puntano Eduardo Carranza y Gonzalo Vasarotto.<\/p>\n<p>Para el d\u00eda domingo restan por disputar 23 series, mientras que pasado el mediod\u00eda se concretaran las 14 finales correspondientes a la fecha, siendo televisadas por la se\u00f1al de Am\u00e9rica Sport desde las 13hs.<\/p>\n<p><strong>RESULTADOS<\/strong><\/p>\n<blockquote><p><em><a href=\"http:\/\/www.fradcba.com.ar\/wp-content\/uploads\/2017\/07\/CLASIF-AEROCLUB.pdf\">CLASIF AEROCLUB<\/a><\/em><\/p>\n<p><em><a href=\"http:\/\/www.fradcba.com.ar\/wp-content\/uploads\/2017\/07\/CLASIF-INTER-CADETES.pdf\">CLASIF INTER CADETES<\/a><\/em><\/p>\n<p><em><a href=\"http:\/\/www.fradcba.com.ar\/wp-content\/uploads\/2017\/07\/CLASIF.-150-CADETES.pdf\">CLASIF. 150 CADETES<\/a><\/em><\/p>\n<p><em><a href=\"http:\/\/www.fradcba.com.ar\/wp-content\/uploads\/2017\/07\/CLASIF.-150-GRADUADOS.pdf\">CLASIF. 150 GRADUADOS<\/a><\/em><\/p>\n<p><em><a href=\"http:\/\/www.fradcba.com.ar\/wp-content\/uploads\/2017\/07\/CLASIF.-150-PROMOC..pdf\">CLASIF. 150 PROMOC.<\/a><\/em><\/p>\n<p><em><a href=\"http:\/\/www.fradcba.com.ar\/wp-content\/uploads\/2017\/07\/CLASIF.-INTER-GRADUADOS.pdf\">CLASIF. INTER GRADUADOS<\/a><\/em><\/p>\n<p><em><a href=\"http:\/\/www.fradcba.com.ar\/wp-content\/uploads\/2017\/07\/CLASIFC.-150-SENIOR.pdf\">CLASIFC. 150 SENIOR<\/a><\/em><\/p>\n<p><em><a href=\"http:\/\/www.fradcba.com.ar\/wp-content\/uploads\/2017\/07\/CLASIFIC-MONOM-INFANTIL.pdf\">CLASIFIC MONOM INFANTIL<\/a><\/em><\/p>\n<p><em><a href=\"http:\/\/www.fradcba.com.ar\/wp-content\/uploads\/2017\/07\/clasific.-125-libre.pdf\">clasific. 125 libre<\/a><\/em><\/p>\n<p><em><a href=\"http:\/\/www.fradcba.com.ar\/wp-content\/uploads\/2017\/07\/CLASIFIC.-150-MENOR.pdf\">CLASIFIC. 150 MENOR<\/a><\/em><\/p>\n<p><em><a href=\"http:\/\/www.fradcba.com.ar\/wp-content\/uploads\/2017\/07\/CLASIFIC.-MONOM-110.pdf\">CLASIFIC. MONOM 110<\/a><\/em><\/p><\/blockquote>\n<p><img loading=\"lazy\" decoding=\"async\" class=\"aligncenter size-full wp-image-74726\" src=\"http:\/\/curva1kart.com.ar\/noticias\/wp-content\/uploads\/2017\/07\/DSC_0081.jpg\" alt=\"\" width=\"800\" height=\"533\" srcset=\"http:\/\/curva1kart.com.ar\/noticias\/wp-content\/uploads\/2017\/07\/DSC_0081.jpg 800w, http:\/\/curva1kart.com.ar\/noticias\/wp-content\/uploads\/2017\/07\/DSC_0081-768x512.jpg 768w\" sizes=\"auto, (max-width: 800px) 100vw, 800px\" \/><\/p>\n","protected":false},"excerpt":{"rendered":"<p>Con mas de dos horas de demora debido a las condiciones clim\u00e1ticas que reinaban en la pista, se dio por iniciada la primera fecha del Campeonato Provincial de Karting en Isla Verde. M\u00e1s de 260 karting fueron de la partida en la primera fecha del Provincial cordob\u00e9s en Tierra, la actividad inicio pasado el mediod\u00eda&#46;&#46;&#46;<\/p>\n","protected":false},"author":1,"featured_media":74725,"comment_status":"closed","ping_status":"closed","sticky":false,"template":"","format":"standard","meta":{"footnotes":""},"categories":[9],"tags":[],"class_list":["post-74724","post","type-post","status-publish","format-standard","has-post-thumbnail","hentry","category-argentina"],"yoast_head":"<!-- This site is optimized with the Yoast SEO Premium plugin v14.7 - https:\/\/yoast.com\/wordpress\/plugins\/seo\/ -->\n<title>CORDOBA. Gran arranque del Provincial de Tierra en Isla Verde con m\u00e1s de 260 pilotos - Curva 1 KART<\/title>\n<meta name=\"robots\" content=\"index, follow\" \/>\n<meta name=\"googlebot\" content=\"index, follow, max-snippet:-1, max-image-preview:large, max-video-preview:-1\" \/>\n<meta name=\"bingbot\" content=\"index, follow, max-snippet:-1, max-image-preview:large, max-video-preview:-1\" \/>\n<link rel=\"canonical\" href=\"https:\/\/curva1kart.com.ar\/noticias\/?p=74724\" \/>\n<meta property=\"og:locale\" content=\"en_US\" \/>\n<meta property=\"og:type\" content=\"article\" \/>\n<meta property=\"og:title\" content=\"CORDOBA. Gran arranque del Provincial de Tierra en Isla Verde con m\u00e1s de 260 pilotos - Curva 1 KART\" \/>\n<meta property=\"og:description\" content=\"Con mas de dos horas de demora debido a las condiciones clim\u00e1ticas que reinaban en la pista, se dio por iniciada la primera fecha del Campeonato Provincial de Karting en Isla Verde. M\u00e1s de 260 karting fueron de la partida en la primera fecha del Provincial cordob\u00e9s en Tierra, la actividad inicio pasado el mediod\u00eda&#046;&#046;&#046;\" \/>\n<meta property=\"og:url\" content=\"https:\/\/curva1kart.com.ar\/noticias\/?p=74724\" \/>\n<meta property=\"og:site_name\" content=\"Curva 1 KART\" \/>\n<meta property=\"article:publisher\" content=\"https:\/\/www.facebook.com\/curva1kart\/\" \/>\n<meta property=\"article:published_time\" content=\"2017-07-16T03:03:44+00:00\" \/>\n<meta property=\"og:image\" content=\"http:\/\/curva1kart.com.ar\/noticias\/wp-content\/uploads\/2017\/07\/DSC_0045.jpg\" \/>\n\t<meta property=\"og:image:width\" content=\"800\" \/>\n\t<meta property=\"og:image:height\" content=\"450\" \/>\n<meta property=\"fb:app_id\" content=\"104995992409\" \/>\n<meta name=\"twitter:card\" content=\"summary_large_image\" \/>\n<meta name=\"twitter:creator\" content=\"@Curva1KART\" \/>\n<meta name=\"twitter:site\" content=\"@Curva1KART\" \/>\n<script type=\"application\/ld+json\" class=\"yoast-schema-graph\">{\"@context\":\"https:\/\/schema.org\",\"@graph\":[{\"@type\":\"WebSite\",\"@id\":\"https:\/\/curva1kart.com.ar\/noticias\/#website\",\"url\":\"https:\/\/curva1kart.com.ar\/noticias\/\",\"name\":\"Curva 1 KART\",\"description\":\"Karting Argentino, Sudamericano e Internacional\",\"potentialAction\":[{\"@type\":\"SearchAction\",\"target\":\"https:\/\/curva1kart.com.ar\/noticias\/?s={search_term_string}\",\"query-input\":\"required name=search_term_string\"}],\"inLanguage\":\"en-US\"},{\"@type\":\"ImageObject\",\"@id\":\"https:\/\/curva1kart.com.ar\/noticias\/?p=74724#primaryimage\",\"inLanguage\":\"en-US\",\"url\":\"http:\/\/curva1kart.com.ar\/noticias\/wp-content\/uploads\/2017\/07\/DSC_0045.jpg\",\"width\":800,\"height\":450},{\"@type\":\"WebPage\",\"@id\":\"https:\/\/curva1kart.com.ar\/noticias\/?p=74724#webpage\",\"url\":\"https:\/\/curva1kart.com.ar\/noticias\/?p=74724\",\"name\":\"CORDOBA. Gran arranque del Provincial de Tierra en Isla Verde con m\\u00e1s de 260 pilotos - Curva 1 KART\",\"isPartOf\":{\"@id\":\"https:\/\/curva1kart.com.ar\/noticias\/#website\"},\"primaryImageOfPage\":{\"@id\":\"https:\/\/curva1kart.com.ar\/noticias\/?p=74724#primaryimage\"},\"datePublished\":\"2017-07-16T03:03:44+00:00\",\"dateModified\":\"2017-07-16T03:03:44+00:00\",\"author\":{\"@id\":\"https:\/\/curva1kart.com.ar\/noticias\/#\/schema\/person\/710d14304c85d21660d185f262399043\"},\"inLanguage\":\"en-US\",\"potentialAction\":[{\"@type\":\"ReadAction\",\"target\":[\"https:\/\/curva1kart.com.ar\/noticias\/?p=74724\"]}]},{\"@type\":[\"Person\"],\"@id\":\"https:\/\/curva1kart.com.ar\/noticias\/#\/schema\/person\/710d14304c85d21660d185f262399043\",\"name\":\"Jos\\u00e9 Bravo\"}]}<\/script>\n<!-- \/ Yoast SEO Premium plugin. -->","_links":{"self":[{"href":"https:\/\/curva1kart.com.ar\/noticias\/index.php?rest_route=\/wp\/v2\/posts\/74724","targetHints":{"allow":["GET"]}}],"collection":[{"href":"https:\/\/curva1kart.com.ar\/noticias\/index.php?rest_route=\/wp\/v2\/posts"}],"about":[{"href":"https:\/\/curva1kart.com.ar\/noticias\/index.php?rest_route=\/wp\/v2\/types\/post"}],"author":[{"embeddable":true,"href":"https:\/\/curva1kart.com.ar\/noticias\/index.php?rest_route=\/wp\/v2\/users\/1"}],"replies":[{"embeddable":true,"href":"https:\/\/curva1kart.com.ar\/noticias\/index.php?rest_route=%2Fwp%2Fv2%2Fcomments&post=74724"}],"version-history":[{"count":1,"href":"https:\/\/curva1kart.com.ar\/noticias\/index.php?rest_route=\/wp\/v2\/posts\/74724\/revisions"}],"predecessor-version":[{"id":74727,"href":"https:\/\/curva1kart.com.ar\/noticias\/index.php?rest_route=\/wp\/v2\/posts\/74724\/revisions\/74727"}],"wp:featuredmedia":[{"embeddable":true,"href":"https:\/\/curva1kart.com.ar\/noticias\/index.php?rest_route=\/wp\/v2\/media\/74725"}],"wp:attachment":[{"href":"https:\/\/curva1kart.com.ar\/noticias\/index.php?rest_route=%2Fwp%2Fv2%2Fmedia&parent=74724"}],"wp:term":[{"taxonomy":"category","embeddable":true,"href":"https:\/\/curva1kart.com.ar\/noticias\/index.php?rest_route=%2Fwp%2Fv2%2Fcategories&post=74724"},{"taxonomy":"post_tag","embeddable":true,"href":"https:\/\/curva1kart.com.ar\/noticias\/index.php?rest_route=%2Fwp%2Fv2%2Ftags&post=74724"}],"curies":[{"name":"wp","href":"https:\/\/api.w.org\/{rel}","templated":true}]}}