{"id":38185,"date":"2014-03-10T11:35:30","date_gmt":"2014-03-10T14:35:30","guid":{"rendered":"http:\/\/curva1kart.com.ar\/noticias\/?p=38185"},"modified":"2014-03-11T18:04:23","modified_gmt":"2014-03-11T21:04:23","slug":"san-juan-comienza-el-6-de-abril-con-pilotos-federados","status":"publish","type":"post","link":"https:\/\/curva1kart.com.ar\/noticias\/?p=38185","title":{"rendered":"SAN JUAN. Comienza el 6 de abril con pilotos federados"},"content":{"rendered":"<p><img loading=\"lazy\" decoding=\"async\" class=\"aligncenter size-full wp-image-38186\" alt=\"24Stad110\" src=\"http:\/\/curva1kart.com.ar\/noticias\/wp-content\/uploads\/2014\/03\/24Stad110.jpg\" width=\"595\" height=\"335\" srcset=\"http:\/\/curva1kart.com.ar\/noticias\/wp-content\/uploads\/2014\/03\/24Stad110.jpg 595w, http:\/\/curva1kart.com.ar\/noticias\/wp-content\/uploads\/2014\/03\/24Stad110-200x113.jpg 200w, http:\/\/curva1kart.com.ar\/noticias\/wp-content\/uploads\/2014\/03\/24Stad110-400x225.jpg 400w, http:\/\/curva1kart.com.ar\/noticias\/wp-content\/uploads\/2014\/03\/24Stad110-300x168.jpg 300w\" sizes=\"auto, (max-width: 595px) 100vw, 595px\" \/><\/p>\n<p>La temporada 2014 del karting sanjuanino ya tiene fecha de inicio para el 6 de abril en el Kart\u00f3dromo Estornell. El club organizador, la Asociaci\u00f3n Sanjuanina de Karting, busc\u00f3 el aval fiscalizativo de la Federaci\u00f3n Sanjuanina de Autmovilismo Deportivo FSAD, volviendo de esta manera al seno del ente madre.<\/p>\n<p>La decisi\u00f3n se bas\u00f3 en la experiencia del 2013 donde el campeonato finalizado en 9 de Julio se termin\u00f3 en excesivas situaciones de pol\u00e9micas y desbordes, por lo que la ASK no pretende organizar esta temporada en las mismas condiciones que en la anterior.<\/p>\n<p>Este panorama obligar\u00e1 a todos los pilotos a federarse, o por lo menos a aquellos que aun no lo han hecho, con el consiguiente costo econ\u00f3mico, pero con el beneficio del aval federativo y de la Asiciaci\u00f3n Argentina de Volantes.<\/p>\n<p>De esta manera se present\u00f3 en FSAD un cronograma tentativo de fechas 2014 con inicio para el 6 de abril en las categor\u00edas 110 standar, 150 super 4 Tiempos, 125 cc y Sthil. Tambi\u00e9n se abre el espectro en cuanto a la utilizaci\u00f3n del &#8220;kil\u00f3metro&#8221; del Zonda, circuito montado por la ASV y que despu\u00e9s de un par de pruebas exitosas qued\u00f3 en espera.<\/p>\n<p>Por \u00faltimo, la FSAD, ASK o ASV podr\u00edan incluir las categor\u00edas ROTAX, por su bajo costo de participaci\u00f3n, o bien traer a San Juan alguna de las fechas del Campeonato ROTAX Centro de la Rep\u00fablica, para de esta manera tambi\u00e9n intentar insertar a nuestros pilotos en este campeonato regional.<\/p>\n<p>Gentileza C\u00f3digo Tuerca.<\/p>\n","protected":false},"excerpt":{"rendered":"<p>La temporada 2014 del karting sanjuanino ya tiene fecha de inicio para el 6 de abril en el Kart\u00f3dromo Estornell. El club organizador, la Asociaci\u00f3n Sanjuanina de Karting, busc\u00f3 el aval fiscalizativo de la Federaci\u00f3n Sanjuanina de Autmovilismo Deportivo FSAD, volviendo de esta manera al seno del ente madre. La decisi\u00f3n se bas\u00f3 en la&#46;&#46;&#46;<\/p>\n","protected":false},"author":1,"featured_media":38186,"comment_status":"closed","ping_status":"closed","sticky":false,"template":"","format":"standard","meta":{"footnotes":""},"categories":[9],"tags":[],"class_list":["post-38185","post","type-post","status-publish","format-standard","has-post-thumbnail","hentry","category-argentina"],"yoast_head":"<!-- This site is optimized with the Yoast SEO Premium plugin v14.7 - https:\/\/yoast.com\/wordpress\/plugins\/seo\/ -->\n<title>SAN JUAN. Comienza el 6 de abril con pilotos federados - Curva 1 KART<\/title>\n<meta name=\"robots\" content=\"index, follow\" \/>\n<meta name=\"googlebot\" content=\"index, follow, max-snippet:-1, max-image-preview:large, max-video-preview:-1\" \/>\n<meta name=\"bingbot\" content=\"index, follow, max-snippet:-1, max-image-preview:large, max-video-preview:-1\" \/>\n<link rel=\"canonical\" href=\"https:\/\/curva1kart.com.ar\/noticias\/?p=38185\" \/>\n<meta property=\"og:locale\" content=\"en_US\" \/>\n<meta property=\"og:type\" content=\"article\" \/>\n<meta property=\"og:title\" content=\"SAN JUAN. Comienza el 6 de abril con pilotos federados - Curva 1 KART\" \/>\n<meta property=\"og:description\" content=\"La temporada 2014 del karting sanjuanino ya tiene fecha de inicio para el 6 de abril en el Kart\u00f3dromo Estornell. El club organizador, la Asociaci\u00f3n Sanjuanina de Karting, busc\u00f3 el aval fiscalizativo de la Federaci\u00f3n Sanjuanina de Autmovilismo Deportivo FSAD, volviendo de esta manera al seno del ente madre. La decisi\u00f3n se bas\u00f3 en la&#046;&#046;&#046;\" \/>\n<meta property=\"og:url\" content=\"https:\/\/curva1kart.com.ar\/noticias\/?p=38185\" \/>\n<meta property=\"og:site_name\" content=\"Curva 1 KART\" \/>\n<meta property=\"article:publisher\" content=\"https:\/\/www.facebook.com\/curva1kart\/\" \/>\n<meta property=\"article:published_time\" content=\"2014-03-10T14:35:30+00:00\" \/>\n<meta property=\"article:modified_time\" content=\"2014-03-11T21:04:23+00:00\" \/>\n<meta property=\"og:image\" content=\"http:\/\/curva1kart.com.ar\/noticias\/wp-content\/uploads\/2014\/03\/24Stad110.jpg\" \/>\n\t<meta property=\"og:image:width\" content=\"595\" \/>\n\t<meta property=\"og:image:height\" content=\"335\" \/>\n<meta property=\"fb:app_id\" content=\"104995992409\" \/>\n<meta name=\"twitter:card\" content=\"summary_large_image\" \/>\n<meta name=\"twitter:creator\" content=\"@Curva1KART\" \/>\n<meta name=\"twitter:site\" content=\"@Curva1KART\" \/>\n<script type=\"application\/ld+json\" class=\"yoast-schema-graph\">{\"@context\":\"https:\/\/schema.org\",\"@graph\":[{\"@type\":\"WebSite\",\"@id\":\"https:\/\/curva1kart.com.ar\/noticias\/#website\",\"url\":\"https:\/\/curva1kart.com.ar\/noticias\/\",\"name\":\"Curva 1 KART\",\"description\":\"Karting Argentino, Sudamericano e Internacional\",\"potentialAction\":[{\"@type\":\"SearchAction\",\"target\":\"https:\/\/curva1kart.com.ar\/noticias\/?s={search_term_string}\",\"query-input\":\"required name=search_term_string\"}],\"inLanguage\":\"en-US\"},{\"@type\":\"ImageObject\",\"@id\":\"https:\/\/curva1kart.com.ar\/noticias\/?p=38185#primaryimage\",\"inLanguage\":\"en-US\",\"url\":\"http:\/\/curva1kart.com.ar\/noticias\/wp-content\/uploads\/2014\/03\/24Stad110.jpg\",\"width\":595,\"height\":335},{\"@type\":\"WebPage\",\"@id\":\"https:\/\/curva1kart.com.ar\/noticias\/?p=38185#webpage\",\"url\":\"https:\/\/curva1kart.com.ar\/noticias\/?p=38185\",\"name\":\"SAN JUAN. Comienza el 6 de abril con pilotos federados - Curva 1 KART\",\"isPartOf\":{\"@id\":\"https:\/\/curva1kart.com.ar\/noticias\/#website\"},\"primaryImageOfPage\":{\"@id\":\"https:\/\/curva1kart.com.ar\/noticias\/?p=38185#primaryimage\"},\"datePublished\":\"2014-03-10T14:35:30+00:00\",\"dateModified\":\"2014-03-11T21:04:23+00:00\",\"author\":{\"@id\":\"https:\/\/curva1kart.com.ar\/noticias\/#\/schema\/person\/710d14304c85d21660d185f262399043\"},\"inLanguage\":\"en-US\",\"potentialAction\":[{\"@type\":\"ReadAction\",\"target\":[\"https:\/\/curva1kart.com.ar\/noticias\/?p=38185\"]}]},{\"@type\":[\"Person\"],\"@id\":\"https:\/\/curva1kart.com.ar\/noticias\/#\/schema\/person\/710d14304c85d21660d185f262399043\",\"name\":\"Jos\\u00e9 Bravo\"}]}<\/script>\n<!-- \/ Yoast SEO Premium plugin. -->","_links":{"self":[{"href":"https:\/\/curva1kart.com.ar\/noticias\/index.php?rest_route=\/wp\/v2\/posts\/38185","targetHints":{"allow":["GET"]}}],"collection":[{"href":"https:\/\/curva1kart.com.ar\/noticias\/index.php?rest_route=\/wp\/v2\/posts"}],"about":[{"href":"https:\/\/curva1kart.com.ar\/noticias\/index.php?rest_route=\/wp\/v2\/types\/post"}],"author":[{"embeddable":true,"href":"https:\/\/curva1kart.com.ar\/noticias\/index.php?rest_route=\/wp\/v2\/users\/1"}],"replies":[{"embeddable":true,"href":"https:\/\/curva1kart.com.ar\/noticias\/index.php?rest_route=%2Fwp%2Fv2%2Fcomments&post=38185"}],"version-history":[{"count":1,"href":"https:\/\/curva1kart.com.ar\/noticias\/index.php?rest_route=\/wp\/v2\/posts\/38185\/revisions"}],"predecessor-version":[{"id":38187,"href":"https:\/\/curva1kart.com.ar\/noticias\/index.php?rest_route=\/wp\/v2\/posts\/38185\/revisions\/38187"}],"wp:featuredmedia":[{"embeddable":true,"href":"https:\/\/curva1kart.com.ar\/noticias\/index.php?rest_route=\/wp\/v2\/media\/38186"}],"wp:attachment":[{"href":"https:\/\/curva1kart.com.ar\/noticias\/index.php?rest_route=%2Fwp%2Fv2%2Fmedia&parent=38185"}],"wp:term":[{"taxonomy":"category","embeddable":true,"href":"https:\/\/curva1kart.com.ar\/noticias\/index.php?rest_route=%2Fwp%2Fv2%2Fcategories&post=38185"},{"taxonomy":"post_tag","embeddable":true,"href":"https:\/\/curva1kart.com.ar\/noticias\/index.php?rest_route=%2Fwp%2Fv2%2Ftags&post=38185"}],"curies":[{"name":"wp","href":"https:\/\/api.w.org\/{rel}","templated":true}]}}