{"id":28938,"date":"2013-05-10T12:59:50","date_gmt":"2013-05-10T15:59:50","guid":{"rendered":"http:\/\/curva1kart.com.ar\/noticias\/?p=28938"},"modified":"2013-05-11T23:10:24","modified_gmt":"2013-05-12T02:10:24","slug":"cuyano-datos-utiles-para-la-segunda","status":"publish","type":"post","link":"https:\/\/curva1kart.com.ar\/noticias\/?p=28938","title":{"rendered":"CUYANO. Cronograma y datos \u00fatiles"},"content":{"rendered":"<p><img loading=\"lazy\" decoding=\"async\" class=\"aligncenter size-full wp-image-28939\" alt=\"IMG_1514\" src=\"http:\/\/curva1kart.com.ar\/noticias\/wp-content\/uploads\/2013\/05\/IMG_1514.jpg\" width=\"600\" height=\"337\" srcset=\"http:\/\/curva1kart.com.ar\/noticias\/wp-content\/uploads\/2013\/05\/IMG_1514.jpg 600w, http:\/\/curva1kart.com.ar\/noticias\/wp-content\/uploads\/2013\/05\/IMG_1514-200x113.jpg 200w, http:\/\/curva1kart.com.ar\/noticias\/wp-content\/uploads\/2013\/05\/IMG_1514-400x225.jpg 400w, http:\/\/curva1kart.com.ar\/noticias\/wp-content\/uploads\/2013\/05\/IMG_1514-300x168.jpg 300w\" sizes=\"auto, (max-width: 600px) 100vw, 600px\" \/><\/p>\n<p>A partir de ma\u00f1ana se comenzar\u00e1 a transitar la 2\u00ba fecha del Campeonato Cuyano de Karting, cita para la cual existen varias novedades \u00fatiles para pilotos y equipos.<\/p>\n<blockquote><p><span style=\"color: #008000;\"><strong>La organizaci\u00f3n del Campeonato Cuyano de Karting ya posee un Facebook para que todos los interesados est\u00e9n informados a trav\u00e9s de la red social.<\/strong><\/span><\/p>\n<p><strong><span style=\"color: #008000;\">Tienen que hacer click en &#8220;Me Gusta&#8221; \u00a0&#8211;<\/span> <a href=\"http:\/\/www.facebook.com\/ackmendoza\" target=\"_blank\">VISITAR FACEBOOK<\/a><\/strong><\/p><\/blockquote>\n<h3><span style=\"color: #ff0000;\">&gt;&gt;&gt; CRONOGRAMA<\/span><\/h3>\n<div>\n<p><span style=\"color: #3366ff;\"><b><span style=\"text-decoration: underline;\">SABADO 11 DE MAYO DE 2013<\/span><\/b><\/span><\/p>\n<p>08,00 Hs. a\u00a0 17 Hs.: Verificaci\u00f3n Administrativa e inscripciones.-<\/p>\n<p>15,00 Hs. a\u00a0 18 Hs.: Verificaci\u00f3n T\u00e9cnica Previa.-<\/p>\n<p><b><span style=\"text-decoration: underline;\">TANDAS DE PRUEBAS OFICIALES<\/span><\/b><\/p>\n<p>11:00 hs 1\u00aa Tanda \u2013 Seniors Super PRO.-<\/p>\n<p>11:15 hs 1\u00aa Tanda \u2013 Super 4 T.-<\/p>\n<p>11:30 hs 1\u00aa Tanda \u2013 Pre-Juniors.-<\/p>\n<p>11:45 hs 1\u00aa Tanda \u2013 Juniors .-<\/p>\n<p>12:00 hs 1\u00aa Tanda \u2013 Promocional IAME 60.-<\/p>\n<p>12:15 hs 1\u00aa Tanda \u2013 Promocional STIHL.-<\/p>\n<p>12:45 hs 2\u00aa Tanda \u2013 Seniors Super PRO.-<\/p>\n<p>13:00 hs 2\u00aa Tanda \u2013 Super 4 T.-<\/p>\n<p>13:15 hs 2\u00aa Tanda \u2013 Pre-Juniors.-<\/p>\n<p>13:30 hs 2\u00aa Tanda \u2013 Juniors .-<\/p>\n<p>13:45 hs 2\u00aa Tanda \u2013 Promocional IAME 60.-<\/p>\n<p>14:00 hs 2\u00aa Tanda \u2013 Promocional STIHL<\/p>\n<p>14:30 hs 3\u00aa Tanda \u2013 Seniors Super PRO.-<\/p>\n<p>14:45 hs 3\u00aa Tanda \u2013 Super 4 T.-<\/p>\n<p>15:00 hs 3\u00aa Tanda \u2013 Pre-Juniors.-<\/p>\n<p>15:15 hs 3\u00aa Tanda \u2013 Juniors .-<\/p>\n<p>15:30 hs 3\u00aa Tanda \u2013 Promocional IAME 60.-<\/p>\n<p>15:45 hs 3\u00aa Tanda \u2013 Promocional STIHL<\/p>\n<p>16:15 hs 4\u00aa Tanda \u2013 Seniors Super PRO.-<\/p>\n<p>16:30 hs 4\u00aa Tanda \u2013 Super 4 T.-<\/p>\n<p>16:45 hs 4\u00aa Tanda \u2013 Pre-Juniors.-<\/p>\n<p>17:00 hs 4\u00aa Tanda \u2013 Juniors .-<\/p>\n<p>17:15 hs 4\u00aa Tanda \u2013 Promocional IAME 60.-<\/p>\n<p>17:30 hs 4\u00aa Tanda \u2013 Promocional STIHL<\/p>\n<p><span style=\"color: #3366ff;\"><b><span style=\"text-decoration: underline;\">DOMINGO 12 DE MAYO DE 2013<\/span><\/b><\/span><\/p>\n<p>08,00 Hs. a 09,00 Hs: Verificaci\u00f3n Administrativa e inscripciones.-<\/p>\n<p>08,30 Hs. a 09,00 Hs: Verificaci\u00f3n T\u00e9cnica Previa.-<\/p>\n<p><b><span style=\"text-decoration: underline;\">TANDAS DE PRUEBAS OFICIALES<\/span><\/b><\/p>\n<p>09:30 hs \u00a0\u00a0\u00a0\u00a0Tanda \u2013 Seniors Super PRO.-<\/p>\n<p>09:40 hs \u00a0\u00a0\u00a0\u00a0Tanda \u2013 Super 4 T.-<\/p>\n<p>09:50 hs \u00a0\u00a0\u00a0\u00a0Tanda \u2013 Pre-Juniors.-<\/p>\n<p>10:00 hs \u00a0\u00a0\u00a0\u00a0Tanda \u2013 Juniors .-<\/p>\n<p>10:10 hs \u00a0\u00a0\u00a0\u00a0Tanda \u2013 Promocional IAME 60.-<\/p>\n<p>10:20 hs \u00a0\u00a0\u00a0\u00a0Tanda \u2013 Promocional STIHL.-<\/p>\n<p><b><span style=\"text-decoration: underline;\">PRUEBAS DE CLASIFICACION OFICIALES<\/span><\/b><\/p>\n<p>10,30 hs Clasificaci\u00f3n \u2013 Seniors Super PRO.-<\/p>\n<p>10,45 hs Clasificaci\u00f3n &#8211; \u00a0Super 4 T.-<\/p>\n<p>11,00 hs Clasificaci\u00f3n \u2013 Pre Juniors .-<\/p>\n<p>11,15 hs Clasificaci\u00f3n \u2013 Juniors .-<\/p>\n<p>11,30 hs Clasificaci\u00f3n \u2013 Promocional IAME 60.-<\/p>\n<p>11,45 hs Clasificaci\u00f3n &#8211; Promocional Sthil.-<\/p>\n<p><b>12,00 hs: REUNION DE PILOTOS OBLIGATORIA<\/b><\/p>\n<p><b><span style=\"text-decoration: underline;\">PRE\u00a0 &#8211;\u00a0 FINALES<\/span><\/b><\/p>\n<p>12:30 hs\u00a0 Pre &#8211; Final\u00a0 \u2013\u00a0 Promocional Stihl.-\u00a0\u00a0\u00a0\u00a0\u00a0\u00a0\u00a0\u00a0\u00a0\u00a0\u00a0\u00a0\u00a0\u00a0\u00a0 6\u00a0 vltas.-<\/p>\n<p>12:55 hs\u00a0 Pre &#8211; Final\u00a0 \u2013\u00a0 Promocional IAME 60.-\u00a0\u00a0\u00a0\u00a0\u00a0\u00a0 10\u00a0 vltas.-<\/p>\n<p>13:20 hs\u00a0 Pre \u2013 Final &#8211;\u00a0\u00a0 Pre-Juniors.-\u00a0\u00a0 \u00a0\u00a0\u00a0\u00a0\u00a0\u00a0\u00a0\u00a0\u00a0\u00a0\u00a0\u00a0\u00a0\u00a0\u00a0\u00a0\u00a0\u00a0\u00a0\u00a0\u00a0\u00a012\u00a0 vltas.-<\/p>\n<p>13:45 hs\u00a0 Pre \u2013 Final &#8211;\u00a0\u00a0 Juniors.- \u00a0\u00a0\u00a0\u00a0\u00a0\u00a0\u00a0\u00a0\u00a0\u00a0\u00a0\u00a0\u00a0\u00a0\u00a0\u00a0\u00a0\u00a0\u00a0\u00a0\u00a0\u00a0\u00a0\u00a0\u00a0\u00a0\u00a0\u00a0\u00a0\u00a012\u00a0 vltas.-<\/p>\n<p>14:10 hs\u00a0 Pre \u2013 Final &#8211;\u00a0\u00a0 Super 4 T.-\u00a0\u00a0\u00a0\u00a0\u00a0\u00a0\u00a0\u00a0\u00a0\u00a0\u00a0\u00a0\u00a0\u00a0\u00a0\u00a0\u00a0\u00a0\u00a0\u00a0\u00a0\u00a0\u00a0\u00a0\u00a0\u00a0 12\u00a0 vltas.-<\/p>\n<p>14:35 hs\u00a0 Pre &#8211;\u00a0 Final &#8211;\u00a0\u00a0 Seniors Super PRO.-\u00a0\u00a0\u00a0\u00a0\u00a0\u00a0\u00a0\u00a0\u00a0\u00a0\u00a0 12\u00a0 vltas.-<\/p>\n<\/div>\n<div>\n<p><b><span style=\"text-decoration: underline;\">FINALES<\/span><\/b><\/p>\n<\/div>\n<div>\n<p>15:15 hs\u00a0 Pre &#8211; Final\u00a0 \u2013\u00a0 Promocional Stihl.-\u00a0\u00a0\u00a0\u00a0\u00a0\u00a0\u00a0\u00a0\u00a0\u00a0\u00a0\u00a0\u00a0\u00a0\u00a0 6\u00a0 vltas.-<\/p>\n<p>15:40 hs\u00a0 Pre &#8211; Final\u00a0 \u2013\u00a0 Promocional IAME 60.-\u00a0\u00a0\u00a0\u00a0\u00a0\u00a0 10\u00a0 vltas.-<\/p>\n<p>16:05 hs\u00a0 Pre \u2013 Final &#8211;\u00a0\u00a0 Pre-Juniors.-\u00a0\u00a0\u00a0\u00a0\u00a0\u00a0\u00a0\u00a0\u00a0\u00a0\u00a0\u00a0\u00a0\u00a0\u00a0\u00a0\u00a0\u00a0\u00a0\u00a0\u00a0\u00a0\u00a0\u00a0 12\u00a0 vltas.-<\/p>\n<p>16:30 hs\u00a0 Pre \u2013 Final &#8211;\u00a0\u00a0 Juniors.- \u00a0\u00a0\u00a0\u00a0\u00a0\u00a0\u00a0\u00a0\u00a0\u00a0\u00a0\u00a0\u00a0\u00a0\u00a0\u00a0\u00a0\u00a0\u00a0\u00a0\u00a0\u00a0\u00a0\u00a0\u00a0\u00a0\u00a0\u00a0\u00a0\u00a012\u00a0 vltas.-<\/p>\n<p>17:05 hs\u00a0 Pre \u2013 Final &#8211;\u00a0\u00a0 Super 4 T.-\u00a0\u00a0\u00a0\u00a0\u00a0\u00a0\u00a0\u00a0\u00a0\u00a0\u00a0\u00a0\u00a0\u00a0\u00a0\u00a0\u00a0\u00a0\u00a0\u00a0\u00a0\u00a0\u00a0\u00a0\u00a0\u00a0 12\u00a0 vltas.-<\/p>\n<p>17:30 hs\u00a0 Pre &#8211;\u00a0 Final &#8211;\u00a0\u00a0 Seniors Super PRO.-\u00a0\u00a0\u00a0\u00a0\u00a0\u00a0\u00a0\u00a0\u00a0\u00a0\u00a0 12\u00a0 vltas.-<\/p>\n<\/div>\n<p><em><b>18:00 hs. PODIO TRIUNFADORES DE TODAS LA CATEGOR\u00cdAS<\/b><\/em><\/p>\n<h3><span style=\"color: #ff0000;\"><strong>&gt;&gt;&gt; COMBUSTIBLE<\/strong><\/span><\/h3>\n<p>A partir de esta fecha, la organizaci\u00f3n ser\u00e1 la proveedora de combustible para las categor\u00edas Promocional Iame 60, Pre J\u00fanior, J\u00fanior, Senior Pro y S\u00faper 4 Tiempos. Queda exceptuada de esta modalidad la divisional escuela Promocional Stihl.<\/p>\n<p>La norma se dispuso para elevar la transparencia a la hora de llevar adelante el campeonato.<\/p>\n<p>Las pruebas oficiales del d\u00eda s\u00e1bado se podr\u00e1n realizar con combustible propio, por lo que esta modalidad se llevar\u00e1 a cabo el d\u00eda domingo. Cada piloto recibir\u00e1 un instructivo con la modalidad de trabajo.<\/p>\n<p>Los boucher de combustible para categor\u00eda ser\u00e1n:<\/p>\n<ul>\n<li><span style=\"line-height: 1.6; font-size: 1.3rem;\">Promocional Iame 60 &#8211; 5 litros nafta m\u00e1s aceite &#8211; $80.-<\/span><\/li>\n<li><span style=\"line-height: 1.6; font-size: 1.3rem;\">Pre J\u00fanior, J\u00fanior y Senior &#8211; 12 litros de nafta m\u00e1s aceite &#8211; $200.-<\/span><\/li>\n<li><span style=\"line-height: 1.6; font-size: 1.3rem;\">S\u00faper 4 Tiempos &#8211; 12 litros de nafta &#8211; $100.-<\/span><\/li>\n<\/ul>\n<p><strong>ANEXO 1 AL RPP<\/strong><\/p>\n<p style=\"padding-left: 30px;\">Las autoridades de la Asociaci\u00f3n Cuyana de Karting, autorizadas por la Federaci\u00f3n Mendocina de Automovilismo, han dispuesto a partir de la presente Fecha del Campeonato MZ-KART, proceder con la Implementaci\u00f3n del sistema de provisi\u00f3n de combustible para los distintos Kart de las Categor\u00edas que integran el mencionado Campeonato, de acuerdo al siguiente esquema:<\/p>\n<p style=\"padding-left: 30px;\">1 \u2013 En la Verificaci\u00f3n Administrativa, y junto a la inscripci\u00f3n de cada uno de los pilotos<br \/>\nse abonar\u00e1 un Boucher de Combustible, cuyo importe implica la venta de una<br \/>\ncantidad de litros de nafta, y una cantidad de aceite especial de competici\u00f3n,<br \/>\nque es calculado que se utilizar\u00e1 el Domingo en cada una de las actividades<br \/>\ndispuestas en el R.P.P. de la Prueba.-<\/p>\n<p style=\"padding-left: 30px;\">2 \u2013 En el espacio cerrado anterior al Galp\u00f3n de la t\u00e9cnica, se instalar\u00e1 el sector de<br \/>\ncombustible, donde cada piloto realizar\u00e1 el mismo su mezcla con la nafta super<br \/>\nprovista, y el aceite que elija a la proporci\u00f3n que desee cada uno.-<\/p>\n<p style=\"padding-left: 30px;\">3 \u2013 Una vez que haya realizada su mezcla, proceder\u00e1 a depositarla en su propio bid\u00f3n,<br \/>\nel que deber\u00e1 identificar con la categor\u00eda y n\u00famero correspondiente, a fin de dejarlo<br \/>\nen el sector, luego de su utilizaci\u00f3n en cada prueba.-<\/p>\n<p style=\"padding-left: 30px;\">4 \u2013 Se recuerda que cuando se ingrese al sector de combustible se deber\u00e1 hacerlo con el<br \/>\ntanque vac\u00edo de combustible, hecho que ser\u00e1 verificado por el oficial deportivo de<br \/>\nFe.M.A.D. ubicado en el ingreso del sector.-<\/p>\n<p style=\"padding-left: 30px;\">5 &#8211; Se ruega la colaboraci\u00f3n de todos los interesados, ya que este sistema a sido<br \/>\nimplementado a favor de la necesaria transparecia, que debe poseer el Campeonato<br \/>\nel que todos esperamos tenga el \u00e9xito que se merece.-<\/p>\n<p><span style=\"text-decoration: underline;\"><strong>IMPORTANTE:<\/strong><\/span> cada piloto debe llevar un bid\u00f3n para el combustible que utilizar\u00e1 durante el d\u00eda domingo. El bid\u00f3n lo utilizar\u00e1 solamente ese kart y se lo identicar\u00e1 con n\u00famero de kart y categor\u00eda.<\/p>\n<p><strong><span style=\"text-decoration: underline;\">MUY IMPORTANTE<\/span>:<\/strong> cada equipo de\u00a0competici\u00f3n\u00a0deber\u00e1 contar en su box de un matafuego de 10 kg. con carga y tarjeta actualizada. esta es una exigencia de la Municipalidad de San Martin que ser\u00c1 requerida los dos\u00a0d\u00edas\u00a0de competencias.<\/p>\n<h3><span style=\"color: #ff0000;\">&gt;&gt;&gt; NUEVOS ANEXOS<\/span><\/h3>\n<p><span style=\"color: #3366ff;\"><strong>EDADES POR CATEGORIA<\/strong><\/span><\/p>\n<p>La FEDERACI\u00d3N MENDOCINA DE AUTOMOVILISMO DEPORTIVO, informa a todos los pilotos licenciados participantes del Campeonato MZ- KART 2013, que el Consejo Directivo de Federaci\u00f3n ha dispuesto modificar las edades de las Categor\u00edas que compiten en el mencionado Campeonato, de acuerdo al siguiente detalle:<\/p>\n<p><b><span style=\"text-decoration: underline;\">Categor\u00eda Escuela Stihl:<\/span><\/b> Para pilotos de m\u00ednimo 5 (CINCO ) a\u00f1os cumplidos a la fecha de la primera carrera en la que vaya a participar y de m\u00e1ximo 8 ( OCHO ) a\u00f1os cumplidos durante el Campeonato.-<\/p>\n<p><b><span style=\"text-decoration: underline;\">Categor\u00eda Promocional IAME 60 cc.:<\/span><\/b>\u00a0 Para pilotos de m\u00ednimo\u00a0 8 ( OCHO ) a\u00f1os cumplidos a la fecha de la primera carrera en la que vaya a participar y de m\u00e1ximo 11 ( ONCE ) a\u00f1os cumplidos durante el Campeonato.-<\/p>\n<p><b><span style=\"text-decoration: underline;\">Categor\u00eda Pre Juniors 125:<\/span><\/b>\u00a0 Para pilotos de m\u00ednimo 11 ( ONCE ) a\u00f1os cumplidos a la fecha de la primera carrera en la que vaya a participar y de m\u00e1ximo 13 ( TRECE ) a\u00f1os cumplidos durante el Campeonato.<\/p>\n<p><b><span style=\"text-decoration: underline;\">Categor\u00eda Juniors 125:<\/span><\/b>\u00a0 Para pilotos de m\u00ednimo 13 ( TRECE ) a\u00f1os cumplidos a la fecha de la primera carrera en la que vaya a participar y de <b>m\u00e1ximo 15 ( QUINCE<\/b> ) a\u00f1os cumplidos durante el Campeonato.<\/p>\n<p><b><span style=\"text-decoration: underline;\">Categor\u00eda Seniors Super\u00a0 PRO:<\/span><\/b>\u00a0 Para pilotos de <b>15 ( QUINCE<\/b> ) a\u00f1os cumplidos a la fecha de la primera carrera en la que vaya a participar y\u00a0 SIN TOPE DE EDAD.-<\/p>\n<p><b><span style=\"text-decoration: underline;\">Categor\u00eda Super\u00a0 4 T:\u00a0 <\/span><\/b>Para pilotos de m\u00ednimo <b>16 ( DIESISEIS<\/b> ) a\u00f1os cumplidos a la fecha de la primera carrera en la que vaya a participar y SIN TOPE DE EDAD.-<\/p>\n<p><img loading=\"lazy\" decoding=\"async\" class=\"aligncenter size-full wp-image-28946\" alt=\"IMG_0837\" src=\"http:\/\/curva1kart.com.ar\/noticias\/wp-content\/uploads\/2013\/05\/IMG_0837.jpg\" width=\"600\" height=\"337\" srcset=\"http:\/\/curva1kart.com.ar\/noticias\/wp-content\/uploads\/2013\/05\/IMG_0837.jpg 600w, http:\/\/curva1kart.com.ar\/noticias\/wp-content\/uploads\/2013\/05\/IMG_0837-200x113.jpg 200w, http:\/\/curva1kart.com.ar\/noticias\/wp-content\/uploads\/2013\/05\/IMG_0837-400x225.jpg 400w, http:\/\/curva1kart.com.ar\/noticias\/wp-content\/uploads\/2013\/05\/IMG_0837-300x168.jpg 300w\" sizes=\"auto, (max-width: 600px) 100vw, 600px\" \/><\/p>\n<p><span style=\"color: #3366ff;\"><strong>ANEXO TECNICO PRE JUNIOR<\/strong><\/span><\/p>\n<p>La FEDERACI\u00d3N MENDOCINA DE AUTOMOVILISMO DEPORTIVO, informa a los pilotos y concurrentes licenciados participantes en la Categor\u00eda PRE-JUNIORS 125cc., del CAMPEONATO MZ-KART 2013, que se ha dispuesto modificar el reglamento t\u00e9cnico vigente versi\u00f3n (1-2013), en los siguientes puntos, a saber:<\/p>\n<p>14-<span style=\"text-decoration: underline;\"> CARBURADOR:<\/span><\/p>\n<p>Para los motores refrigerados por aire y los refrigerados por agua modelo antiguo se permite<\/p>\n<p>carburador Tillotson cuyo di\u00e1metro de venturi ser\u00e1 24mm como m\u00e1ximo.<\/p>\n<p>17- <span style=\"text-decoration: underline;\">ENCENDIDO:<\/span><\/p>\n<p>Original de los motores marca PVL o SELETTA punto fijo avance hasta 3,2mm para los motores<\/p>\n<p>de aire y agua modelo antiguo. Libre para el modelo Parilla MY10 con limitador a 14.500rpm.<\/p>\n<p><span style=\"color: #3366ff;\"><strong>ANEXO TECNICO JUNIOR<\/strong><\/span><\/p>\n<p>La FEDERACI\u00d3N MENDOCINA DE AUTOMOVILISMO DEPORTIVO, informa a los pilotos y concurrentes licenciados participantes en la Categor\u00eda JUNIORS 125cc., del CAMPEONATO MZ-KART 2013, que se ha dispuesto modificar el reglamento t\u00e9cnico vigente versi\u00f3n (1-2013), en los siguientes puntos, a saber:<\/p>\n<p>14-<span style=\"text-decoration: underline;\"> CARBURADOR: <\/span><\/p>\n<p>Para los motores refrigerados por aire y los refrigerados por agua modelo antiguo se permite<\/p>\n<p>carburador Tillotson cuyo di\u00e1metro de venturi ser\u00e1 24mm como m\u00e1ximo.<\/p>\n<p>17- <span style=\"text-decoration: underline;\">ENCENDIDO:<\/span><\/p>\n<p>Original de los motores marca PVL o SELETTA punto fijo avance hasta 3,2mm para los motores<\/p>\n<p>de aire y agua modelo antiguo. Libre para el modelo Parilla MY10 con limitador a 15.500rpm.<\/p>\n","protected":false},"excerpt":{"rendered":"<p>A partir de ma\u00f1ana se comenzar\u00e1 a transitar la 2\u00ba fecha del Campeonato Cuyano de Karting, cita para la cual existen varias novedades \u00fatiles para pilotos y equipos. La organizaci\u00f3n del Campeonato Cuyano de Karting ya posee un Facebook para que todos los interesados est\u00e9n informados a trav\u00e9s de la red social. Tienen que hacer&#46;&#46;&#46;<\/p>\n","protected":false},"author":1,"featured_media":28939,"comment_status":"open","ping_status":"open","sticky":false,"template":"","format":"standard","meta":{"footnotes":""},"categories":[1],"tags":[],"class_list":["post-28938","post","type-post","status-publish","format-standard","has-post-thumbnail","hentry","category-mendoza"],"yoast_head":"<!-- This site is optimized with the Yoast SEO Premium plugin v14.7 - https:\/\/yoast.com\/wordpress\/plugins\/seo\/ -->\n<title>CUYANO. Cronograma y datos \u00fatiles - Curva 1 KART<\/title>\n<meta name=\"robots\" content=\"index, follow\" \/>\n<meta name=\"googlebot\" content=\"index, follow, max-snippet:-1, max-image-preview:large, max-video-preview:-1\" \/>\n<meta name=\"bingbot\" content=\"index, follow, max-snippet:-1, max-image-preview:large, max-video-preview:-1\" \/>\n<link rel=\"canonical\" href=\"https:\/\/curva1kart.com.ar\/noticias\/?p=28938\" \/>\n<meta property=\"og:locale\" content=\"en_US\" \/>\n<meta property=\"og:type\" content=\"article\" \/>\n<meta property=\"og:title\" content=\"CUYANO. Cronograma y datos \u00fatiles - Curva 1 KART\" \/>\n<meta property=\"og:description\" content=\"A partir de ma\u00f1ana se comenzar\u00e1 a transitar la 2\u00ba fecha del Campeonato Cuyano de Karting, cita para la cual existen varias novedades \u00fatiles para pilotos y equipos. La organizaci\u00f3n del Campeonato Cuyano de Karting ya posee un Facebook para que todos los interesados est\u00e9n informados a trav\u00e9s de la red social. Tienen que hacer&#046;&#046;&#046;\" \/>\n<meta property=\"og:url\" content=\"https:\/\/curva1kart.com.ar\/noticias\/?p=28938\" \/>\n<meta property=\"og:site_name\" content=\"Curva 1 KART\" \/>\n<meta property=\"article:publisher\" content=\"https:\/\/www.facebook.com\/curva1kart\/\" \/>\n<meta property=\"article:published_time\" content=\"2013-05-10T15:59:50+00:00\" \/>\n<meta property=\"article:modified_time\" content=\"2013-05-12T02:10:24+00:00\" \/>\n<meta property=\"og:image\" content=\"http:\/\/curva1kart.com.ar\/noticias\/wp-content\/uploads\/2013\/05\/IMG_1514.jpg\" \/>\n\t<meta property=\"og:image:width\" content=\"600\" \/>\n\t<meta property=\"og:image:height\" content=\"337\" \/>\n<meta property=\"fb:app_id\" content=\"104995992409\" \/>\n<meta name=\"twitter:card\" content=\"summary_large_image\" \/>\n<meta name=\"twitter:creator\" content=\"@Curva1KART\" \/>\n<meta name=\"twitter:site\" content=\"@Curva1KART\" \/>\n<script type=\"application\/ld+json\" class=\"yoast-schema-graph\">{\"@context\":\"https:\/\/schema.org\",\"@graph\":[{\"@type\":\"WebSite\",\"@id\":\"https:\/\/curva1kart.com.ar\/noticias\/#website\",\"url\":\"https:\/\/curva1kart.com.ar\/noticias\/\",\"name\":\"Curva 1 KART\",\"description\":\"Karting Argentino, Sudamericano e Internacional\",\"potentialAction\":[{\"@type\":\"SearchAction\",\"target\":\"https:\/\/curva1kart.com.ar\/noticias\/?s={search_term_string}\",\"query-input\":\"required name=search_term_string\"}],\"inLanguage\":\"en-US\"},{\"@type\":\"ImageObject\",\"@id\":\"https:\/\/curva1kart.com.ar\/noticias\/?p=28938#primaryimage\",\"inLanguage\":\"en-US\",\"url\":\"http:\/\/curva1kart.com.ar\/noticias\/wp-content\/uploads\/2013\/05\/IMG_1514.jpg\",\"width\":600,\"height\":337},{\"@type\":\"WebPage\",\"@id\":\"https:\/\/curva1kart.com.ar\/noticias\/?p=28938#webpage\",\"url\":\"https:\/\/curva1kart.com.ar\/noticias\/?p=28938\",\"name\":\"CUYANO. Cronograma y datos \\u00fatiles - Curva 1 KART\",\"isPartOf\":{\"@id\":\"https:\/\/curva1kart.com.ar\/noticias\/#website\"},\"primaryImageOfPage\":{\"@id\":\"https:\/\/curva1kart.com.ar\/noticias\/?p=28938#primaryimage\"},\"datePublished\":\"2013-05-10T15:59:50+00:00\",\"dateModified\":\"2013-05-12T02:10:24+00:00\",\"author\":{\"@id\":\"https:\/\/curva1kart.com.ar\/noticias\/#\/schema\/person\/710d14304c85d21660d185f262399043\"},\"inLanguage\":\"en-US\",\"potentialAction\":[{\"@type\":\"ReadAction\",\"target\":[\"https:\/\/curva1kart.com.ar\/noticias\/?p=28938\"]}]},{\"@type\":[\"Person\"],\"@id\":\"https:\/\/curva1kart.com.ar\/noticias\/#\/schema\/person\/710d14304c85d21660d185f262399043\",\"name\":\"Jos\\u00e9 Bravo\"}]}<\/script>\n<!-- \/ Yoast SEO Premium plugin. -->","_links":{"self":[{"href":"https:\/\/curva1kart.com.ar\/noticias\/index.php?rest_route=\/wp\/v2\/posts\/28938","targetHints":{"allow":["GET"]}}],"collection":[{"href":"https:\/\/curva1kart.com.ar\/noticias\/index.php?rest_route=\/wp\/v2\/posts"}],"about":[{"href":"https:\/\/curva1kart.com.ar\/noticias\/index.php?rest_route=\/wp\/v2\/types\/post"}],"author":[{"embeddable":true,"href":"https:\/\/curva1kart.com.ar\/noticias\/index.php?rest_route=\/wp\/v2\/users\/1"}],"replies":[{"embeddable":true,"href":"https:\/\/curva1kart.com.ar\/noticias\/index.php?rest_route=%2Fwp%2Fv2%2Fcomments&post=28938"}],"version-history":[{"count":10,"href":"https:\/\/curva1kart.com.ar\/noticias\/index.php?rest_route=\/wp\/v2\/posts\/28938\/revisions"}],"predecessor-version":[{"id":28942,"href":"https:\/\/curva1kart.com.ar\/noticias\/index.php?rest_route=\/wp\/v2\/posts\/28938\/revisions\/28942"}],"wp:featuredmedia":[{"embeddable":true,"href":"https:\/\/curva1kart.com.ar\/noticias\/index.php?rest_route=\/wp\/v2\/media\/28939"}],"wp:attachment":[{"href":"https:\/\/curva1kart.com.ar\/noticias\/index.php?rest_route=%2Fwp%2Fv2%2Fmedia&parent=28938"}],"wp:term":[{"taxonomy":"category","embeddable":true,"href":"https:\/\/curva1kart.com.ar\/noticias\/index.php?rest_route=%2Fwp%2Fv2%2Fcategories&post=28938"},{"taxonomy":"post_tag","embeddable":true,"href":"https:\/\/curva1kart.com.ar\/noticias\/index.php?rest_route=%2Fwp%2Fv2%2Ftags&post=28938"}],"curies":[{"name":"wp","href":"https:\/\/api.w.org\/{rel}","templated":true}]}}