{"id":125236,"date":"2026-09-05T15:31:21","date_gmt":"2026-09-05T18:31:21","guid":{"rendered":"https:\/\/curva1kart.com.ar\/noticias\/?p=125236"},"modified":"2026-09-05T15:36:04","modified_gmt":"2026-09-05T18:36:04","slug":"calendario-2027-para-las-competencias-de-fia-karting","status":"publish","type":"post","link":"https:\/\/curva1kart.com.ar\/noticias\/?p=125236","title":{"rendered":"Calendario 2027 para las competencias de FIA Karting"},"content":{"rendered":"<p><img loading=\"lazy\" decoding=\"async\" class=\"aligncenter wp-image-125238 size-full\" src=\"http:\/\/curva1kart.com.ar\/noticias\/wp-content\/uploads\/2026\/09\/fia-karting-academy-trophy-2026.jpg\" alt=\"\" width=\"2000\" height=\"1333\" srcset=\"http:\/\/curva1kart.com.ar\/noticias\/wp-content\/uploads\/2026\/09\/fia-karting-academy-trophy-2026.jpg 2000w, http:\/\/curva1kart.com.ar\/noticias\/wp-content\/uploads\/2026\/09\/fia-karting-academy-trophy-2026-1000x667.jpg 1000w, http:\/\/curva1kart.com.ar\/noticias\/wp-content\/uploads\/2026\/09\/fia-karting-academy-trophy-2026-1024x682.jpg 1024w, http:\/\/curva1kart.com.ar\/noticias\/wp-content\/uploads\/2026\/09\/fia-karting-academy-trophy-2026-768x512.jpg 768w, http:\/\/curva1kart.com.ar\/noticias\/wp-content\/uploads\/2026\/09\/fia-karting-academy-trophy-2026-1536x1024.jpg 1536w\" sizes=\"auto, (max-width: 2000px) 100vw, 2000px\" \/><\/p>\n<p><span dir=\"auto\"><strong>FIA Karting<\/strong> ha confirmado el calendario de 2027 tras la aprobaci\u00f3n del Consejo Mundial del Deporte del Motor. El calendario incluye nuevos circuitos, el regreso a algunas de las pistas de karting m\u00e1s emblem\u00e1ticas del mundo y culmina con la celebraci\u00f3n del <strong>Campeonato Mundial de Karting FIA 2027<\/strong> en los circuitos de <strong>Ugento (Italia) y Sakhir (Bar\u00e9in).<\/strong><\/span><\/p>\n<p><span dir=\"auto\">La temporada 2027 de la FIA Karting dar\u00e1 comienzo en abril del pr\u00f3ximo a\u00f1o con el esperado regreso al <strong>Circuito Internacional de Zuera<\/strong>, que figur\u00f3 por \u00faltima vez en el calendario de la FIA Karting en 2023. El circuito espa\u00f1ol se encuentra actualmente en obras de modificaci\u00f3n antes de acoger la primera prueba del Campeonato Europeo de Karting Mondokart.com FIA 2027 para pilotos OK y Junior.<\/span><\/p>\n<p><span dir=\"auto\"><strong>Kristianstad<\/strong> en Suecia y <strong>Genk<\/strong> en B\u00e9lgica permanecen en el calendario del Campeonato Europeo para 2027, mientras que <strong>Wackersdorf<\/strong> en Alemania y <strong>Trinec<\/strong> en la Rep\u00fablica Checa regresan al calendario despu\u00e9s de sus \u00faltimas apariciones en 2023.<\/span><\/p>\n<p><span dir=\"auto\">El<strong> ic\u00f3nico circuito de Silverstone en el Reino Unido<\/strong> hace su debut en el calendario de karting de la FIA despu\u00e9s de que la pista brit\u00e1nica de F\u00f3rmula 1 inaugurara un circuito de karting a principios de este a\u00f1o. La nueva instalaci\u00f3n incluye una secci\u00f3n de la pista que incorpora la curva Bridge del circuito de Gran Premio de Silverstone de 1991-2009 y albergar\u00e1 la segunda ronda del Campeonato Europeo de Karting Mondokart.com FIA 2027 para pilotos OK y Junior en mayo de 2027.<\/span><\/p>\n<p><span dir=\"auto\">Tras la conclusi\u00f3n de la temporada europea, el <strong>Circuito Internazionale Napoli,<\/strong> un referente del karting, albergar\u00e1 la Copa del Mundo de Karting FIA 2027 \u2013 OK-N y OK-NJ, que tambi\u00e9n incluir\u00e1 la conclusi\u00f3n de la temporada 2026 del Trofeo de la Academia de Karting FIA, que nuevamente constar\u00e1 de tres rondas para cada una de las categor\u00edas junior y senior.<\/span><\/p>\n<p><span dir=\"auto\">El <strong>circuito Pista Salentina en Ugento,<\/strong> al sur de Italia, volver\u00e1 al calendario de la FIA Karting en octubre, ya que albergar\u00e1 el Campeonato Mundial de Karting Mondokart.com FIA 2027 \u2013 KZ, un Campeonato Mundial que organiz\u00f3 exactamente 30 a\u00f1os antes cuando la categor\u00eda se llamaba \u201cF\u00f3rmula C\u201d. El paddock de la FIA Karting se trasladar\u00e1 luego a <strong>Bahr\u00e9in<\/strong> para el prestigioso Campeonato Mundial OK y Junior en noviembre, que pondr\u00e1 fin a la temporada tradicional de la FIA Karting.<\/span><\/p>\n<p><strong><span dir=\"auto\">Akbar Ebrahim, presidente de la Comisi\u00f3n de Karting de la FIA, dijo:\u00a0<\/span><\/strong><span dir=\"auto\">\u00a0\u201cLa temporada 2027 ser\u00e1 espectacular para la FIA Karting, ya que visitaremos nuevos circuitos, regresaremos a favoritos y cerraremos el a\u00f1o con dos eventos hist\u00f3ricos del Campeonato Mundial en Italia y Bahr\u00e9in. Mi agradecimiento a nuestros clubes miembros de la FIA por su cooperaci\u00f3n y apoyo en la creaci\u00f3n de este emocionante calendario, mientras esperamos otro a\u00f1o apasionante de carreras\u201d.<\/span><\/p>\n<p><span dir=\"auto\">Los detalles del calendario Arrive and Drive 2027 de la FIA Karting se publicar\u00e1n a su debido tiempo.<\/span><\/p>\n<p><img loading=\"lazy\" decoding=\"async\" class=\"aligncenter size-full wp-image-125237\" src=\"http:\/\/curva1kart.com.ar\/noticias\/wp-content\/uploads\/2026\/09\/Calendario-FIA-Karting-2027.jpg\" alt=\"\" width=\"960\" height=\"540\" srcset=\"http:\/\/curva1kart.com.ar\/noticias\/wp-content\/uploads\/2026\/09\/Calendario-FIA-Karting-2027.jpg 960w, http:\/\/curva1kart.com.ar\/noticias\/wp-content\/uploads\/2026\/09\/Calendario-FIA-Karting-2027-300x169.jpg 300w, http:\/\/curva1kart.com.ar\/noticias\/wp-content\/uploads\/2026\/09\/Calendario-FIA-Karting-2027-768x432.jpg 768w\" sizes=\"auto, (max-width: 960px) 100vw, 960px\" \/><\/p>\n","protected":false},"excerpt":{"rendered":"<p>FIA Karting ha confirmado el calendario de 2027 tras la aprobaci\u00f3n del Consejo Mundial del Deporte del Motor. El calendario incluye nuevos circuitos, el regreso a algunas de las pistas de karting m\u00e1s emblem\u00e1ticas del mundo y culmina con la celebraci\u00f3n del Campeonato Mundial de Karting FIA 2027 en los circuitos de Ugento (Italia) y&#46;&#46;&#46;<\/p>\n","protected":false},"author":1,"featured_media":125238,"comment_status":"closed","ping_status":"closed","sticky":false,"template":"","format":"standard","meta":{"footnotes":""},"categories":[17],"tags":[],"class_list":["post-125236","post","type-post","status-publish","format-standard","has-post-thumbnail","hentry","category-internacionales"],"yoast_head":"<!-- This site is optimized with the Yoast SEO Premium plugin v14.7 - https:\/\/yoast.com\/wordpress\/plugins\/seo\/ -->\n<title>Calendario 2027 para las competencias de FIA Karting - Curva 1 KART<\/title>\n<meta name=\"robots\" content=\"index, follow\" \/>\n<meta name=\"googlebot\" content=\"index, follow, max-snippet:-1, max-image-preview:large, max-video-preview:-1\" \/>\n<meta name=\"bingbot\" content=\"index, follow, max-snippet:-1, max-image-preview:large, max-video-preview:-1\" \/>\n<link rel=\"canonical\" href=\"https:\/\/curva1kart.com.ar\/noticias\/?p=125236\" \/>\n<meta property=\"og:locale\" content=\"en_US\" \/>\n<meta property=\"og:type\" content=\"article\" \/>\n<meta property=\"og:title\" content=\"Calendario 2027 para las competencias de FIA Karting - Curva 1 KART\" \/>\n<meta property=\"og:description\" content=\"FIA Karting ha confirmado el calendario de 2027 tras la aprobaci\u00f3n del Consejo Mundial del Deporte del Motor. El calendario incluye nuevos circuitos, el regreso a algunas de las pistas de karting m\u00e1s emblem\u00e1ticas del mundo y culmina con la celebraci\u00f3n del Campeonato Mundial de Karting FIA 2027 en los circuitos de Ugento (Italia) y&#046;&#046;&#046;\" \/>\n<meta property=\"og:url\" content=\"https:\/\/curva1kart.com.ar\/noticias\/?p=125236\" \/>\n<meta property=\"og:site_name\" content=\"Curva 1 KART\" \/>\n<meta property=\"article:publisher\" content=\"https:\/\/www.facebook.com\/curva1kart\/\" \/>\n<meta property=\"article:published_time\" content=\"2026-09-05T18:31:21+00:00\" \/>\n<meta property=\"article:modified_time\" content=\"2026-09-05T18:36:04+00:00\" \/>\n<meta property=\"og:image\" content=\"http:\/\/curva1kart.com.ar\/noticias\/wp-content\/uploads\/2026\/09\/fia-karting-academy-trophy-2026.jpg\" \/>\n\t<meta property=\"og:image:width\" content=\"2000\" \/>\n\t<meta property=\"og:image:height\" content=\"1333\" \/>\n<meta property=\"fb:app_id\" content=\"104995992409\" \/>\n<meta name=\"twitter:card\" content=\"summary_large_image\" \/>\n<meta name=\"twitter:creator\" content=\"@Curva1KART\" \/>\n<meta name=\"twitter:site\" content=\"@Curva1KART\" \/>\n<script type=\"application\/ld+json\" class=\"yoast-schema-graph\">{\"@context\":\"https:\/\/schema.org\",\"@graph\":[{\"@type\":\"WebSite\",\"@id\":\"https:\/\/curva1kart.com.ar\/noticias\/#website\",\"url\":\"https:\/\/curva1kart.com.ar\/noticias\/\",\"name\":\"Curva 1 KART\",\"description\":\"Karting Argentino, Sudamericano e Internacional\",\"potentialAction\":[{\"@type\":\"SearchAction\",\"target\":\"https:\/\/curva1kart.com.ar\/noticias\/?s={search_term_string}\",\"query-input\":\"required name=search_term_string\"}],\"inLanguage\":\"en-US\"},{\"@type\":\"ImageObject\",\"@id\":\"https:\/\/curva1kart.com.ar\/noticias\/?p=125236#primaryimage\",\"inLanguage\":\"en-US\",\"url\":\"http:\/\/curva1kart.com.ar\/noticias\/wp-content\/uploads\/2026\/09\/fia-karting-academy-trophy-2026.jpg\",\"width\":2000,\"height\":1333,\"caption\":\"Genolet Alexis, Academy Senior, CHE, EXPRIT \/ VORTEX \/ MAXXIS, GENOLET CEDRIC, Academy Trophy, KRISTIANSTAD, International Race, \\u00a9 KSP Reportages\"},{\"@type\":\"WebPage\",\"@id\":\"https:\/\/curva1kart.com.ar\/noticias\/?p=125236#webpage\",\"url\":\"https:\/\/curva1kart.com.ar\/noticias\/?p=125236\",\"name\":\"Calendario 2027 para las competencias de FIA Karting - Curva 1 KART\",\"isPartOf\":{\"@id\":\"https:\/\/curva1kart.com.ar\/noticias\/#website\"},\"primaryImageOfPage\":{\"@id\":\"https:\/\/curva1kart.com.ar\/noticias\/?p=125236#primaryimage\"},\"datePublished\":\"2026-09-05T18:31:21+00:00\",\"dateModified\":\"2026-09-05T18:36:04+00:00\",\"author\":{\"@id\":\"https:\/\/curva1kart.com.ar\/noticias\/#\/schema\/person\/710d14304c85d21660d185f262399043\"},\"inLanguage\":\"en-US\",\"potentialAction\":[{\"@type\":\"ReadAction\",\"target\":[\"https:\/\/curva1kart.com.ar\/noticias\/?p=125236\"]}]},{\"@type\":[\"Person\"],\"@id\":\"https:\/\/curva1kart.com.ar\/noticias\/#\/schema\/person\/710d14304c85d21660d185f262399043\",\"name\":\"Jos\\u00e9 Bravo\"}]}<\/script>\n<!-- \/ Yoast SEO Premium plugin. -->","_links":{"self":[{"href":"https:\/\/curva1kart.com.ar\/noticias\/index.php?rest_route=\/wp\/v2\/posts\/125236","targetHints":{"allow":["GET"]}}],"collection":[{"href":"https:\/\/curva1kart.com.ar\/noticias\/index.php?rest_route=\/wp\/v2\/posts"}],"about":[{"href":"https:\/\/curva1kart.com.ar\/noticias\/index.php?rest_route=\/wp\/v2\/types\/post"}],"author":[{"embeddable":true,"href":"https:\/\/curva1kart.com.ar\/noticias\/index.php?rest_route=\/wp\/v2\/users\/1"}],"replies":[{"embeddable":true,"href":"https:\/\/curva1kart.com.ar\/noticias\/index.php?rest_route=%2Fwp%2Fv2%2Fcomments&post=125236"}],"version-history":[{"count":3,"href":"https:\/\/curva1kart.com.ar\/noticias\/index.php?rest_route=\/wp\/v2\/posts\/125236\/revisions"}],"predecessor-version":[{"id":125241,"href":"https:\/\/curva1kart.com.ar\/noticias\/index.php?rest_route=\/wp\/v2\/posts\/125236\/revisions\/125241"}],"wp:featuredmedia":[{"embeddable":true,"href":"https:\/\/curva1kart.com.ar\/noticias\/index.php?rest_route=\/wp\/v2\/media\/125238"}],"wp:attachment":[{"href":"https:\/\/curva1kart.com.ar\/noticias\/index.php?rest_route=%2Fwp%2Fv2%2Fmedia&parent=125236"}],"wp:term":[{"taxonomy":"category","embeddable":true,"href":"https:\/\/curva1kart.com.ar\/noticias\/index.php?rest_route=%2Fwp%2Fv2%2Fcategories&post=125236"},{"taxonomy":"post_tag","embeddable":true,"href":"https:\/\/curva1kart.com.ar\/noticias\/index.php?rest_route=%2Fwp%2Fv2%2Ftags&post=125236"}],"curies":[{"name":"wp","href":"https:\/\/api.w.org\/{rel}","templated":true}]}}