{"id":125227,"date":"2026-09-05T15:21:36","date_gmt":"2026-09-05T18:21:36","guid":{"rendered":"https:\/\/curva1kart.com.ar\/noticias\/?p=125227"},"modified":"2026-09-05T15:21:36","modified_gmt":"2026-09-05T18:21:36","slug":"el-diseno-del-nuevo-kartodromo-internacional-ciudad-de-luque-en-paraguay","status":"publish","type":"post","link":"https:\/\/curva1kart.com.ar\/noticias\/?p=125227","title":{"rendered":"El dise\u00f1o del nuevo Kart\u00f3dromo Internacional Ciudad de Luque, en Paraguay"},"content":{"rendered":"<p><img loading=\"lazy\" decoding=\"async\" class=\"aligncenter size-full wp-image-125234\" src=\"http:\/\/curva1kart.com.ar\/noticias\/wp-content\/uploads\/2026\/09\/Hoy-les-mostramos-el-Proyecto-del-Kartodromo-Internacional-Ciudad-de-Luque-2-1.jpg\" alt=\"\" width=\"1170\" height=\"780\" srcset=\"http:\/\/curva1kart.com.ar\/noticias\/wp-content\/uploads\/2026\/09\/Hoy-les-mostramos-el-Proyecto-del-Kartodromo-Internacional-Ciudad-de-Luque-2-1.jpg 1170w, http:\/\/curva1kart.com.ar\/noticias\/wp-content\/uploads\/2026\/09\/Hoy-les-mostramos-el-Proyecto-del-Kartodromo-Internacional-Ciudad-de-Luque-2-1-1000x667.jpg 1000w, http:\/\/curva1kart.com.ar\/noticias\/wp-content\/uploads\/2026\/09\/Hoy-les-mostramos-el-Proyecto-del-Kartodromo-Internacional-Ciudad-de-Luque-2-1-1024x683.jpg 1024w, http:\/\/curva1kart.com.ar\/noticias\/wp-content\/uploads\/2026\/09\/Hoy-les-mostramos-el-Proyecto-del-Kartodromo-Internacional-Ciudad-de-Luque-2-1-768x512.jpg 768w\" sizes=\"auto, (max-width: 1170px) 100vw, 1170px\" \/><\/p>\n<p>Te presentamos el dise\u00f1o del nuevo <strong>Kart\u00f3dromo Internacional Ciudad de Luque (en Paraguay)<\/strong> que hace unos d\u00edas fue presentado por el arquitecto argentino<strong>\u00a0Ra\u00fal Berecibar<\/strong>\u00a0ante importantes autoridades nacionales e internacionales, marcando un paso clave para el futuro del karting paraguayo.<\/p>\n<p>En la presentaci\u00f3n estuvieron\u00a0el presidente de Paraguay, Santiago Pe\u00f1a;\u00a0el presidente de la\u00a0FIA, <strong>Mohammed Ben Sulayem<\/strong>; y el titular del\u00a0Karting Club Paraguayo, Jorge \u201cTiko\u201d Maune.<\/p>\n<p>El circuito dise\u00f1ado est\u00e1 concebido para alcanzar los est\u00e1ndares internacionales y obtener <strong>Licencia Grado 1. <\/strong>Tendr\u00e1 1205 de largo y 9 metros de ancho.<\/p>\n<p><img loading=\"lazy\" decoding=\"async\" class=\"aligncenter size-full wp-image-125228\" src=\"http:\/\/curva1kart.com.ar\/noticias\/wp-content\/uploads\/2026\/09\/Hoy-les-mostramos-el-Proyecto-del-Kartodromo-Internacional-Ciudad-de-Luque.jpg\" alt=\"\" width=\"1170\" height=\"1463\" srcset=\"http:\/\/curva1kart.com.ar\/noticias\/wp-content\/uploads\/2026\/09\/Hoy-les-mostramos-el-Proyecto-del-Kartodromo-Internacional-Ciudad-de-Luque.jpg 1170w, http:\/\/curva1kart.com.ar\/noticias\/wp-content\/uploads\/2026\/09\/Hoy-les-mostramos-el-Proyecto-del-Kartodromo-Internacional-Ciudad-de-Luque-819x1024.jpg 819w, http:\/\/curva1kart.com.ar\/noticias\/wp-content\/uploads\/2026\/09\/Hoy-les-mostramos-el-Proyecto-del-Kartodromo-Internacional-Ciudad-de-Luque-768x960.jpg 768w\" sizes=\"auto, (max-width: 1170px) 100vw, 1170px\" \/> <img loading=\"lazy\" decoding=\"async\" class=\"aligncenter size-full wp-image-125229\" src=\"http:\/\/curva1kart.com.ar\/noticias\/wp-content\/uploads\/2026\/09\/Hoy-les-mostramos-el-Proyecto-del-Kartodromo-Internacional-Ciudad-de-Luque-4.jpg\" alt=\"\" width=\"1170\" height=\"1463\" srcset=\"http:\/\/curva1kart.com.ar\/noticias\/wp-content\/uploads\/2026\/09\/Hoy-les-mostramos-el-Proyecto-del-Kartodromo-Internacional-Ciudad-de-Luque-4.jpg 1170w, http:\/\/curva1kart.com.ar\/noticias\/wp-content\/uploads\/2026\/09\/Hoy-les-mostramos-el-Proyecto-del-Kartodromo-Internacional-Ciudad-de-Luque-4-819x1024.jpg 819w, http:\/\/curva1kart.com.ar\/noticias\/wp-content\/uploads\/2026\/09\/Hoy-les-mostramos-el-Proyecto-del-Kartodromo-Internacional-Ciudad-de-Luque-4-768x960.jpg 768w\" sizes=\"auto, (max-width: 1170px) 100vw, 1170px\" \/> <img loading=\"lazy\" decoding=\"async\" class=\"aligncenter size-full wp-image-125230\" src=\"http:\/\/curva1kart.com.ar\/noticias\/wp-content\/uploads\/2026\/09\/Hoy-les-mostramos-el-Proyecto-del-Kartodromo-Internacional-Ciudad-de-Luque-2.jpg\" alt=\"\" width=\"1170\" height=\"1463\" srcset=\"http:\/\/curva1kart.com.ar\/noticias\/wp-content\/uploads\/2026\/09\/Hoy-les-mostramos-el-Proyecto-del-Kartodromo-Internacional-Ciudad-de-Luque-2.jpg 1170w, http:\/\/curva1kart.com.ar\/noticias\/wp-content\/uploads\/2026\/09\/Hoy-les-mostramos-el-Proyecto-del-Kartodromo-Internacional-Ciudad-de-Luque-2-819x1024.jpg 819w, http:\/\/curva1kart.com.ar\/noticias\/wp-content\/uploads\/2026\/09\/Hoy-les-mostramos-el-Proyecto-del-Kartodromo-Internacional-Ciudad-de-Luque-2-768x960.jpg 768w\" sizes=\"auto, (max-width: 1170px) 100vw, 1170px\" \/> <img loading=\"lazy\" decoding=\"async\" class=\"aligncenter size-full wp-image-125231\" src=\"http:\/\/curva1kart.com.ar\/noticias\/wp-content\/uploads\/2026\/09\/\u00a1Paso-clave-para-el-automovilismo-paraguayoEl-pasado-sabado-29-de-agosto-el-Arq.-Raul-Berecibar-2-1.jpg\" alt=\"\" width=\"885\" height=\"1107\" srcset=\"http:\/\/curva1kart.com.ar\/noticias\/wp-content\/uploads\/2026\/09\/\u00a1Paso-clave-para-el-automovilismo-paraguayoEl-pasado-sabado-29-de-agosto-el-Arq.-Raul-Berecibar-2-1.jpg 885w, http:\/\/curva1kart.com.ar\/noticias\/wp-content\/uploads\/2026\/09\/\u00a1Paso-clave-para-el-automovilismo-paraguayoEl-pasado-sabado-29-de-agosto-el-Arq.-Raul-Berecibar-2-1-819x1024.jpg 819w, http:\/\/curva1kart.com.ar\/noticias\/wp-content\/uploads\/2026\/09\/\u00a1Paso-clave-para-el-automovilismo-paraguayoEl-pasado-sabado-29-de-agosto-el-Arq.-Raul-Berecibar-2-1-768x961.jpg 768w\" sizes=\"auto, (max-width: 885px) 100vw, 885px\" \/> <img loading=\"lazy\" decoding=\"async\" class=\"aligncenter size-full wp-image-125232\" src=\"http:\/\/curva1kart.com.ar\/noticias\/wp-content\/uploads\/2026\/09\/Hoy-les-mostramos-el-Proyecto-del-Kartodromo-Internacional-Ciudad-de-Luque-3.jpg\" alt=\"\" width=\"1050\" height=\"1313\" srcset=\"http:\/\/curva1kart.com.ar\/noticias\/wp-content\/uploads\/2026\/09\/Hoy-les-mostramos-el-Proyecto-del-Kartodromo-Internacional-Ciudad-de-Luque-3.jpg 1050w, http:\/\/curva1kart.com.ar\/noticias\/wp-content\/uploads\/2026\/09\/Hoy-les-mostramos-el-Proyecto-del-Kartodromo-Internacional-Ciudad-de-Luque-3-819x1024.jpg 819w, http:\/\/curva1kart.com.ar\/noticias\/wp-content\/uploads\/2026\/09\/Hoy-les-mostramos-el-Proyecto-del-Kartodromo-Internacional-Ciudad-de-Luque-3-768x960.jpg 768w\" sizes=\"auto, (max-width: 1050px) 100vw, 1050px\" \/> <img loading=\"lazy\" decoding=\"async\" class=\"aligncenter size-full wp-image-125233\" src=\"http:\/\/curva1kart.com.ar\/noticias\/wp-content\/uploads\/2026\/09\/Hoy-les-mostramos-el-Proyecto-del-Kartodromo-Internacional-Ciudad-de-Luque-1.jpg\" alt=\"\" width=\"1050\" height=\"1313\" srcset=\"http:\/\/curva1kart.com.ar\/noticias\/wp-content\/uploads\/2026\/09\/Hoy-les-mostramos-el-Proyecto-del-Kartodromo-Internacional-Ciudad-de-Luque-1.jpg 1050w, http:\/\/curva1kart.com.ar\/noticias\/wp-content\/uploads\/2026\/09\/Hoy-les-mostramos-el-Proyecto-del-Kartodromo-Internacional-Ciudad-de-Luque-1-819x1024.jpg 819w, http:\/\/curva1kart.com.ar\/noticias\/wp-content\/uploads\/2026\/09\/Hoy-les-mostramos-el-Proyecto-del-Kartodromo-Internacional-Ciudad-de-Luque-1-768x960.jpg 768w\" sizes=\"auto, (max-width: 1050px) 100vw, 1050px\" \/><\/p>\n","protected":false},"excerpt":{"rendered":"<p>Te presentamos el dise\u00f1o del nuevo Kart\u00f3dromo Internacional Ciudad de Luque (en Paraguay) que hace unos d\u00edas fue presentado por el arquitecto argentino\u00a0Ra\u00fal Berecibar\u00a0ante importantes autoridades nacionales e internacionales, marcando un paso clave para el futuro del karting paraguayo. En la presentaci\u00f3n estuvieron\u00a0el presidente de Paraguay, Santiago Pe\u00f1a;\u00a0el presidente de la\u00a0FIA, Mohammed Ben Sulayem; y&#46;&#46;&#46;<\/p>\n","protected":false},"author":1,"featured_media":125234,"comment_status":"closed","ping_status":"closed","sticky":false,"template":"","format":"standard","meta":{"footnotes":""},"categories":[17],"tags":[],"class_list":["post-125227","post","type-post","status-publish","format-standard","has-post-thumbnail","hentry","category-internacionales"],"yoast_head":"<!-- This site is optimized with the Yoast SEO Premium plugin v14.7 - https:\/\/yoast.com\/wordpress\/plugins\/seo\/ -->\n<title>El dise\u00f1o del nuevo Kart\u00f3dromo Internacional Ciudad de Luque, en Paraguay - Curva 1 KART<\/title>\n<meta name=\"robots\" content=\"index, follow\" \/>\n<meta name=\"googlebot\" content=\"index, follow, max-snippet:-1, max-image-preview:large, max-video-preview:-1\" \/>\n<meta name=\"bingbot\" content=\"index, follow, max-snippet:-1, max-image-preview:large, max-video-preview:-1\" \/>\n<link rel=\"canonical\" href=\"https:\/\/curva1kart.com.ar\/noticias\/?p=125227\" \/>\n<meta property=\"og:locale\" content=\"en_US\" \/>\n<meta property=\"og:type\" content=\"article\" \/>\n<meta property=\"og:title\" content=\"El dise\u00f1o del nuevo Kart\u00f3dromo Internacional Ciudad de Luque, en Paraguay - Curva 1 KART\" \/>\n<meta property=\"og:description\" content=\"Te presentamos el dise\u00f1o del nuevo Kart\u00f3dromo Internacional Ciudad de Luque (en Paraguay) que hace unos d\u00edas fue presentado por el arquitecto argentino\u00a0Ra\u00fal Berecibar\u00a0ante importantes autoridades nacionales e internacionales, marcando un paso clave para el futuro del karting paraguayo. En la presentaci\u00f3n estuvieron\u00a0el presidente de Paraguay, Santiago Pe\u00f1a;\u00a0el presidente de la\u00a0FIA, Mohammed Ben Sulayem; y&#046;&#046;&#046;\" \/>\n<meta property=\"og:url\" content=\"https:\/\/curva1kart.com.ar\/noticias\/?p=125227\" \/>\n<meta property=\"og:site_name\" content=\"Curva 1 KART\" \/>\n<meta property=\"article:publisher\" content=\"https:\/\/www.facebook.com\/curva1kart\/\" \/>\n<meta property=\"article:published_time\" content=\"2026-09-05T18:21:36+00:00\" \/>\n<meta property=\"og:image\" content=\"http:\/\/curva1kart.com.ar\/noticias\/wp-content\/uploads\/2026\/09\/Hoy-les-mostramos-el-Proyecto-del-Kartodromo-Internacional-Ciudad-de-Luque-2-1.jpg\" \/>\n\t<meta property=\"og:image:width\" content=\"1170\" \/>\n\t<meta property=\"og:image:height\" content=\"780\" \/>\n<meta property=\"fb:app_id\" content=\"104995992409\" \/>\n<meta name=\"twitter:card\" content=\"summary_large_image\" \/>\n<meta name=\"twitter:creator\" content=\"@Curva1KART\" \/>\n<meta name=\"twitter:site\" content=\"@Curva1KART\" \/>\n<script type=\"application\/ld+json\" class=\"yoast-schema-graph\">{\"@context\":\"https:\/\/schema.org\",\"@graph\":[{\"@type\":\"WebSite\",\"@id\":\"https:\/\/curva1kart.com.ar\/noticias\/#website\",\"url\":\"https:\/\/curva1kart.com.ar\/noticias\/\",\"name\":\"Curva 1 KART\",\"description\":\"Karting Argentino, Sudamericano e Internacional\",\"potentialAction\":[{\"@type\":\"SearchAction\",\"target\":\"https:\/\/curva1kart.com.ar\/noticias\/?s={search_term_string}\",\"query-input\":\"required name=search_term_string\"}],\"inLanguage\":\"en-US\"},{\"@type\":\"ImageObject\",\"@id\":\"https:\/\/curva1kart.com.ar\/noticias\/?p=125227#primaryimage\",\"inLanguage\":\"en-US\",\"url\":\"http:\/\/curva1kart.com.ar\/noticias\/wp-content\/uploads\/2026\/09\/Hoy-les-mostramos-el-Proyecto-del-Kartodromo-Internacional-Ciudad-de-Luque-2-1.jpg\",\"width\":1170,\"height\":780},{\"@type\":\"WebPage\",\"@id\":\"https:\/\/curva1kart.com.ar\/noticias\/?p=125227#webpage\",\"url\":\"https:\/\/curva1kart.com.ar\/noticias\/?p=125227\",\"name\":\"El dise\\u00f1o del nuevo Kart\\u00f3dromo Internacional Ciudad de Luque, en Paraguay - Curva 1 KART\",\"isPartOf\":{\"@id\":\"https:\/\/curva1kart.com.ar\/noticias\/#website\"},\"primaryImageOfPage\":{\"@id\":\"https:\/\/curva1kart.com.ar\/noticias\/?p=125227#primaryimage\"},\"datePublished\":\"2026-09-05T18:21:36+00:00\",\"dateModified\":\"2026-09-05T18:21:36+00:00\",\"author\":{\"@id\":\"https:\/\/curva1kart.com.ar\/noticias\/#\/schema\/person\/710d14304c85d21660d185f262399043\"},\"inLanguage\":\"en-US\",\"potentialAction\":[{\"@type\":\"ReadAction\",\"target\":[\"https:\/\/curva1kart.com.ar\/noticias\/?p=125227\"]}]},{\"@type\":[\"Person\"],\"@id\":\"https:\/\/curva1kart.com.ar\/noticias\/#\/schema\/person\/710d14304c85d21660d185f262399043\",\"name\":\"Jos\\u00e9 Bravo\"}]}<\/script>\n<!-- \/ Yoast SEO Premium plugin. -->","_links":{"self":[{"href":"https:\/\/curva1kart.com.ar\/noticias\/index.php?rest_route=\/wp\/v2\/posts\/125227","targetHints":{"allow":["GET"]}}],"collection":[{"href":"https:\/\/curva1kart.com.ar\/noticias\/index.php?rest_route=\/wp\/v2\/posts"}],"about":[{"href":"https:\/\/curva1kart.com.ar\/noticias\/index.php?rest_route=\/wp\/v2\/types\/post"}],"author":[{"embeddable":true,"href":"https:\/\/curva1kart.com.ar\/noticias\/index.php?rest_route=\/wp\/v2\/users\/1"}],"replies":[{"embeddable":true,"href":"https:\/\/curva1kart.com.ar\/noticias\/index.php?rest_route=%2Fwp%2Fv2%2Fcomments&post=125227"}],"version-history":[{"count":1,"href":"https:\/\/curva1kart.com.ar\/noticias\/index.php?rest_route=\/wp\/v2\/posts\/125227\/revisions"}],"predecessor-version":[{"id":125235,"href":"https:\/\/curva1kart.com.ar\/noticias\/index.php?rest_route=\/wp\/v2\/posts\/125227\/revisions\/125235"}],"wp:featuredmedia":[{"embeddable":true,"href":"https:\/\/curva1kart.com.ar\/noticias\/index.php?rest_route=\/wp\/v2\/media\/125234"}],"wp:attachment":[{"href":"https:\/\/curva1kart.com.ar\/noticias\/index.php?rest_route=%2Fwp%2Fv2%2Fmedia&parent=125227"}],"wp:term":[{"taxonomy":"category","embeddable":true,"href":"https:\/\/curva1kart.com.ar\/noticias\/index.php?rest_route=%2Fwp%2Fv2%2Fcategories&post=125227"},{"taxonomy":"post_tag","embeddable":true,"href":"https:\/\/curva1kart.com.ar\/noticias\/index.php?rest_route=%2Fwp%2Fv2%2Ftags&post=125227"}],"curies":[{"name":"wp","href":"https:\/\/api.w.org\/{rel}","templated":true}]}}