{"id":125222,"date":"2026-09-05T14:02:51","date_gmt":"2026-09-05T17:02:51","guid":{"rendered":"https:\/\/curva1kart.com.ar\/noticias\/?p=125222"},"modified":"2026-09-05T14:45:36","modified_gmt":"2026-09-05T17:45:36","slug":"neuquen-rincon-de-los-sauces-escenario-de-la-quinta-del-karting-con-caja","status":"publish","type":"post","link":"https:\/\/curva1kart.com.ar\/noticias\/?p=125222","title":{"rendered":"NEUQU\u00c9N. Rinc\u00f3n de los Sauces escenario de la quinta del Karting Con Caja"},"content":{"rendered":"<p><img loading=\"lazy\" decoding=\"async\" class=\"aligncenter size-full wp-image-125223\" src=\"http:\/\/curva1kart.com.ar\/noticias\/wp-content\/uploads\/2026\/09\/1788561718303.webp\" alt=\"\" width=\"1200\" height=\"675\" srcset=\"http:\/\/curva1kart.com.ar\/noticias\/wp-content\/uploads\/2026\/09\/1788561718303.webp 1200w, http:\/\/curva1kart.com.ar\/noticias\/wp-content\/uploads\/2026\/09\/1788561718303-1024x576.webp 1024w, http:\/\/curva1kart.com.ar\/noticias\/wp-content\/uploads\/2026\/09\/1788561718303-300x169.webp 300w, http:\/\/curva1kart.com.ar\/noticias\/wp-content\/uploads\/2026\/09\/1788561718303-768x432.webp 768w\" sizes=\"auto, (max-width: 1200px) 100vw, 1200px\" \/><\/p>\n<p>Este s\u00e1bado 5 y domingo 6 de septiembre, el\u00a0<strong>Kart\u00f3dromo H\u00e9ctor \u00c1lvarez de Rinc\u00f3n de los Sauces<\/strong>\u00a0recibir\u00e1 la quinta fecha del\u00a0<strong>Campeonato 2026 del karting con caja.\u00a0<\/strong><\/p>\n<p>Despu\u00e9s de un a\u00f1o, la categor\u00eda regresa al reconocido trazado del norte neuquino\u00a0para afrontar un nuevo cap\u00edtulo de una temporada que llega a esta instancia con campeonatos muy disputados y una importante cantidad de pilotos que buscar\u00e1n ser protagonistas.\u00a0A los pilotos que habitualmente forman parte del campeonato se sumar\u00e1n representantes de\u00a0<strong>Rinc\u00f3n de los Sauces<\/strong>\u00a0y la zona.<\/p>\n<div class=\"fixed-container direction-center\"><img decoding=\"async\" class=\"i-amphtml-fill-content i-amphtml-replaced-content\" title=\" Karting con Caja: Rinc\u00f3n de los Sauces escenario de la quinta fecha del campeonato 2026-\" src=\"https:\/\/pxcdn.mejorinformado.com\/mejorinformado\/092026\/1788562106958\/793070570_952977837092566_1133301465257760308_n.jpg?cw=1080\" alt=\" Karting con Caja: Rinc\u00f3n de los Sauces escenario de la quinta fecha del campeonato 2026\" \/><\/div>\n<p>La categor\u00eda\u00a0<strong>Senior<\/strong>\u00a0presenta una de las luchas m\u00e1s ajustadas de la temporada.\u00a0<strong>Bautista Datri<\/strong>\u00a0y\u00a0<strong>Joaqu\u00edn Vera<\/strong>\u00a0llegan igualados en la cima con 239 puntos.\u00a0En\u00a0<strong>Varilleros<\/strong>,\u00a0<strong>Lucas L\u00f3pez<\/strong>\u00a0encabeza las posiciones con 236 unidades, seguido por\u00a0<strong>Javier Bergondi<\/strong>, con 175, y\u00a0<strong>Dami\u00e1n Fag\u00e1n<\/strong>, con 115.<\/p>\n<p><strong>Mart\u00edn Petto<\/strong>\u00a0lidera la\u00a0<strong>Kayak 250<\/strong>\u00a0con 234 puntos y tres victorias en cuatro presentaciones, mientras que\u00a0<strong>Federico Hormaz\u00e1bal<\/strong>\u00a0llega a Rinc\u00f3n como puntero de la\u00a0<strong>M\u00e1ster<\/strong>, con 177 unidades, seguido por\u00a0<strong>Alejandro Carrasco<\/strong>, con 165, y\u00a0<strong>Oscar Rebolledo<\/strong>, con 134.<\/p>\n<p>La\u00a0<strong>Junior 150<\/strong>\u00a0tiene como l\u00edder a\u00a0<strong>Laureano Mart\u00ednez<\/strong>, ganador de tres de las cuatro fechas disputadas, con 215 puntos.\u00a0<strong>Santino Romani<\/strong>\u00a0se ubica segundo, con 170, y el piloto local\u00a0<strong>Lautaro Peralta<\/strong>\u00a0marcha tercero, con 114.<\/p>\n<p>En la\u00a0<strong>Internacional<\/strong>,\u00a0<strong>Dar\u00edo Mu\u00f1oz<\/strong>\u00a0encabeza el campeonato con 131 unidades, seguido por\u00a0<strong>Federico Ferrero<\/strong>, con 111, y\u00a0<strong>Natalia Bello<\/strong>, con 92. Tambi\u00e9n habr\u00e1 actividad para la\u00a0<strong>Pre Junior<\/strong>\u00a0y la categor\u00eda\u00a0<strong>Escuela<\/strong>, completando un amplio cronograma para las dos jornadas.<\/p>\n<p>Con varios campeonatos todav\u00eda abiertos y una importante presencia de pilotos locales, el\u00a0<strong>Karting con Caja<\/strong> se prepara para vivir un nuevo gran fin de semana de competencia, destac\u00f3 el sitio Mejor Informado.<\/p>\n","protected":false},"excerpt":{"rendered":"<p>Este s\u00e1bado 5 y domingo 6 de septiembre, el\u00a0Kart\u00f3dromo H\u00e9ctor \u00c1lvarez de Rinc\u00f3n de los Sauces\u00a0recibir\u00e1 la quinta fecha del\u00a0Campeonato 2026 del karting con caja.\u00a0 Despu\u00e9s de un a\u00f1o, la categor\u00eda regresa al reconocido trazado del norte neuquino\u00a0para afrontar un nuevo cap\u00edtulo de una temporada que llega a esta instancia con campeonatos muy disputados y&#46;&#46;&#46;<\/p>\n","protected":false},"author":1,"featured_media":125223,"comment_status":"closed","ping_status":"closed","sticky":false,"template":"","format":"standard","meta":{"footnotes":""},"categories":[9],"tags":[],"class_list":["post-125222","post","type-post","status-publish","format-standard","has-post-thumbnail","hentry","category-argentina"],"yoast_head":"<!-- This site is optimized with the Yoast SEO Premium plugin v14.7 - https:\/\/yoast.com\/wordpress\/plugins\/seo\/ -->\n<title>NEUQU\u00c9N. Rinc\u00f3n de los Sauces escenario de la quinta del Karting Con Caja - Curva 1 KART<\/title>\n<meta name=\"robots\" content=\"index, follow\" \/>\n<meta name=\"googlebot\" content=\"index, follow, max-snippet:-1, max-image-preview:large, max-video-preview:-1\" \/>\n<meta name=\"bingbot\" content=\"index, follow, max-snippet:-1, max-image-preview:large, max-video-preview:-1\" \/>\n<link rel=\"canonical\" href=\"https:\/\/curva1kart.com.ar\/noticias\/?p=125222\" \/>\n<meta property=\"og:locale\" content=\"en_US\" \/>\n<meta property=\"og:type\" content=\"article\" \/>\n<meta property=\"og:title\" content=\"NEUQU\u00c9N. Rinc\u00f3n de los Sauces escenario de la quinta del Karting Con Caja - Curva 1 KART\" \/>\n<meta property=\"og:description\" content=\"Este s\u00e1bado 5 y domingo 6 de septiembre, el\u00a0Kart\u00f3dromo H\u00e9ctor \u00c1lvarez de Rinc\u00f3n de los Sauces\u00a0recibir\u00e1 la quinta fecha del\u00a0Campeonato 2026 del karting con caja.\u00a0 Despu\u00e9s de un a\u00f1o, la categor\u00eda regresa al reconocido trazado del norte neuquino\u00a0para afrontar un nuevo cap\u00edtulo de una temporada que llega a esta instancia con campeonatos muy disputados y&#046;&#046;&#046;\" \/>\n<meta property=\"og:url\" content=\"https:\/\/curva1kart.com.ar\/noticias\/?p=125222\" \/>\n<meta property=\"og:site_name\" content=\"Curva 1 KART\" \/>\n<meta property=\"article:publisher\" content=\"https:\/\/www.facebook.com\/curva1kart\/\" \/>\n<meta property=\"article:published_time\" content=\"2026-09-05T17:02:51+00:00\" \/>\n<meta property=\"article:modified_time\" content=\"2026-09-05T17:45:36+00:00\" \/>\n<meta property=\"fb:app_id\" content=\"104995992409\" \/>\n<meta name=\"twitter:card\" content=\"summary_large_image\" \/>\n<meta name=\"twitter:image\" content=\"http:\/\/curva1kart.com.ar\/noticias\/wp-content\/uploads\/2026\/09\/1788561718303.webp\" \/>\n<meta name=\"twitter:creator\" content=\"@Curva1KART\" \/>\n<meta name=\"twitter:site\" content=\"@Curva1KART\" \/>\n<script type=\"application\/ld+json\" class=\"yoast-schema-graph\">{\"@context\":\"https:\/\/schema.org\",\"@graph\":[{\"@type\":\"WebSite\",\"@id\":\"https:\/\/curva1kart.com.ar\/noticias\/#website\",\"url\":\"https:\/\/curva1kart.com.ar\/noticias\/\",\"name\":\"Curva 1 KART\",\"description\":\"Karting Argentino, Sudamericano e Internacional\",\"potentialAction\":[{\"@type\":\"SearchAction\",\"target\":\"https:\/\/curva1kart.com.ar\/noticias\/?s={search_term_string}\",\"query-input\":\"required name=search_term_string\"}],\"inLanguage\":\"en-US\"},{\"@type\":\"ImageObject\",\"@id\":\"https:\/\/curva1kart.com.ar\/noticias\/?p=125222#primaryimage\",\"inLanguage\":\"en-US\",\"url\":\"http:\/\/curva1kart.com.ar\/noticias\/wp-content\/uploads\/2026\/09\/1788561718303.webp\",\"width\":1200,\"height\":675},{\"@type\":\"WebPage\",\"@id\":\"https:\/\/curva1kart.com.ar\/noticias\/?p=125222#webpage\",\"url\":\"https:\/\/curva1kart.com.ar\/noticias\/?p=125222\",\"name\":\"NEUQU\\u00c9N. Rinc\\u00f3n de los Sauces escenario de la quinta del Karting Con Caja - Curva 1 KART\",\"isPartOf\":{\"@id\":\"https:\/\/curva1kart.com.ar\/noticias\/#website\"},\"primaryImageOfPage\":{\"@id\":\"https:\/\/curva1kart.com.ar\/noticias\/?p=125222#primaryimage\"},\"datePublished\":\"2026-09-05T17:02:51+00:00\",\"dateModified\":\"2026-09-05T17:45:36+00:00\",\"author\":{\"@id\":\"https:\/\/curva1kart.com.ar\/noticias\/#\/schema\/person\/710d14304c85d21660d185f262399043\"},\"inLanguage\":\"en-US\",\"potentialAction\":[{\"@type\":\"ReadAction\",\"target\":[\"https:\/\/curva1kart.com.ar\/noticias\/?p=125222\"]}]},{\"@type\":[\"Person\"],\"@id\":\"https:\/\/curva1kart.com.ar\/noticias\/#\/schema\/person\/710d14304c85d21660d185f262399043\",\"name\":\"Jos\\u00e9 Bravo\"}]}<\/script>\n<!-- \/ Yoast SEO Premium plugin. -->","_links":{"self":[{"href":"https:\/\/curva1kart.com.ar\/noticias\/index.php?rest_route=\/wp\/v2\/posts\/125222","targetHints":{"allow":["GET"]}}],"collection":[{"href":"https:\/\/curva1kart.com.ar\/noticias\/index.php?rest_route=\/wp\/v2\/posts"}],"about":[{"href":"https:\/\/curva1kart.com.ar\/noticias\/index.php?rest_route=\/wp\/v2\/types\/post"}],"author":[{"embeddable":true,"href":"https:\/\/curva1kart.com.ar\/noticias\/index.php?rest_route=\/wp\/v2\/users\/1"}],"replies":[{"embeddable":true,"href":"https:\/\/curva1kart.com.ar\/noticias\/index.php?rest_route=%2Fwp%2Fv2%2Fcomments&post=125222"}],"version-history":[{"count":1,"href":"https:\/\/curva1kart.com.ar\/noticias\/index.php?rest_route=\/wp\/v2\/posts\/125222\/revisions"}],"predecessor-version":[{"id":125224,"href":"https:\/\/curva1kart.com.ar\/noticias\/index.php?rest_route=\/wp\/v2\/posts\/125222\/revisions\/125224"}],"wp:featuredmedia":[{"embeddable":true,"href":"https:\/\/curva1kart.com.ar\/noticias\/index.php?rest_route=\/wp\/v2\/media\/125223"}],"wp:attachment":[{"href":"https:\/\/curva1kart.com.ar\/noticias\/index.php?rest_route=%2Fwp%2Fv2%2Fmedia&parent=125222"}],"wp:term":[{"taxonomy":"category","embeddable":true,"href":"https:\/\/curva1kart.com.ar\/noticias\/index.php?rest_route=%2Fwp%2Fv2%2Fcategories&post=125222"},{"taxonomy":"post_tag","embeddable":true,"href":"https:\/\/curva1kart.com.ar\/noticias\/index.php?rest_route=%2Fwp%2Fv2%2Ftags&post=125222"}],"curies":[{"name":"wp","href":"https:\/\/api.w.org\/{rel}","templated":true}]}}