{"id":125214,"date":"2026-09-05T14:00:09","date_gmt":"2026-09-05T17:00:09","guid":{"rendered":"https:\/\/curva1kart.com.ar\/noticias\/?p=125214"},"modified":"2026-09-05T14:27:30","modified_gmt":"2026-09-05T17:27:30","slug":"santiago-del-estero-se-viene-una-nueva-fecha-del-anual-y-el-clausura","status":"publish","type":"post","link":"https:\/\/curva1kart.com.ar\/noticias\/?p=125214","title":{"rendered":"SANTIAGO DEL ESTERO. Se viene una nueva fecha del Anual y el Clausura"},"content":{"rendered":"<p><img loading=\"lazy\" decoding=\"async\" class=\"aligncenter size-full wp-image-125215\" src=\"http:\/\/curva1kart.com.ar\/noticias\/wp-content\/uploads\/2026\/09\/1010x567_karting-santiagueno-561637-210514.jpg\" alt=\"\" width=\"1010\" height=\"567\" srcset=\"http:\/\/curva1kart.com.ar\/noticias\/wp-content\/uploads\/2026\/09\/1010x567_karting-santiagueno-561637-210514.jpg 1010w, http:\/\/curva1kart.com.ar\/noticias\/wp-content\/uploads\/2026\/09\/1010x567_karting-santiagueno-561637-210514-300x169.jpg 300w, http:\/\/curva1kart.com.ar\/noticias\/wp-content\/uploads\/2026\/09\/1010x567_karting-santiagueno-561637-210514-768x431.jpg 768w\" sizes=\"auto, (max-width: 1010px) 100vw, 1010px\" \/><\/p>\n<p>El Kart\u00f3dromo Francisco de Aguirre recibir\u00e1 este fin de semana la sexta fecha del Campeonato Anual y la segunda del Clausura. Ser\u00e1 la \u00faltima jornada diurna de la temporada, antes del inicio de las competencias nocturnas en octubre y noviembre.<\/p>\n<p class=\"ampp\">El\u00a0<strong>Karting Santiague\u00f1o<\/strong>\u00a0volver\u00e1 a encender sus motores este fin de semana en el\u00a0<strong>Kart\u00f3dromo Francisco de Aguirre<\/strong>, donde se disputar\u00e1 la\u00a0<strong>sexta fecha del Campeonato Anual y la segunda jornada del Campeonato Clausura<\/strong>.<\/p>\n<p class=\"ampp\">Luego de la gran convocatoria registrada durante agosto, la actividad regresar\u00e1 este\u00a0<strong>s\u00e1bado 5 y domingo 6 de septiembre<\/strong>\u00a0al trazado\u00a0<strong>Josh Gubaira<\/strong>, en una fecha que tendr\u00e1 un condimento especial: ser\u00e1\u00a0<strong>la \u00faltima competencia diurna de la temporada<\/strong>.<\/p>\n<p class=\"ampp\">A partir de octubre, el campeonato comenzar\u00e1 a vivir sus jornadas nocturnas, que tambi\u00e9n se repetir\u00e1n en noviembre para completar las \u00faltimas fechas del calendario. De esta manera, el certamen santiague\u00f1o entra en una etapa decisiva, con los principales protagonistas buscando consolidarse en lo m\u00e1s alto de cada categor\u00eda.<\/p>\n<h2><strong>Seis categor\u00edas y pilotos de distintas provincias<\/strong><\/h2>\n<p class=\"ampp\">El crecimiento del\u00a0<strong>Karting Santiague\u00f1o<\/strong>\u00a0se viene reflejando fecha tras fecha, con una mayor cantidad de pilotos y una presencia cada vez m\u00e1s importante de competidores de diferentes puntos de la regi\u00f3n.<\/p>\n<p class=\"ampp\">En esta oportunidad habr\u00e1 actividad en las categor\u00edas\u00a0<strong>110 Escuela, IAME 60, 150 A Nacional, 150 C Nacional, 150 Master y 150 Senior<\/strong>. Participar\u00e1n pilotos de\u00a0<strong>Santiago del Estero, La Banda, Tucum\u00e1n y Catamarca<\/strong>, en un fin de semana que promete importantes competencias en cada una de las divisionales.<\/p>\n<p class=\"ampp\">Adem\u00e1s, durante la jornada se realizar\u00e1 un\u00a0<strong>reconocimiento especial por el D\u00eda del Ni\u00f1o<\/strong>\u00a0destinado a los peque\u00f1os que forman parte del deporte motor y acompa\u00f1an con pasi\u00f3n el crecimiento de esta categor\u00eda en la provincia.<\/p>\n<h2><strong>El cronograma de la sexta fecha<\/strong><\/h2>\n<p class=\"ampp\">La actividad comenzar\u00e1 el\u00a0<strong>s\u00e1bado 5 de septiembre<\/strong>, desde aproximadamente las\u00a0<strong>15 horas<\/strong>, con las tandas libres de entrenamientos para todos los pilotos inscriptos.<\/p>\n<p class=\"ampp\">El plato fuerte llegar\u00e1 el\u00a0<strong>domingo 6<\/strong>, cuando la actividad se pondr\u00e1 en marcha desde las\u00a0<strong>11 de la ma\u00f1ana<\/strong>\u00a0con los entrenamientos de todas las categor\u00edas. Luego ser\u00e1 el turno de las clasificaciones, previstas para alrededor de las\u00a0<strong>12 horas<\/strong>.<\/p>\n<p class=\"ampp\">Las series comenzar\u00e1n a disputarse desde las\u00a0<strong>13<\/strong>, mientras que las finales se pondr\u00e1n en marcha a partir de las\u00a0<strong>15 horas<\/strong>. La jornada se cerrar\u00e1 con la tradicional ceremonia de premiaci\u00f3n para los ganadores de cada una de las categor\u00edas.<\/p>\n<p class=\"ampp\">Adem\u00e1s, las finales podr\u00e1n seguirse a trav\u00e9s de\u00a0<strong>Canal 14 de TIC<\/strong>\u00a0y tambi\u00e9n mediante la transmisi\u00f3n en vivo por\u00a0<strong>YouTube<\/strong>.<\/p>\n<h2><strong>As\u00ed llegan los l\u00edderes del Campeonato Anual<\/strong><\/h2>\n<p class=\"ampp\">En la categor\u00eda\u00a0<strong>110 Escuela<\/strong>, el campeonato tiene como l\u00edder a\u00a0<strong>Josu\u00e9 Baltazar Ledesma<\/strong>, mientras que en\u00a0<strong>IAME 60<\/strong>\u00a0el primer lugar le pertenece a\u00a0<strong>Ignacio Sierra<\/strong>.<\/p>\n<p class=\"ampp\">Por su parte, en la\u00a0<strong>150 A Nacional<\/strong>\u00a0lidera el piloto tintinense\u00a0<strong>Nicol\u00e1s Salom\u00f3n<\/strong>, mientras que\u00a0<strong>Pablo Taboada<\/strong>\u00a0se encuentra al frente de la clasificaci\u00f3n en la\u00a0<strong>150 C Nacional<\/strong>.<\/p>\n<p class=\"ampp\">En la\u00a0<strong>150 Master<\/strong>, el l\u00edder del campeonato es el tucumano\u00a0<strong>Benjam\u00edn Sola<\/strong>, mientras que en la\u00a0<strong>150 Senior<\/strong>\u00a0manda el vigente campe\u00f3n,\u00a0<strong>Agust\u00edn Viano<\/strong>.<\/p>\n<h2><strong>Los punteros del Campeonato Clausura<\/strong><\/h2>\n<p class=\"ampp\">El\u00a0<strong>Campeonato Clausura<\/strong>\u00a0tendr\u00e1 este fin de semana su segunda fecha y varios pilotos buscar\u00e1n sostener el buen comienzo que tuvieron en la jornada inaugural.<\/p>\n<p class=\"ampp\">En la\u00a0<strong>110 Escuela<\/strong>, el l\u00edder es\u00a0<strong>Valent\u00edn Trajtenberg<\/strong>, mientras que\u00a0<strong>Ignacio Sierra<\/strong>\u00a0encabeza las posiciones en la categor\u00eda\u00a0<strong>IAME 60<\/strong>.<\/p>\n<p class=\"ampp\">En tanto,\u00a0<strong>Nicol\u00e1s Salom\u00f3n<\/strong>\u00a0lidera la\u00a0<strong>150 A Nacional<\/strong>, mientras que el tucumano\u00a0<strong>Cristian Albuquerque<\/strong>\u00a0se encuentra al frente de la\u00a0<strong>150 C Nacional<\/strong>.<\/p>\n<p class=\"ampp\">Finalmente,\u00a0<strong>Benjam\u00edn Sola<\/strong>\u00a0encabeza las posiciones en la\u00a0<strong>150 Master<\/strong>, mientras que\u00a0<strong>Agust\u00edn Viano<\/strong>\u00a0lidera la clasificaci\u00f3n de la\u00a0<strong>150 Senior<\/strong>.<\/p>\n<h2><strong>Entradas y una nueva fiesta del deporte motor<\/strong><\/h2>\n<p class=\"ampp\">Para quienes quieran acompa\u00f1ar la actividad desde el Kart\u00f3dromo Francisco de Aguirre, la entrada para acceder a la\u00a0<strong>zona de boxes tendr\u00e1 un valor de $7.000<\/strong>, mientras que el ingreso al sector de\u00a0<strong>tribunas ser\u00e1 totalmente gratuito<\/strong>.<\/p>\n<p class=\"ampp\">De la mano de la\u00a0<strong>Asociaci\u00f3n de Pilotos de Santiago del Estero (APSE)<\/strong>, el Karting Santiague\u00f1o contin\u00faa mostrando un crecimiento sostenido, sumando nuevos pilotos y consolidando cada fecha una mayor convocatoria.<\/p>\n<p class=\"ampp\">Adem\u00e1s del trabajo deportivo, la organizaci\u00f3n tambi\u00e9n mantiene una intensa tarea para conservar y mejorar las condiciones del\u00a0<strong>Kart\u00f3dromo Francisco de Aguirre<\/strong>, uno de los escenarios m\u00e1s importantes del automovilismo y el karting en el NOA.<\/p>\n<p class=\"ampp\">As\u00ed, todo est\u00e1 listo para un nuevo fin de semana a pura velocidad, con una fecha que ser\u00e1 clave tanto para el\u00a0<strong>Campeonato Anual<\/strong>\u00a0como para el\u00a0<strong>Clausura<\/strong>, y que marcar\u00e1 adem\u00e1s la despedida de las competencias diurnas antes de ingresar en la esperada etapa nocturna del calendario.<\/p>\n<p><em>Diario Panorama<\/em><\/p>\n","protected":false},"excerpt":{"rendered":"<p>El Kart\u00f3dromo Francisco de Aguirre recibir\u00e1 este fin de semana la sexta fecha del Campeonato Anual y la segunda del Clausura. Ser\u00e1 la \u00faltima jornada diurna de la temporada, antes del inicio de las competencias nocturnas en octubre y noviembre. El\u00a0Karting Santiague\u00f1o\u00a0volver\u00e1 a encender sus motores este fin de semana en el\u00a0Kart\u00f3dromo Francisco de Aguirre,&#46;&#46;&#46;<\/p>\n","protected":false},"author":1,"featured_media":125215,"comment_status":"closed","ping_status":"closed","sticky":false,"template":"","format":"standard","meta":{"footnotes":""},"categories":[9],"tags":[],"class_list":["post-125214","post","type-post","status-publish","format-standard","has-post-thumbnail","hentry","category-argentina"],"yoast_head":"<!-- This site is optimized with the Yoast SEO Premium plugin v14.7 - https:\/\/yoast.com\/wordpress\/plugins\/seo\/ -->\n<title>SANTIAGO DEL ESTERO. Se viene una nueva fecha del Anual y el Clausura - Curva 1 KART<\/title>\n<meta name=\"robots\" content=\"index, follow\" \/>\n<meta name=\"googlebot\" content=\"index, follow, max-snippet:-1, max-image-preview:large, max-video-preview:-1\" \/>\n<meta name=\"bingbot\" content=\"index, follow, max-snippet:-1, max-image-preview:large, max-video-preview:-1\" \/>\n<link rel=\"canonical\" href=\"https:\/\/curva1kart.com.ar\/noticias\/?p=125214\" \/>\n<meta property=\"og:locale\" content=\"en_US\" \/>\n<meta property=\"og:type\" content=\"article\" \/>\n<meta property=\"og:title\" content=\"SANTIAGO DEL ESTERO. Se viene una nueva fecha del Anual y el Clausura - Curva 1 KART\" \/>\n<meta property=\"og:description\" content=\"El Kart\u00f3dromo Francisco de Aguirre recibir\u00e1 este fin de semana la sexta fecha del Campeonato Anual y la segunda del Clausura. Ser\u00e1 la \u00faltima jornada diurna de la temporada, antes del inicio de las competencias nocturnas en octubre y noviembre. El\u00a0Karting Santiague\u00f1o\u00a0volver\u00e1 a encender sus motores este fin de semana en el\u00a0Kart\u00f3dromo Francisco de Aguirre,&#046;&#046;&#046;\" \/>\n<meta property=\"og:url\" content=\"https:\/\/curva1kart.com.ar\/noticias\/?p=125214\" \/>\n<meta property=\"og:site_name\" content=\"Curva 1 KART\" \/>\n<meta property=\"article:publisher\" content=\"https:\/\/www.facebook.com\/curva1kart\/\" \/>\n<meta property=\"article:published_time\" content=\"2026-09-05T17:00:09+00:00\" \/>\n<meta property=\"article:modified_time\" content=\"2026-09-05T17:27:30+00:00\" \/>\n<meta property=\"og:image\" content=\"http:\/\/curva1kart.com.ar\/noticias\/wp-content\/uploads\/2026\/09\/1010x567_karting-santiagueno-561637-210514.jpg\" \/>\n\t<meta property=\"og:image:width\" content=\"1010\" \/>\n\t<meta property=\"og:image:height\" content=\"567\" \/>\n<meta property=\"fb:app_id\" content=\"104995992409\" \/>\n<meta name=\"twitter:card\" content=\"summary_large_image\" \/>\n<meta name=\"twitter:creator\" content=\"@Curva1KART\" \/>\n<meta name=\"twitter:site\" content=\"@Curva1KART\" \/>\n<script type=\"application\/ld+json\" class=\"yoast-schema-graph\">{\"@context\":\"https:\/\/schema.org\",\"@graph\":[{\"@type\":\"WebSite\",\"@id\":\"https:\/\/curva1kart.com.ar\/noticias\/#website\",\"url\":\"https:\/\/curva1kart.com.ar\/noticias\/\",\"name\":\"Curva 1 KART\",\"description\":\"Karting Argentino, Sudamericano e Internacional\",\"potentialAction\":[{\"@type\":\"SearchAction\",\"target\":\"https:\/\/curva1kart.com.ar\/noticias\/?s={search_term_string}\",\"query-input\":\"required name=search_term_string\"}],\"inLanguage\":\"en-US\"},{\"@type\":\"ImageObject\",\"@id\":\"https:\/\/curva1kart.com.ar\/noticias\/?p=125214#primaryimage\",\"inLanguage\":\"en-US\",\"url\":\"http:\/\/curva1kart.com.ar\/noticias\/wp-content\/uploads\/2026\/09\/1010x567_karting-santiagueno-561637-210514.jpg\",\"width\":1010,\"height\":567},{\"@type\":\"WebPage\",\"@id\":\"https:\/\/curva1kart.com.ar\/noticias\/?p=125214#webpage\",\"url\":\"https:\/\/curva1kart.com.ar\/noticias\/?p=125214\",\"name\":\"SANTIAGO DEL ESTERO. Se viene una nueva fecha del Anual y el Clausura - Curva 1 KART\",\"isPartOf\":{\"@id\":\"https:\/\/curva1kart.com.ar\/noticias\/#website\"},\"primaryImageOfPage\":{\"@id\":\"https:\/\/curva1kart.com.ar\/noticias\/?p=125214#primaryimage\"},\"datePublished\":\"2026-09-05T17:00:09+00:00\",\"dateModified\":\"2026-09-05T17:27:30+00:00\",\"author\":{\"@id\":\"https:\/\/curva1kart.com.ar\/noticias\/#\/schema\/person\/710d14304c85d21660d185f262399043\"},\"inLanguage\":\"en-US\",\"potentialAction\":[{\"@type\":\"ReadAction\",\"target\":[\"https:\/\/curva1kart.com.ar\/noticias\/?p=125214\"]}]},{\"@type\":[\"Person\"],\"@id\":\"https:\/\/curva1kart.com.ar\/noticias\/#\/schema\/person\/710d14304c85d21660d185f262399043\",\"name\":\"Jos\\u00e9 Bravo\"}]}<\/script>\n<!-- \/ Yoast SEO Premium plugin. -->","_links":{"self":[{"href":"https:\/\/curva1kart.com.ar\/noticias\/index.php?rest_route=\/wp\/v2\/posts\/125214","targetHints":{"allow":["GET"]}}],"collection":[{"href":"https:\/\/curva1kart.com.ar\/noticias\/index.php?rest_route=\/wp\/v2\/posts"}],"about":[{"href":"https:\/\/curva1kart.com.ar\/noticias\/index.php?rest_route=\/wp\/v2\/types\/post"}],"author":[{"embeddable":true,"href":"https:\/\/curva1kart.com.ar\/noticias\/index.php?rest_route=\/wp\/v2\/users\/1"}],"replies":[{"embeddable":true,"href":"https:\/\/curva1kart.com.ar\/noticias\/index.php?rest_route=%2Fwp%2Fv2%2Fcomments&post=125214"}],"version-history":[{"count":1,"href":"https:\/\/curva1kart.com.ar\/noticias\/index.php?rest_route=\/wp\/v2\/posts\/125214\/revisions"}],"predecessor-version":[{"id":125216,"href":"https:\/\/curva1kart.com.ar\/noticias\/index.php?rest_route=\/wp\/v2\/posts\/125214\/revisions\/125216"}],"wp:featuredmedia":[{"embeddable":true,"href":"https:\/\/curva1kart.com.ar\/noticias\/index.php?rest_route=\/wp\/v2\/media\/125215"}],"wp:attachment":[{"href":"https:\/\/curva1kart.com.ar\/noticias\/index.php?rest_route=%2Fwp%2Fv2%2Fmedia&parent=125214"}],"wp:term":[{"taxonomy":"category","embeddable":true,"href":"https:\/\/curva1kart.com.ar\/noticias\/index.php?rest_route=%2Fwp%2Fv2%2Fcategories&post=125214"},{"taxonomy":"post_tag","embeddable":true,"href":"https:\/\/curva1kart.com.ar\/noticias\/index.php?rest_route=%2Fwp%2Fv2%2Ftags&post=125214"}],"curies":[{"name":"wp","href":"https:\/\/api.w.org\/{rel}","templated":true}]}}