{"id":125165,"date":"2026-09-03T17:27:50","date_gmt":"2026-09-03T20:27:50","guid":{"rendered":"https:\/\/curva1kart.com.ar\/noticias\/?p=125165"},"modified":"2026-09-03T17:44:42","modified_gmt":"2026-09-03T20:44:42","slug":"casi-170-pilotos-de-13-paises-anotados-para-sudamericano-rotax-uruguay-2026","status":"publish","type":"post","link":"https:\/\/curva1kart.com.ar\/noticias\/?p=125165","title":{"rendered":"Casi 170 pilotos de 13 pa\u00edses anotados para Sudamericano Rotax Uruguay 2026"},"content":{"rendered":"<p><img loading=\"lazy\" decoding=\"async\" class=\"aligncenter size-full wp-image-125167\" src=\"http:\/\/curva1kart.com.ar\/noticias\/wp-content\/uploads\/2026\/09\/IMG_5870.jpg\" alt=\"\" width=\"1000\" height=\"667\" srcset=\"http:\/\/curva1kart.com.ar\/noticias\/wp-content\/uploads\/2026\/09\/IMG_5870.jpg 1000w, http:\/\/curva1kart.com.ar\/noticias\/wp-content\/uploads\/2026\/09\/IMG_5870-768x512.jpg 768w\" sizes=\"auto, (max-width: 1000px) 100vw, 1000px\" \/><\/p>\n<p data-path-to-node=\"0\">A poco m\u00e1s de un mes para su inicio, el <strong>Sudamericano Rotax Uruguay 2026<\/strong> calienta motores para lo que promete ser una edici\u00f3n hist\u00f3rica. Por primera vez en la trayectoria del certamen continental, la competencia desembarcar\u00e1 en suelo uruguayo para disputar la corona del <strong>6 al 10 de octubre<\/strong> en el trazado del <strong>Polideportivo de Mercedes<\/strong>.<\/p>\n<p data-path-to-node=\"1\">La convocatoria al <strong>RMCIT South America<\/strong> marcha a paso firme y ya roza los <b data-path-to-node=\"1\" data-index-in-node=\"50\">170 participantes<\/b>, registrando hasta el momento <strong>167 pilotos inscriptos<\/strong> provenientes de <strong>13 pa\u00edses. <\/strong><\/p>\n<p data-path-to-node=\"1\">Adem\u00e1s de la gloria sudamericana, la cita otorgar\u00e1 los valiosos cupos para representar a la regi\u00f3n en las <b data-path-to-node=\"1\" data-index-in-node=\"254\">Grand Finals de Portugal<\/b>.<\/p>\n<h3 data-path-to-node=\"1\">M\u00c1S CATEGOR\u00cdAS<\/h3>\n<p data-path-to-node=\"1\">La n\u00f3mina de divisionales estar\u00e1 integrada por Micro, Mini, Junior, Senior, Master, DD2 Senior, DD2 Master, la nueva <strong>Senior Sudamericana<\/strong> (con chasis fabricados en Argentina o Brasil) y el debut de los &#8220;karts el\u00e9ctricos&#8221; de la categor\u00eda<strong> E10 Mini <\/strong>que ya est\u00e1 llegando a su cupo m\u00e1ximo.<\/p>\n<p data-path-to-node=\"1\">Se destaca la clase <strong>Senior Max que tiene anotados 40 pilotos<\/strong> hasta el momento!<\/p>\n<h3 data-path-to-node=\"1\">COBERTURA INTERNACIONAL<\/h3>\n<p data-path-to-node=\"2\">Como ocurre de forma ininterrumpida desde la edici\u00f3n 2014, el equipo de <strong>Curva 1 KART <\/strong>estar\u00e1 presente en Uruguay con seguimiento en vivo y la cobertura del evento.<\/p>\n<p data-path-to-node=\"2\">Acompa\u00f1amos al Sudamericano Rotax desde hacen <strong>13 A\u00d1OS <\/strong>donde hemos visitado las ediciones de <strong>Argentina, Brasil, Chile, Per\u00fa, Colombia y Ecuador.<\/strong><\/p>\n<h3 data-path-to-node=\"2\">TODAV\u00cdA HAY TIEMPO!<\/h3>\n<p>A continuaci\u00f3n el ranking de pilotos anotados lo lidera Argentina con 50, seguido por el pa\u00eds anfitri\u00f3n con 48 y Per\u00fa con 20 participantes.<\/p>\n<ul>\n<li><span style=\"color: #ff0000;\">Las inscripciones todav\u00eda est\u00e1n abiertas y hay tiempo para sumarse al mayor evento de karts del cono sur!!<\/span><\/li>\n<\/ul>\n<p>Puedes ver la lista de inscriptos <a href=\"https:\/\/rtxkarting.com\/rmcitsouthamerica\/\" target=\"_blank\" rel=\"noopener\"><strong>ingresando aqu\u00ed<\/strong><\/a><\/p>\n<p><img loading=\"lazy\" decoding=\"async\" class=\"aligncenter size-full wp-image-125166\" src=\"http:\/\/curva1kart.com.ar\/noticias\/wp-content\/uploads\/2026\/09\/ChatGPT-Image-3-sept-2026-02_25_25-a.m.png\" alt=\"\" width=\"1122\" height=\"1402\" srcset=\"http:\/\/curva1kart.com.ar\/noticias\/wp-content\/uploads\/2026\/09\/ChatGPT-Image-3-sept-2026-02_25_25-a.m.png 1122w, http:\/\/curva1kart.com.ar\/noticias\/wp-content\/uploads\/2026\/09\/ChatGPT-Image-3-sept-2026-02_25_25-a.m-819x1024.png 819w, http:\/\/curva1kart.com.ar\/noticias\/wp-content\/uploads\/2026\/09\/ChatGPT-Image-3-sept-2026-02_25_25-a.m-768x960.png 768w\" sizes=\"auto, (max-width: 1122px) 100vw, 1122px\" \/><\/p>\n<hr \/>\n<p><img loading=\"lazy\" decoding=\"async\" class=\"aligncenter size-full wp-image-125168\" src=\"http:\/\/curva1kart.com.ar\/noticias\/wp-content\/uploads\/2026\/09\/C1K_4350.jpg\" alt=\"\" width=\"1000\" height=\"667\" srcset=\"http:\/\/curva1kart.com.ar\/noticias\/wp-content\/uploads\/2026\/09\/C1K_4350.jpg 1000w, http:\/\/curva1kart.com.ar\/noticias\/wp-content\/uploads\/2026\/09\/C1K_4350-768x512.jpg 768w\" sizes=\"auto, (max-width: 1000px) 100vw, 1000px\" \/> <img loading=\"lazy\" decoding=\"async\" class=\"aligncenter size-full wp-image-125169\" src=\"http:\/\/curva1kart.com.ar\/noticias\/wp-content\/uploads\/2026\/09\/IMG_5815.jpg\" alt=\"\" width=\"1000\" height=\"667\" srcset=\"http:\/\/curva1kart.com.ar\/noticias\/wp-content\/uploads\/2026\/09\/IMG_5815.jpg 1000w, http:\/\/curva1kart.com.ar\/noticias\/wp-content\/uploads\/2026\/09\/IMG_5815-768x512.jpg 768w\" sizes=\"auto, (max-width: 1000px) 100vw, 1000px\" \/><\/p>\n","protected":false},"excerpt":{"rendered":"<p>A poco m\u00e1s de un mes para su inicio, el Sudamericano Rotax Uruguay 2026 calienta motores para lo que promete ser una edici\u00f3n hist\u00f3rica. Por primera vez en la trayectoria del certamen continental, la competencia desembarcar\u00e1 en suelo uruguayo para disputar la corona del 6 al 10 de octubre en el trazado del Polideportivo de&#46;&#46;&#46;<\/p>\n","protected":false},"author":1,"featured_media":125167,"comment_status":"closed","ping_status":"closed","sticky":false,"template":"","format":"standard","meta":{"footnotes":""},"categories":[124],"tags":[],"class_list":["post-125165","post","type-post","status-publish","format-standard","has-post-thumbnail","hentry","category-sudamericano-rotax"],"yoast_head":"<!-- This site is optimized with the Yoast SEO Premium plugin v14.7 - https:\/\/yoast.com\/wordpress\/plugins\/seo\/ -->\n<title>Casi 170 pilotos de 13 pa\u00edses anotados para Sudamericano Rotax Uruguay 2026 - Curva 1 KART<\/title>\n<meta name=\"robots\" content=\"index, follow\" \/>\n<meta name=\"googlebot\" content=\"index, follow, max-snippet:-1, max-image-preview:large, max-video-preview:-1\" \/>\n<meta name=\"bingbot\" content=\"index, follow, max-snippet:-1, max-image-preview:large, max-video-preview:-1\" \/>\n<link rel=\"canonical\" href=\"https:\/\/curva1kart.com.ar\/noticias\/?p=125165\" \/>\n<meta property=\"og:locale\" content=\"en_US\" \/>\n<meta property=\"og:type\" content=\"article\" \/>\n<meta property=\"og:title\" content=\"Casi 170 pilotos de 13 pa\u00edses anotados para Sudamericano Rotax Uruguay 2026 - Curva 1 KART\" \/>\n<meta property=\"og:description\" content=\"A poco m\u00e1s de un mes para su inicio, el Sudamericano Rotax Uruguay 2026 calienta motores para lo que promete ser una edici\u00f3n hist\u00f3rica. Por primera vez en la trayectoria del certamen continental, la competencia desembarcar\u00e1 en suelo uruguayo para disputar la corona del 6 al 10 de octubre en el trazado del Polideportivo de&#046;&#046;&#046;\" \/>\n<meta property=\"og:url\" content=\"https:\/\/curva1kart.com.ar\/noticias\/?p=125165\" \/>\n<meta property=\"og:site_name\" content=\"Curva 1 KART\" \/>\n<meta property=\"article:publisher\" content=\"https:\/\/www.facebook.com\/curva1kart\/\" \/>\n<meta property=\"article:published_time\" content=\"2026-09-03T20:27:50+00:00\" \/>\n<meta property=\"article:modified_time\" content=\"2026-09-03T20:44:42+00:00\" \/>\n<meta property=\"og:image\" content=\"http:\/\/curva1kart.com.ar\/noticias\/wp-content\/uploads\/2026\/09\/IMG_5870.jpg\" \/>\n\t<meta property=\"og:image:width\" content=\"1000\" \/>\n\t<meta property=\"og:image:height\" content=\"667\" \/>\n<meta property=\"fb:app_id\" content=\"104995992409\" \/>\n<meta name=\"twitter:card\" content=\"summary_large_image\" \/>\n<meta name=\"twitter:creator\" content=\"@Curva1KART\" \/>\n<meta name=\"twitter:site\" content=\"@Curva1KART\" \/>\n<script type=\"application\/ld+json\" class=\"yoast-schema-graph\">{\"@context\":\"https:\/\/schema.org\",\"@graph\":[{\"@type\":\"WebSite\",\"@id\":\"https:\/\/curva1kart.com.ar\/noticias\/#website\",\"url\":\"https:\/\/curva1kart.com.ar\/noticias\/\",\"name\":\"Curva 1 KART\",\"description\":\"Karting Argentino, Sudamericano e Internacional\",\"potentialAction\":[{\"@type\":\"SearchAction\",\"target\":\"https:\/\/curva1kart.com.ar\/noticias\/?s={search_term_string}\",\"query-input\":\"required name=search_term_string\"}],\"inLanguage\":\"en-US\"},{\"@type\":\"ImageObject\",\"@id\":\"https:\/\/curva1kart.com.ar\/noticias\/?p=125165#primaryimage\",\"inLanguage\":\"en-US\",\"url\":\"http:\/\/curva1kart.com.ar\/noticias\/wp-content\/uploads\/2026\/09\/IMG_5870.jpg\",\"width\":1000,\"height\":667},{\"@type\":\"WebPage\",\"@id\":\"https:\/\/curva1kart.com.ar\/noticias\/?p=125165#webpage\",\"url\":\"https:\/\/curva1kart.com.ar\/noticias\/?p=125165\",\"name\":\"Casi 170 pilotos de 13 pa\\u00edses anotados para Sudamericano Rotax Uruguay 2026 - Curva 1 KART\",\"isPartOf\":{\"@id\":\"https:\/\/curva1kart.com.ar\/noticias\/#website\"},\"primaryImageOfPage\":{\"@id\":\"https:\/\/curva1kart.com.ar\/noticias\/?p=125165#primaryimage\"},\"datePublished\":\"2026-09-03T20:27:50+00:00\",\"dateModified\":\"2026-09-03T20:44:42+00:00\",\"author\":{\"@id\":\"https:\/\/curva1kart.com.ar\/noticias\/#\/schema\/person\/710d14304c85d21660d185f262399043\"},\"inLanguage\":\"en-US\",\"potentialAction\":[{\"@type\":\"ReadAction\",\"target\":[\"https:\/\/curva1kart.com.ar\/noticias\/?p=125165\"]}]},{\"@type\":[\"Person\"],\"@id\":\"https:\/\/curva1kart.com.ar\/noticias\/#\/schema\/person\/710d14304c85d21660d185f262399043\",\"name\":\"Jos\\u00e9 Bravo\"}]}<\/script>\n<!-- \/ Yoast SEO Premium plugin. -->","_links":{"self":[{"href":"https:\/\/curva1kart.com.ar\/noticias\/index.php?rest_route=\/wp\/v2\/posts\/125165","targetHints":{"allow":["GET"]}}],"collection":[{"href":"https:\/\/curva1kart.com.ar\/noticias\/index.php?rest_route=\/wp\/v2\/posts"}],"about":[{"href":"https:\/\/curva1kart.com.ar\/noticias\/index.php?rest_route=\/wp\/v2\/types\/post"}],"author":[{"embeddable":true,"href":"https:\/\/curva1kart.com.ar\/noticias\/index.php?rest_route=\/wp\/v2\/users\/1"}],"replies":[{"embeddable":true,"href":"https:\/\/curva1kart.com.ar\/noticias\/index.php?rest_route=%2Fwp%2Fv2%2Fcomments&post=125165"}],"version-history":[{"count":5,"href":"https:\/\/curva1kart.com.ar\/noticias\/index.php?rest_route=\/wp\/v2\/posts\/125165\/revisions"}],"predecessor-version":[{"id":125176,"href":"https:\/\/curva1kart.com.ar\/noticias\/index.php?rest_route=\/wp\/v2\/posts\/125165\/revisions\/125176"}],"wp:featuredmedia":[{"embeddable":true,"href":"https:\/\/curva1kart.com.ar\/noticias\/index.php?rest_route=\/wp\/v2\/media\/125167"}],"wp:attachment":[{"href":"https:\/\/curva1kart.com.ar\/noticias\/index.php?rest_route=%2Fwp%2Fv2%2Fmedia&parent=125165"}],"wp:term":[{"taxonomy":"category","embeddable":true,"href":"https:\/\/curva1kart.com.ar\/noticias\/index.php?rest_route=%2Fwp%2Fv2%2Fcategories&post=125165"},{"taxonomy":"post_tag","embeddable":true,"href":"https:\/\/curva1kart.com.ar\/noticias\/index.php?rest_route=%2Fwp%2Fv2%2Ftags&post=125165"}],"curies":[{"name":"wp","href":"https:\/\/api.w.org\/{rel}","templated":true}]}}