{"id":125161,"date":"2026-09-03T17:01:23","date_gmt":"2026-09-03T20:01:23","guid":{"rendered":"https:\/\/curva1kart.com.ar\/noticias\/?p=125161"},"modified":"2026-09-03T17:01:23","modified_gmt":"2026-09-03T20:01:23","slug":"misiones-circuito-carlos-albisser-de-puerto-rico-recibe-el-provincia-de-tierra","status":"publish","type":"post","link":"https:\/\/curva1kart.com.ar\/noticias\/?p=125161","title":{"rendered":"MISIONES. Circuito Carlos Albisser de Puerto Rico recibe el provincia de tierra"},"content":{"rendered":"<p><img loading=\"lazy\" decoding=\"async\" class=\"aligncenter size-full wp-image-125162\" src=\"http:\/\/curva1kart.com.ar\/noticias\/wp-content\/uploads\/2026\/09\/karting-2-2048x1365-1.jpg\" alt=\"\" width=\"1965\" height=\"1310\" srcset=\"http:\/\/curva1kart.com.ar\/noticias\/wp-content\/uploads\/2026\/09\/karting-2-2048x1365-1.jpg 1965w, http:\/\/curva1kart.com.ar\/noticias\/wp-content\/uploads\/2026\/09\/karting-2-2048x1365-1-1000x667.jpg 1000w, http:\/\/curva1kart.com.ar\/noticias\/wp-content\/uploads\/2026\/09\/karting-2-2048x1365-1-1024x683.jpg 1024w, http:\/\/curva1kart.com.ar\/noticias\/wp-content\/uploads\/2026\/09\/karting-2-2048x1365-1-768x512.jpg 768w, http:\/\/curva1kart.com.ar\/noticias\/wp-content\/uploads\/2026\/09\/karting-2-2048x1365-1-1536x1024.jpg 1536w\" sizes=\"auto, (max-width: 1965px) 100vw, 1965px\" \/><\/p>\n<p class=\"isSelectedEnd\"><strong>El Campeonato Misionero de Karting de Tierra afrontar\u00e1 este fin de semana una instancia decisiva en el circuito Carlos Albisser de Puerto Rico.<\/strong> La actividad correspondiente a la sexta y pen\u00faltima fecha de la temporada 2026 comenzar\u00e1 el s\u00e1bado con entrenamientos y clasificaciones, mientras que el domingo se disputar\u00e1n las series y las finales.<\/p>\n<p class=\"isSelectedEnd\">Cada punto tendr\u00e1 un valor especial en la definici\u00f3n de los campeonatos. La jornada podr\u00eda dejar a varios pilotos cerca de consagrarse en sus respectivas categor\u00edas, entre ellas Est\u00e1ndar, Copa L\u00fcqstoff y Veteranos.<\/p>\n<p class=\"isSelectedEnd\"><strong>Uno de los protagonistas ser\u00e1 Mat\u00edas Prestes, piloto de Capiov\u00ed y actual l\u00edder del campeonato de Kart Est\u00e1ndar 150cc. El representante del DyL Competici\u00f3n anticip\u00f3 que llegar\u00e1 con grandes expectativas al trazado de Puerto Rico, donde se sentir\u00e1 pr\u00e1cticamente local.<\/strong><\/p>\n<p class=\"isSelectedEnd\">\u201cEstuvimos trabajando en el karting para reparar lo que se nos rompi\u00f3 la fecha pasada. Ya lo tenemos casi listo y estamos en la recta final de cara a la fecha\u201d, cont\u00f3 Prestes en di\u00e1logo con La Hora Deportiva.<\/p>\n<p class=\"isSelectedEnd\">El piloto buscar\u00e1 dejar atr\u00e1s el resultado adverso obtenido en la competencia anterior, disputada en Ap\u00f3stoles.<\/p>\n<p class=\"isSelectedEnd\">\u201cQueremos revertir lo que nos dej\u00f3 con las manos vac\u00edas en la fecha anterior. Vamos con expectativas altas, ya que nos toca correr en Puerto Rico. Nosotros somos de Capiov\u00ed y somos pr\u00e1cticamente locales, as\u00ed que estamos muy contentos\u201d, afirm\u00f3.<\/p>\n<h2>Dos jornadas de actividad<\/h2>\n<p class=\"isSelectedEnd\">El s\u00e1bado, la actividad en pista comenzar\u00e1 a las 9.45 con la primera tanda de entrenamientos de Kart Junior 150cc. Luego ser\u00e1 el turno de Copa L\u00fcqstoff, Kart Veterano 150cc, Kart 110cc, Kart Seniors 150cc, Kart Est\u00e1ndar 150cc, M\u00e1ster 150cc y Superkart.<\/p>\n<p class=\"isSelectedEnd\">Cada categor\u00eda contar\u00e1 con dos tandas de pr\u00e1cticas. Las clasificaciones arrancar\u00e1n a las 14.30 y se extender\u00e1n hasta las 16.15.<\/p>\n<p class=\"isSelectedEnd\">El domingo, las series comenzar\u00e1n a las 9.40 y las finales se pondr\u00e1n en marcha desde las 12.40.<\/p>\n<p><img loading=\"lazy\" decoding=\"async\" class=\"aligncenter size-full wp-image-125163\" src=\"http:\/\/curva1kart.com.ar\/noticias\/wp-content\/uploads\/2026\/09\/karting-1-1140x570-1.jpg\" alt=\"\" width=\"1140\" height=\"570\" srcset=\"http:\/\/curva1kart.com.ar\/noticias\/wp-content\/uploads\/2026\/09\/karting-1-1140x570-1.jpg 1140w, http:\/\/curva1kart.com.ar\/noticias\/wp-content\/uploads\/2026\/09\/karting-1-1140x570-1-1024x512.jpg 1024w, http:\/\/curva1kart.com.ar\/noticias\/wp-content\/uploads\/2026\/09\/karting-1-1140x570-1-768x384.jpg 768w\" sizes=\"auto, (max-width: 1140px) 100vw, 1140px\" \/><\/p>\n<h2>Cronograma del S\u00e1bado<\/h2>\n<p class=\"isSelectedEnd\"><strong>Entrenamientos<\/strong><\/p>\n<ul data-spread=\"false\">\n<li>9.45: Kart Junior 150cc<\/li>\n<li>10.00: Copa L\u00fcqstoff<\/li>\n<li>10.15: Kart Veterano 150cc<\/li>\n<li>10.30: Kart 110cc<\/li>\n<li>10.45: Kart Seniors 150cc<\/li>\n<li>11.00: Kart Est\u00e1ndar 150cc<\/li>\n<li>11.15: M\u00e1ster 150cc<\/li>\n<li>11.30: Superkart<\/li>\n<\/ul>\n<p class=\"isSelectedEnd\">Las segundas tandas se desarrollar\u00e1n desde las 11.45, respetando el mismo orden de categor\u00edas.<\/p>\n<p class=\"isSelectedEnd\"><strong>Clasificaciones<\/strong><\/p>\n<ul data-spread=\"false\">\n<li>14.30: Kart Junior 150cc<\/li>\n<li>14.45: Copa L\u00fcqstoff<\/li>\n<li>15.00: Kart Veterano 150cc<\/li>\n<li>15.15: Kart 110cc<\/li>\n<li>15.30: Kart Seniors 150cc<\/li>\n<li>15.45: Kart Est\u00e1ndar 150cc<\/li>\n<li>16.00: M\u00e1ster 150cc<\/li>\n<li>16.15: Superkart<\/li>\n<\/ul>\n<h2>Cronograma del Domingo<\/h2>\n<p class=\"isSelectedEnd\"><strong>Series<\/strong><\/p>\n<ul data-spread=\"false\">\n<li>9.40: Kart Junior 150cc<\/li>\n<li>10.00: Copa L\u00fcqstoff<\/li>\n<li>10.20: Kart Veterano 150cc<\/li>\n<li>10.40: Kart 110cc<\/li>\n<li>11.00: Kart Seniors 150cc<\/li>\n<li>11.20: Kart Est\u00e1ndar 150cc<\/li>\n<li>11.40: M\u00e1ster 150cc<\/li>\n<li>12.00: Superkart<\/li>\n<\/ul>\n<p class=\"isSelectedEnd\"><strong>Finales<\/strong><\/p>\n<ul data-spread=\"false\">\n<li>12.40: Kart Junior 150cc<\/li>\n<li>13.00: Copa L\u00fcqstoff<\/li>\n<li>13.20: Kart Veterano 150cc<\/li>\n<li>13.40: Kart 110cc<\/li>\n<li>14.00: Kart Seniors 150cc<\/li>\n<li>14.20: Kart Est\u00e1ndar 150cc<\/li>\n<li>14.40: M\u00e1ster 150cc<\/li>\n<li>15.00: Superkart<\/li>\n<\/ul>\n<p>Fuente: Primera Edici\u00f3n.<\/p>\n","protected":false},"excerpt":{"rendered":"<p>El Campeonato Misionero de Karting de Tierra afrontar\u00e1 este fin de semana una instancia decisiva en el circuito Carlos Albisser de Puerto Rico. La actividad correspondiente a la sexta y pen\u00faltima fecha de la temporada 2026 comenzar\u00e1 el s\u00e1bado con entrenamientos y clasificaciones, mientras que el domingo se disputar\u00e1n las series y las finales. Cada&#46;&#46;&#46;<\/p>\n","protected":false},"author":1,"featured_media":125162,"comment_status":"closed","ping_status":"closed","sticky":false,"template":"","format":"standard","meta":{"footnotes":""},"categories":[9],"tags":[],"class_list":["post-125161","post","type-post","status-publish","format-standard","has-post-thumbnail","hentry","category-argentina"],"yoast_head":"<!-- This site is optimized with the Yoast SEO Premium plugin v14.7 - https:\/\/yoast.com\/wordpress\/plugins\/seo\/ -->\n<title>MISIONES. Circuito Carlos Albisser de Puerto Rico recibe el provincia de tierra - Curva 1 KART<\/title>\n<meta name=\"robots\" content=\"index, follow\" \/>\n<meta name=\"googlebot\" content=\"index, follow, max-snippet:-1, max-image-preview:large, max-video-preview:-1\" \/>\n<meta name=\"bingbot\" content=\"index, follow, max-snippet:-1, max-image-preview:large, max-video-preview:-1\" \/>\n<link rel=\"canonical\" href=\"https:\/\/curva1kart.com.ar\/noticias\/?p=125161\" \/>\n<meta property=\"og:locale\" content=\"en_US\" \/>\n<meta property=\"og:type\" content=\"article\" \/>\n<meta property=\"og:title\" content=\"MISIONES. Circuito Carlos Albisser de Puerto Rico recibe el provincia de tierra - Curva 1 KART\" \/>\n<meta property=\"og:description\" content=\"El Campeonato Misionero de Karting de Tierra afrontar\u00e1 este fin de semana una instancia decisiva en el circuito Carlos Albisser de Puerto Rico. La actividad correspondiente a la sexta y pen\u00faltima fecha de la temporada 2026 comenzar\u00e1 el s\u00e1bado con entrenamientos y clasificaciones, mientras que el domingo se disputar\u00e1n las series y las finales. Cada&#046;&#046;&#046;\" \/>\n<meta property=\"og:url\" content=\"https:\/\/curva1kart.com.ar\/noticias\/?p=125161\" \/>\n<meta property=\"og:site_name\" content=\"Curva 1 KART\" \/>\n<meta property=\"article:publisher\" content=\"https:\/\/www.facebook.com\/curva1kart\/\" \/>\n<meta property=\"article:published_time\" content=\"2026-09-03T20:01:23+00:00\" \/>\n<meta property=\"og:image\" content=\"http:\/\/curva1kart.com.ar\/noticias\/wp-content\/uploads\/2026\/09\/karting-2-2048x1365-1.jpg\" \/>\n\t<meta property=\"og:image:width\" content=\"1965\" \/>\n\t<meta property=\"og:image:height\" content=\"1310\" \/>\n<meta property=\"fb:app_id\" content=\"104995992409\" \/>\n<meta name=\"twitter:card\" content=\"summary_large_image\" \/>\n<meta name=\"twitter:creator\" content=\"@Curva1KART\" \/>\n<meta name=\"twitter:site\" content=\"@Curva1KART\" \/>\n<script type=\"application\/ld+json\" class=\"yoast-schema-graph\">{\"@context\":\"https:\/\/schema.org\",\"@graph\":[{\"@type\":\"WebSite\",\"@id\":\"https:\/\/curva1kart.com.ar\/noticias\/#website\",\"url\":\"https:\/\/curva1kart.com.ar\/noticias\/\",\"name\":\"Curva 1 KART\",\"description\":\"Karting Argentino, Sudamericano e Internacional\",\"potentialAction\":[{\"@type\":\"SearchAction\",\"target\":\"https:\/\/curva1kart.com.ar\/noticias\/?s={search_term_string}\",\"query-input\":\"required name=search_term_string\"}],\"inLanguage\":\"en-US\"},{\"@type\":\"ImageObject\",\"@id\":\"https:\/\/curva1kart.com.ar\/noticias\/?p=125161#primaryimage\",\"inLanguage\":\"en-US\",\"url\":\"http:\/\/curva1kart.com.ar\/noticias\/wp-content\/uploads\/2026\/09\/karting-2-2048x1365-1.jpg\",\"width\":1965,\"height\":1310},{\"@type\":\"WebPage\",\"@id\":\"https:\/\/curva1kart.com.ar\/noticias\/?p=125161#webpage\",\"url\":\"https:\/\/curva1kart.com.ar\/noticias\/?p=125161\",\"name\":\"MISIONES. Circuito Carlos Albisser de Puerto Rico recibe el provincia de tierra - Curva 1 KART\",\"isPartOf\":{\"@id\":\"https:\/\/curva1kart.com.ar\/noticias\/#website\"},\"primaryImageOfPage\":{\"@id\":\"https:\/\/curva1kart.com.ar\/noticias\/?p=125161#primaryimage\"},\"datePublished\":\"2026-09-03T20:01:23+00:00\",\"dateModified\":\"2026-09-03T20:01:23+00:00\",\"author\":{\"@id\":\"https:\/\/curva1kart.com.ar\/noticias\/#\/schema\/person\/710d14304c85d21660d185f262399043\"},\"inLanguage\":\"en-US\",\"potentialAction\":[{\"@type\":\"ReadAction\",\"target\":[\"https:\/\/curva1kart.com.ar\/noticias\/?p=125161\"]}]},{\"@type\":[\"Person\"],\"@id\":\"https:\/\/curva1kart.com.ar\/noticias\/#\/schema\/person\/710d14304c85d21660d185f262399043\",\"name\":\"Jos\\u00e9 Bravo\"}]}<\/script>\n<!-- \/ Yoast SEO Premium plugin. -->","_links":{"self":[{"href":"https:\/\/curva1kart.com.ar\/noticias\/index.php?rest_route=\/wp\/v2\/posts\/125161","targetHints":{"allow":["GET"]}}],"collection":[{"href":"https:\/\/curva1kart.com.ar\/noticias\/index.php?rest_route=\/wp\/v2\/posts"}],"about":[{"href":"https:\/\/curva1kart.com.ar\/noticias\/index.php?rest_route=\/wp\/v2\/types\/post"}],"author":[{"embeddable":true,"href":"https:\/\/curva1kart.com.ar\/noticias\/index.php?rest_route=\/wp\/v2\/users\/1"}],"replies":[{"embeddable":true,"href":"https:\/\/curva1kart.com.ar\/noticias\/index.php?rest_route=%2Fwp%2Fv2%2Fcomments&post=125161"}],"version-history":[{"count":1,"href":"https:\/\/curva1kart.com.ar\/noticias\/index.php?rest_route=\/wp\/v2\/posts\/125161\/revisions"}],"predecessor-version":[{"id":125164,"href":"https:\/\/curva1kart.com.ar\/noticias\/index.php?rest_route=\/wp\/v2\/posts\/125161\/revisions\/125164"}],"wp:featuredmedia":[{"embeddable":true,"href":"https:\/\/curva1kart.com.ar\/noticias\/index.php?rest_route=\/wp\/v2\/media\/125162"}],"wp:attachment":[{"href":"https:\/\/curva1kart.com.ar\/noticias\/index.php?rest_route=%2Fwp%2Fv2%2Fmedia&parent=125161"}],"wp:term":[{"taxonomy":"category","embeddable":true,"href":"https:\/\/curva1kart.com.ar\/noticias\/index.php?rest_route=%2Fwp%2Fv2%2Fcategories&post=125161"},{"taxonomy":"post_tag","embeddable":true,"href":"https:\/\/curva1kart.com.ar\/noticias\/index.php?rest_route=%2Fwp%2Fv2%2Ftags&post=125161"}],"curies":[{"name":"wp","href":"https:\/\/api.w.org\/{rel}","templated":true}]}}