{"id":125146,"date":"2026-09-03T14:21:35","date_gmt":"2026-09-03T17:21:35","guid":{"rendered":"https:\/\/curva1kart.com.ar\/noticias\/?p=125146"},"modified":"2026-09-03T14:28:21","modified_gmt":"2026-09-03T17:28:21","slug":"paraguay-proyecta-un-nuevo-kartodromo-internacional-con-licencia-grado-1","status":"publish","type":"post","link":"https:\/\/curva1kart.com.ar\/noticias\/?p=125146","title":{"rendered":"Paraguay proyecta un nuevo Kart\u00f3dromo Internacional con Licencia Grado 1"},"content":{"rendered":"<div id=\"attachment_125147\" style=\"width: 1010px\" class=\"wp-caption aligncenter\"><img loading=\"lazy\" decoding=\"async\" aria-describedby=\"caption-attachment-125147\" class=\"wp-image-125147 size-full\" src=\"http:\/\/curva1kart.com.ar\/noticias\/wp-content\/uploads\/2026\/09\/\u00a1Paso-clave-para-el-automovilismo-paraguayoEl-pasado-sabado-29-de-agosto-el-Arq.-Raul-Berecibar-2.jpg\" alt=\"\" width=\"1000\" height=\"667\" srcset=\"http:\/\/curva1kart.com.ar\/noticias\/wp-content\/uploads\/2026\/09\/\u00a1Paso-clave-para-el-automovilismo-paraguayoEl-pasado-sabado-29-de-agosto-el-Arq.-Raul-Berecibar-2.jpg 1000w, http:\/\/curva1kart.com.ar\/noticias\/wp-content\/uploads\/2026\/09\/\u00a1Paso-clave-para-el-automovilismo-paraguayoEl-pasado-sabado-29-de-agosto-el-Arq.-Raul-Berecibar-2-768x512.jpg 768w\" sizes=\"auto, (max-width: 1000px) 100vw, 1000px\" \/><p id=\"caption-attachment-125147\" class=\"wp-caption-text\"><span style=\"color: #ff0000;\">El arquitecto argentino RA\u00daL BERECIBAR junto al Presidente de la FIA Mohammed Ben Sulayem<\/span><\/p><\/div>\n<p>El proyecto del nuevo <strong>Kart\u00f3dromo Internacional Ciudad de Luque<\/strong> fue presentado por el arquitecto argentino<strong>\u00a0Ra\u00fal Berecibar<\/strong> ante importantes autoridades nacionales e internacionales, marcando un paso clave para el futuro del karting paraguayo.<\/p>\n<p class=\"isSelectedEnd\">El automovilismo de <strong>Paraguay <\/strong>avanza con un ambicioso proyecto de infraestructura. El pasado s\u00e1bado <strong>29 de agosto<\/strong>, el arquitecto <strong>Ra\u00fal Berecibar<\/strong> present\u00f3 oficialmente el proyecto del nuevo <strong>Kart\u00f3dromo Internacional Ciudad de Luque<\/strong>, un escenario concebido para alcanzar los est\u00e1ndares internacionales y obtener <strong>Licencia Grado 1.<\/strong><\/p>\n<p class=\"isSelectedEnd\">La presentaci\u00f3n coincidi\u00f3 con un momento hist\u00f3rico para el automovilismo paraguayo, en el marco de la realizaci\u00f3n del <strong>Mundial de Rally en Encarnaci\u00f3n<\/strong>, y cont\u00f3 con la presencia de importantes autoridades. Entre ellas estuvieron el presidente de Paraguay, <strong>Santiago Pe\u00f1a;<\/strong> el presidente de la <strong>FIA, Mohammed Ben Sulayem<\/strong>; y el titular del <strong>Karting Club Paraguayo, Jorge &#8220;Tiko&#8221; Maune.<\/strong><\/p>\n<p class=\"isSelectedEnd\">El proyecto representa un importante paso para el crecimiento del karting en Paraguay, con la intenci\u00f3n de disponer de una infraestructura preparada para competencias de primer nivel y con capacidad para proyectar al pa\u00eds dentro del calendario internacional.<\/p>\n<p class=\"isSelectedEnd\">Detr\u00e1s del dise\u00f1o se encuentra <strong>Kartmund<\/strong>, que contin\u00faa desarrollando proyectos de circuitos y mantiene su presencia internacional. La firma tiene a su cargo el dise\u00f1o de este nuevo kart\u00f3dromo con especificaciones para <strong>Licencia Grado 1<\/strong>, elevando considerablemente las expectativas sobre el futuro escenario de <strong>Luque, en el \u00e1rea metropolitana de Asunci\u00f3n.<\/strong><\/p>\n<p>La concreci\u00f3n del <strong>Kart\u00f3dromo Internacional Ciudad de Luque<\/strong> significar\u00eda un salto importante para el automovilismo paraguayo, abriendo nuevas posibilidades para recibir competencias internacionales y continuar fortaleciendo el crecimiento que viene experimentando el karting en toda la regi\u00f3n.<\/p>\n<blockquote><p>Ra\u00fal Berecibar y Kart Mund estuvieron durante 2024 y 2025 encargados de la organizaci\u00f3n del Campeonato Argentino de Karting.<\/p><\/blockquote>\n<p><img loading=\"lazy\" decoding=\"async\" class=\"aligncenter size-full wp-image-125148\" src=\"http:\/\/curva1kart.com.ar\/noticias\/wp-content\/uploads\/2026\/09\/\u00a1Paso-clave-para-el-automovilismo-paraguayoEl-pasado-sabado-29-de-agosto-el-Arq.-Raul-Berecibar-3.jpg\" alt=\"\" width=\"1000\" height=\"1347\" srcset=\"http:\/\/curva1kart.com.ar\/noticias\/wp-content\/uploads\/2026\/09\/\u00a1Paso-clave-para-el-automovilismo-paraguayoEl-pasado-sabado-29-de-agosto-el-Arq.-Raul-Berecibar-3.jpg 1000w, http:\/\/curva1kart.com.ar\/noticias\/wp-content\/uploads\/2026\/09\/\u00a1Paso-clave-para-el-automovilismo-paraguayoEl-pasado-sabado-29-de-agosto-el-Arq.-Raul-Berecibar-3-760x1024.jpg 760w, http:\/\/curva1kart.com.ar\/noticias\/wp-content\/uploads\/2026\/09\/\u00a1Paso-clave-para-el-automovilismo-paraguayoEl-pasado-sabado-29-de-agosto-el-Arq.-Raul-Berecibar-3-768x1034.jpg 768w\" sizes=\"auto, (max-width: 1000px) 100vw, 1000px\" \/> <img loading=\"lazy\" decoding=\"async\" class=\"aligncenter size-full wp-image-125149\" src=\"http:\/\/curva1kart.com.ar\/noticias\/wp-content\/uploads\/2026\/09\/\u00a1Paso-clave-para-el-automovilismo-paraguayoEl-pasado-sabado-29-de-agosto-el-Arq.-Raul-Berecibar-1.jpg\" alt=\"\" width=\"1600\" height=\"2156\" srcset=\"http:\/\/curva1kart.com.ar\/noticias\/wp-content\/uploads\/2026\/09\/\u00a1Paso-clave-para-el-automovilismo-paraguayoEl-pasado-sabado-29-de-agosto-el-Arq.-Raul-Berecibar-1.jpg 1600w, http:\/\/curva1kart.com.ar\/noticias\/wp-content\/uploads\/2026\/09\/\u00a1Paso-clave-para-el-automovilismo-paraguayoEl-pasado-sabado-29-de-agosto-el-Arq.-Raul-Berecibar-1-760x1024.jpg 760w, http:\/\/curva1kart.com.ar\/noticias\/wp-content\/uploads\/2026\/09\/\u00a1Paso-clave-para-el-automovilismo-paraguayoEl-pasado-sabado-29-de-agosto-el-Arq.-Raul-Berecibar-1-768x1035.jpg 768w, http:\/\/curva1kart.com.ar\/noticias\/wp-content\/uploads\/2026\/09\/\u00a1Paso-clave-para-el-automovilismo-paraguayoEl-pasado-sabado-29-de-agosto-el-Arq.-Raul-Berecibar-1-1140x1536.jpg 1140w, http:\/\/curva1kart.com.ar\/noticias\/wp-content\/uploads\/2026\/09\/\u00a1Paso-clave-para-el-automovilismo-paraguayoEl-pasado-sabado-29-de-agosto-el-Arq.-Raul-Berecibar-1-1520x2048.jpg 1520w\" sizes=\"auto, (max-width: 1600px) 100vw, 1600px\" \/> <img loading=\"lazy\" decoding=\"async\" class=\"aligncenter size-full wp-image-125150\" src=\"http:\/\/curva1kart.com.ar\/noticias\/wp-content\/uploads\/2026\/09\/\u00a1Paso-clave-para-el-automovilismo-paraguayoEl-pasado-sabado-29-de-agosto-el-Arq.-Raul-Berecibar.jpg\" alt=\"\" width=\"1024\" height=\"1379\" srcset=\"http:\/\/curva1kart.com.ar\/noticias\/wp-content\/uploads\/2026\/09\/\u00a1Paso-clave-para-el-automovilismo-paraguayoEl-pasado-sabado-29-de-agosto-el-Arq.-Raul-Berecibar.jpg 1024w, http:\/\/curva1kart.com.ar\/noticias\/wp-content\/uploads\/2026\/09\/\u00a1Paso-clave-para-el-automovilismo-paraguayoEl-pasado-sabado-29-de-agosto-el-Arq.-Raul-Berecibar-760x1024.jpg 760w, http:\/\/curva1kart.com.ar\/noticias\/wp-content\/uploads\/2026\/09\/\u00a1Paso-clave-para-el-automovilismo-paraguayoEl-pasado-sabado-29-de-agosto-el-Arq.-Raul-Berecibar-768x1034.jpg 768w\" sizes=\"auto, (max-width: 1024px) 100vw, 1024px\" \/><\/p>\n","protected":false},"excerpt":{"rendered":"<p>El proyecto del nuevo Kart\u00f3dromo Internacional Ciudad de Luque fue presentado por el arquitecto argentino\u00a0Ra\u00fal Berecibar ante importantes autoridades nacionales e internacionales, marcando un paso clave para el futuro del karting paraguayo. El automovilismo de Paraguay avanza con un ambicioso proyecto de infraestructura. El pasado s\u00e1bado 29 de agosto, el arquitecto Ra\u00fal Berecibar present\u00f3 oficialmente&#46;&#46;&#46;<\/p>\n","protected":false},"author":1,"featured_media":125147,"comment_status":"closed","ping_status":"closed","sticky":false,"template":"","format":"standard","meta":{"footnotes":""},"categories":[17],"tags":[],"class_list":["post-125146","post","type-post","status-publish","format-standard","has-post-thumbnail","hentry","category-internacionales"],"yoast_head":"<!-- This site is optimized with the Yoast SEO Premium plugin v14.7 - https:\/\/yoast.com\/wordpress\/plugins\/seo\/ -->\n<title>Paraguay proyecta un nuevo Kart\u00f3dromo Internacional con Licencia Grado 1 - Curva 1 KART<\/title>\n<meta name=\"robots\" content=\"index, follow\" \/>\n<meta name=\"googlebot\" content=\"index, follow, max-snippet:-1, max-image-preview:large, max-video-preview:-1\" \/>\n<meta name=\"bingbot\" content=\"index, follow, max-snippet:-1, max-image-preview:large, max-video-preview:-1\" \/>\n<link rel=\"canonical\" href=\"https:\/\/curva1kart.com.ar\/noticias\/?p=125146\" \/>\n<meta property=\"og:locale\" content=\"en_US\" \/>\n<meta property=\"og:type\" content=\"article\" \/>\n<meta property=\"og:title\" content=\"Paraguay proyecta un nuevo Kart\u00f3dromo Internacional con Licencia Grado 1 - Curva 1 KART\" \/>\n<meta property=\"og:description\" content=\"El proyecto del nuevo Kart\u00f3dromo Internacional Ciudad de Luque fue presentado por el arquitecto argentino\u00a0Ra\u00fal Berecibar ante importantes autoridades nacionales e internacionales, marcando un paso clave para el futuro del karting paraguayo. El automovilismo de Paraguay avanza con un ambicioso proyecto de infraestructura. El pasado s\u00e1bado 29 de agosto, el arquitecto Ra\u00fal Berecibar present\u00f3 oficialmente&#046;&#046;&#046;\" \/>\n<meta property=\"og:url\" content=\"https:\/\/curva1kart.com.ar\/noticias\/?p=125146\" \/>\n<meta property=\"og:site_name\" content=\"Curva 1 KART\" \/>\n<meta property=\"article:publisher\" content=\"https:\/\/www.facebook.com\/curva1kart\/\" \/>\n<meta property=\"article:published_time\" content=\"2026-09-03T17:21:35+00:00\" \/>\n<meta property=\"article:modified_time\" content=\"2026-09-03T17:28:21+00:00\" \/>\n<meta property=\"og:image\" content=\"http:\/\/curva1kart.com.ar\/noticias\/wp-content\/uploads\/2026\/09\/\u00a1Paso-clave-para-el-automovilismo-paraguayoEl-pasado-sabado-29-de-agosto-el-Arq.-Raul-Berecibar-2.jpg\" \/>\n\t<meta property=\"og:image:width\" content=\"1000\" \/>\n\t<meta property=\"og:image:height\" content=\"667\" \/>\n<meta property=\"fb:app_id\" content=\"104995992409\" \/>\n<meta name=\"twitter:card\" content=\"summary_large_image\" \/>\n<meta name=\"twitter:creator\" content=\"@Curva1KART\" \/>\n<meta name=\"twitter:site\" content=\"@Curva1KART\" \/>\n<script type=\"application\/ld+json\" class=\"yoast-schema-graph\">{\"@context\":\"https:\/\/schema.org\",\"@graph\":[{\"@type\":\"WebSite\",\"@id\":\"https:\/\/curva1kart.com.ar\/noticias\/#website\",\"url\":\"https:\/\/curva1kart.com.ar\/noticias\/\",\"name\":\"Curva 1 KART\",\"description\":\"Karting Argentino, Sudamericano e Internacional\",\"potentialAction\":[{\"@type\":\"SearchAction\",\"target\":\"https:\/\/curva1kart.com.ar\/noticias\/?s={search_term_string}\",\"query-input\":\"required name=search_term_string\"}],\"inLanguage\":\"en-US\"},{\"@type\":\"ImageObject\",\"@id\":\"https:\/\/curva1kart.com.ar\/noticias\/?p=125146#primaryimage\",\"inLanguage\":\"en-US\",\"url\":\"http:\/\/curva1kart.com.ar\/noticias\/wp-content\/uploads\/2026\/09\/\\u00a1Paso-clave-para-el-automovilismo-paraguayoEl-pasado-sabado-29-de-agosto-el-Arq.-Raul-Berecibar-2.jpg\",\"width\":1000,\"height\":667},{\"@type\":\"WebPage\",\"@id\":\"https:\/\/curva1kart.com.ar\/noticias\/?p=125146#webpage\",\"url\":\"https:\/\/curva1kart.com.ar\/noticias\/?p=125146\",\"name\":\"Paraguay proyecta un nuevo Kart\\u00f3dromo Internacional con Licencia Grado 1 - Curva 1 KART\",\"isPartOf\":{\"@id\":\"https:\/\/curva1kart.com.ar\/noticias\/#website\"},\"primaryImageOfPage\":{\"@id\":\"https:\/\/curva1kart.com.ar\/noticias\/?p=125146#primaryimage\"},\"datePublished\":\"2026-09-03T17:21:35+00:00\",\"dateModified\":\"2026-09-03T17:28:21+00:00\",\"author\":{\"@id\":\"https:\/\/curva1kart.com.ar\/noticias\/#\/schema\/person\/710d14304c85d21660d185f262399043\"},\"inLanguage\":\"en-US\",\"potentialAction\":[{\"@type\":\"ReadAction\",\"target\":[\"https:\/\/curva1kart.com.ar\/noticias\/?p=125146\"]}]},{\"@type\":[\"Person\"],\"@id\":\"https:\/\/curva1kart.com.ar\/noticias\/#\/schema\/person\/710d14304c85d21660d185f262399043\",\"name\":\"Jos\\u00e9 Bravo\"}]}<\/script>\n<!-- \/ Yoast SEO Premium plugin. -->","_links":{"self":[{"href":"https:\/\/curva1kart.com.ar\/noticias\/index.php?rest_route=\/wp\/v2\/posts\/125146","targetHints":{"allow":["GET"]}}],"collection":[{"href":"https:\/\/curva1kart.com.ar\/noticias\/index.php?rest_route=\/wp\/v2\/posts"}],"about":[{"href":"https:\/\/curva1kart.com.ar\/noticias\/index.php?rest_route=\/wp\/v2\/types\/post"}],"author":[{"embeddable":true,"href":"https:\/\/curva1kart.com.ar\/noticias\/index.php?rest_route=\/wp\/v2\/users\/1"}],"replies":[{"embeddable":true,"href":"https:\/\/curva1kart.com.ar\/noticias\/index.php?rest_route=%2Fwp%2Fv2%2Fcomments&post=125146"}],"version-history":[{"count":5,"href":"https:\/\/curva1kart.com.ar\/noticias\/index.php?rest_route=\/wp\/v2\/posts\/125146\/revisions"}],"predecessor-version":[{"id":125155,"href":"https:\/\/curva1kart.com.ar\/noticias\/index.php?rest_route=\/wp\/v2\/posts\/125146\/revisions\/125155"}],"wp:featuredmedia":[{"embeddable":true,"href":"https:\/\/curva1kart.com.ar\/noticias\/index.php?rest_route=\/wp\/v2\/media\/125147"}],"wp:attachment":[{"href":"https:\/\/curva1kart.com.ar\/noticias\/index.php?rest_route=%2Fwp%2Fv2%2Fmedia&parent=125146"}],"wp:term":[{"taxonomy":"category","embeddable":true,"href":"https:\/\/curva1kart.com.ar\/noticias\/index.php?rest_route=%2Fwp%2Fv2%2Fcategories&post=125146"},{"taxonomy":"post_tag","embeddable":true,"href":"https:\/\/curva1kart.com.ar\/noticias\/index.php?rest_route=%2Fwp%2Fv2%2Ftags&post=125146"}],"curies":[{"name":"wp","href":"https:\/\/api.w.org\/{rel}","templated":true}]}}