{"id":125139,"date":"2026-09-03T02:06:52","date_gmt":"2026-09-03T05:06:52","guid":{"rendered":"https:\/\/curva1kart.com.ar\/noticias\/?p=125139"},"modified":"2026-09-03T02:06:52","modified_gmt":"2026-09-03T05:06:52","slug":"sunchales-2012-polemica-definicion-junior-max-en-la-final-argentina-de-rotax","status":"publish","type":"post","link":"https:\/\/curva1kart.com.ar\/noticias\/?p=125139","title":{"rendered":"Sunchales 2012: Pol\u00e9mica definici\u00f3n Junior Max en la Final Argentina de Rotax"},"content":{"rendered":"<p><img loading=\"lazy\" decoding=\"async\" class=\"aligncenter size-full wp-image-125141\" src=\"http:\/\/curva1kart.com.ar\/noticias\/wp-content\/uploads\/2026\/09\/ChatGPT-Image-3-sept-2026-01_51_07-a.m.png\" alt=\"\" width=\"1535\" height=\"1024\" srcset=\"http:\/\/curva1kart.com.ar\/noticias\/wp-content\/uploads\/2026\/09\/ChatGPT-Image-3-sept-2026-01_51_07-a.m.png 1535w, http:\/\/curva1kart.com.ar\/noticias\/wp-content\/uploads\/2026\/09\/ChatGPT-Image-3-sept-2026-01_51_07-a.m-1000x667.png 1000w, http:\/\/curva1kart.com.ar\/noticias\/wp-content\/uploads\/2026\/09\/ChatGPT-Image-3-sept-2026-01_51_07-a.m-1024x683.png 1024w, http:\/\/curva1kart.com.ar\/noticias\/wp-content\/uploads\/2026\/09\/ChatGPT-Image-3-sept-2026-01_51_07-a.m-768x512.png 768w\" sizes=\"auto, (max-width: 1535px) 100vw, 1535px\" \/><\/p>\n<p>En pocos d\u00edas <strong>Rotax Argentina<\/strong> tendr\u00e1 su <strong>Final Argentina 2026<\/strong> en el <strong>Kart\u00f3dromo Sudamericano de Sunchales<\/strong> (Santa Fe) con 10 cupos para la Grand Finals de Portugal<\/p>\n<p>En 2012, Sunchales tambi\u00e9n recibi\u00f3 una Final Argentina clasificatoria &#8220;casualmente&#8221; tambi\u00e9n para Portugal, con final Junior Max &#8220;muy picante&#8221;.<\/p>\n<p>El mendocino JORGE VITAR hab\u00eda ganado las 2 pole y 2 finales, se corr\u00eda la \u00faltima final cuando en la pen\u00faltima vuelta busc\u00f3 otra victoria m\u00e1s (cuando ya ten\u00eda el cupo en su poder) y un toque con el santafecino RICARDO DEGOUMOIS provoc\u00f3 segundos despu\u00e9s del despiste y accidente del bonaerense NICOL\u00c1S CARB\u00d3N. Vitar fue excluido de la carrera por esta maniobra y no pudo descartar esa final. Degoumois gan\u00f3 la final y tambi\u00e9n el ticket a Portugal junto a su equipo Martinelli Motorsport.<\/p>\n<p><strong>Curva 1 KART<\/strong> estuvo en Sunchales 2012, incluso con otro logo, y mostramos algo de aquella definici\u00f3n pol\u00e9mica.<\/p>\n<hr \/>\n<div class=\"video-container\"><iframe loading=\"lazy\" title=\"Final Argentina de Rotax 2012 en Sunchales - Pol\u00e9mica Junior Max\" width=\"720\" height=\"405\" src=\"https:\/\/www.youtube.com\/embed\/ehqkMWjkw7Q?feature=oembed\" frameborder=\"0\" allow=\"accelerometer; autoplay; clipboard-write; encrypted-media; gyroscope; picture-in-picture; web-share\" referrerpolicy=\"strict-origin-when-cross-origin\" allowfullscreen><\/iframe><\/div>\n<hr \/>\n<div class=\"video-container\"><iframe loading=\"lazy\" title=\"Gran Final Rotax Argentina. Definici\u00f3n categor\u00eda J\u00fanior Max\" width=\"720\" height=\"540\" src=\"https:\/\/www.youtube.com\/embed\/7on5SZr_s_s?feature=oembed\" frameborder=\"0\" allow=\"accelerometer; autoplay; clipboard-write; encrypted-media; gyroscope; picture-in-picture; web-share\" referrerpolicy=\"strict-origin-when-cross-origin\" allowfullscreen><\/iframe><\/div>\n<hr \/>\n<p>&nbsp;<\/p>\n","protected":false},"excerpt":{"rendered":"<p>En pocos d\u00edas Rotax Argentina tendr\u00e1 su Final Argentina 2026 en el Kart\u00f3dromo Sudamericano de Sunchales (Santa Fe) con 10 cupos para la Grand Finals de Portugal En 2012, Sunchales tambi\u00e9n recibi\u00f3 una Final Argentina clasificatoria &#8220;casualmente&#8221; tambi\u00e9n para Portugal, con final Junior Max &#8220;muy picante&#8221;. El mendocino JORGE VITAR hab\u00eda ganado las 2 pole&#46;&#46;&#46;<\/p>\n","protected":false},"author":1,"featured_media":125141,"comment_status":"closed","ping_status":"closed","sticky":false,"template":"","format":"video","meta":{"footnotes":""},"categories":[39],"tags":[],"class_list":["post-125139","post","type-post","status-publish","format-video","has-post-thumbnail","hentry","category-rotax-buenos-aires","post_format-post-format-video"],"yoast_head":"<!-- This site is optimized with the Yoast SEO Premium plugin v14.7 - https:\/\/yoast.com\/wordpress\/plugins\/seo\/ -->\n<title>Sunchales 2012: Pol\u00e9mica definici\u00f3n Junior Max en la Final Argentina de Rotax - Curva 1 KART<\/title>\n<meta name=\"robots\" content=\"index, follow\" \/>\n<meta name=\"googlebot\" content=\"index, follow, max-snippet:-1, max-image-preview:large, max-video-preview:-1\" \/>\n<meta name=\"bingbot\" content=\"index, follow, max-snippet:-1, max-image-preview:large, max-video-preview:-1\" \/>\n<link rel=\"canonical\" href=\"https:\/\/curva1kart.com.ar\/noticias\/?p=125139\" \/>\n<meta property=\"og:locale\" content=\"en_US\" \/>\n<meta property=\"og:type\" content=\"article\" \/>\n<meta property=\"og:title\" content=\"Sunchales 2012: Pol\u00e9mica definici\u00f3n Junior Max en la Final Argentina de Rotax - Curva 1 KART\" \/>\n<meta property=\"og:description\" content=\"En pocos d\u00edas Rotax Argentina tendr\u00e1 su Final Argentina 2026 en el Kart\u00f3dromo Sudamericano de Sunchales (Santa Fe) con 10 cupos para la Grand Finals de Portugal En 2012, Sunchales tambi\u00e9n recibi\u00f3 una Final Argentina clasificatoria &#8220;casualmente&#8221; tambi\u00e9n para Portugal, con final Junior Max &#8220;muy picante&#8221;. El mendocino JORGE VITAR hab\u00eda ganado las 2 pole&#046;&#046;&#046;\" \/>\n<meta property=\"og:url\" content=\"https:\/\/curva1kart.com.ar\/noticias\/?p=125139\" \/>\n<meta property=\"og:site_name\" content=\"Curva 1 KART\" \/>\n<meta property=\"article:publisher\" content=\"https:\/\/www.facebook.com\/curva1kart\/\" \/>\n<meta property=\"article:published_time\" content=\"2026-09-03T05:06:52+00:00\" \/>\n<meta property=\"og:image\" content=\"http:\/\/curva1kart.com.ar\/noticias\/wp-content\/uploads\/2026\/09\/ChatGPT-Image-3-sept-2026-01_51_07-a.m-1024x683.png\" \/>\n\t<meta property=\"og:image:width\" content=\"1024\" \/>\n\t<meta property=\"og:image:height\" content=\"683\" \/>\n<meta property=\"fb:app_id\" content=\"104995992409\" \/>\n<meta name=\"twitter:card\" content=\"summary_large_image\" \/>\n<meta name=\"twitter:creator\" content=\"@Curva1KART\" \/>\n<meta name=\"twitter:site\" content=\"@Curva1KART\" \/>\n<script type=\"application\/ld+json\" class=\"yoast-schema-graph\">{\"@context\":\"https:\/\/schema.org\",\"@graph\":[{\"@type\":\"WebSite\",\"@id\":\"https:\/\/curva1kart.com.ar\/noticias\/#website\",\"url\":\"https:\/\/curva1kart.com.ar\/noticias\/\",\"name\":\"Curva 1 KART\",\"description\":\"Karting Argentino, Sudamericano e Internacional\",\"potentialAction\":[{\"@type\":\"SearchAction\",\"target\":\"https:\/\/curva1kart.com.ar\/noticias\/?s={search_term_string}\",\"query-input\":\"required name=search_term_string\"}],\"inLanguage\":\"en-US\"},{\"@type\":\"ImageObject\",\"@id\":\"https:\/\/curva1kart.com.ar\/noticias\/?p=125139#primaryimage\",\"inLanguage\":\"en-US\",\"url\":\"http:\/\/curva1kart.com.ar\/noticias\/wp-content\/uploads\/2026\/09\/ChatGPT-Image-3-sept-2026-01_51_07-a.m.png\",\"width\":1535,\"height\":1024},{\"@type\":\"WebPage\",\"@id\":\"https:\/\/curva1kart.com.ar\/noticias\/?p=125139#webpage\",\"url\":\"https:\/\/curva1kart.com.ar\/noticias\/?p=125139\",\"name\":\"Sunchales 2012: Pol\\u00e9mica definici\\u00f3n Junior Max en la Final Argentina de Rotax - Curva 1 KART\",\"isPartOf\":{\"@id\":\"https:\/\/curva1kart.com.ar\/noticias\/#website\"},\"primaryImageOfPage\":{\"@id\":\"https:\/\/curva1kart.com.ar\/noticias\/?p=125139#primaryimage\"},\"datePublished\":\"2026-09-03T05:06:52+00:00\",\"dateModified\":\"2026-09-03T05:06:52+00:00\",\"author\":{\"@id\":\"https:\/\/curva1kart.com.ar\/noticias\/#\/schema\/person\/710d14304c85d21660d185f262399043\"},\"inLanguage\":\"en-US\",\"potentialAction\":[{\"@type\":\"ReadAction\",\"target\":[\"https:\/\/curva1kart.com.ar\/noticias\/?p=125139\"]}]},{\"@type\":[\"Person\"],\"@id\":\"https:\/\/curva1kart.com.ar\/noticias\/#\/schema\/person\/710d14304c85d21660d185f262399043\",\"name\":\"Jos\\u00e9 Bravo\"}]}<\/script>\n<!-- \/ Yoast SEO Premium plugin. -->","_links":{"self":[{"href":"https:\/\/curva1kart.com.ar\/noticias\/index.php?rest_route=\/wp\/v2\/posts\/125139","targetHints":{"allow":["GET"]}}],"collection":[{"href":"https:\/\/curva1kart.com.ar\/noticias\/index.php?rest_route=\/wp\/v2\/posts"}],"about":[{"href":"https:\/\/curva1kart.com.ar\/noticias\/index.php?rest_route=\/wp\/v2\/types\/post"}],"author":[{"embeddable":true,"href":"https:\/\/curva1kart.com.ar\/noticias\/index.php?rest_route=\/wp\/v2\/users\/1"}],"replies":[{"embeddable":true,"href":"https:\/\/curva1kart.com.ar\/noticias\/index.php?rest_route=%2Fwp%2Fv2%2Fcomments&post=125139"}],"version-history":[{"count":1,"href":"https:\/\/curva1kart.com.ar\/noticias\/index.php?rest_route=\/wp\/v2\/posts\/125139\/revisions"}],"predecessor-version":[{"id":125142,"href":"https:\/\/curva1kart.com.ar\/noticias\/index.php?rest_route=\/wp\/v2\/posts\/125139\/revisions\/125142"}],"wp:featuredmedia":[{"embeddable":true,"href":"https:\/\/curva1kart.com.ar\/noticias\/index.php?rest_route=\/wp\/v2\/media\/125141"}],"wp:attachment":[{"href":"https:\/\/curva1kart.com.ar\/noticias\/index.php?rest_route=%2Fwp%2Fv2%2Fmedia&parent=125139"}],"wp:term":[{"taxonomy":"category","embeddable":true,"href":"https:\/\/curva1kart.com.ar\/noticias\/index.php?rest_route=%2Fwp%2Fv2%2Fcategories&post=125139"},{"taxonomy":"post_tag","embeddable":true,"href":"https:\/\/curva1kart.com.ar\/noticias\/index.php?rest_route=%2Fwp%2Fv2%2Ftags&post=125139"}],"curies":[{"name":"wp","href":"https:\/\/api.w.org\/{rel}","templated":true}]}}