{"id":125114,"date":"2026-09-02T17:11:13","date_gmt":"2026-09-02T20:11:13","guid":{"rendered":"https:\/\/curva1kart.com.ar\/noticias\/?p=125114"},"modified":"2026-09-02T17:39:15","modified_gmt":"2026-09-02T20:39:15","slug":"como-se-ve-hoy-el-recordado-kartodromo-de-buenos-aires","status":"publish","type":"post","link":"https:\/\/curva1kart.com.ar\/noticias\/?p=125114","title":{"rendered":"\u00bfC\u00f3mo se ve hoy el recordado Kart\u00f3dromo de Buenos Aires?"},"content":{"rendered":"<p><img loading=\"lazy\" decoding=\"async\" class=\"aligncenter size-full wp-image-125116\" src=\"http:\/\/curva1kart.com.ar\/noticias\/wp-content\/uploads\/2026\/09\/Autodromo-Buenos-Aires-Obras-Tribuna-Horquilla-1-ex-kartodromo-de-buenos-aires.jpg\" alt=\"\" width=\"2000\" height=\"1221\" srcset=\"http:\/\/curva1kart.com.ar\/noticias\/wp-content\/uploads\/2026\/09\/Autodromo-Buenos-Aires-Obras-Tribuna-Horquilla-1-ex-kartodromo-de-buenos-aires.jpg 2000w, http:\/\/curva1kart.com.ar\/noticias\/wp-content\/uploads\/2026\/09\/Autodromo-Buenos-Aires-Obras-Tribuna-Horquilla-1-ex-kartodromo-de-buenos-aires-1024x625.jpg 1024w, http:\/\/curva1kart.com.ar\/noticias\/wp-content\/uploads\/2026\/09\/Autodromo-Buenos-Aires-Obras-Tribuna-Horquilla-1-ex-kartodromo-de-buenos-aires-768x469.jpg 768w, http:\/\/curva1kart.com.ar\/noticias\/wp-content\/uploads\/2026\/09\/Autodromo-Buenos-Aires-Obras-Tribuna-Horquilla-1-ex-kartodromo-de-buenos-aires-1536x938.jpg 1536w\" sizes=\"auto, (max-width: 2000px) 100vw, 2000px\" \/><\/p>\n<p>As\u00ed luce hoy el recordado <strong>Kart\u00f3dromo de Buenos Aires<\/strong> donde solo le queda la &#8220;recta de la confiteria&#8221; y, por alla lejos, una parte de la &#8220;curva de la tranquera&#8221;.<\/p>\n<p>El hist\u00f3rico circuito de karts fue demolido hace unos meses para ampliar el Aut\u00f3dromo Oscar y Juan G\u00e1lvez (renombrado Fangio Circuit) y en lugar del kart\u00f3dromo ya est\u00e1 marcada la nueva horquilla, seg\u00fan se observa en la foto publicada por el sitio Campeones.<\/p>\n<p>La \u00faltima carrera oficial en el Kart\u00f3dromo de Buenos Aires fue el 19 de julio de 2026, por la 5\u00b0 fecha del campeonato IAME Series Argentina.<\/p>\n<div class=\"video-container\">\n<blockquote class=\"wp-embedded-content\" data-secret=\"GdDSiRwi7H\"><p><a href=\"https:\/\/curva1kart.com.ar\/noticias\/?p=124490\">IAME Series Argentina cerr\u00f3 el Kart\u00f3dromo de Buenos Aires: resultados y podios<\/a><\/p><\/blockquote>\n<p><iframe loading=\"lazy\" class=\"wp-embedded-content\" sandbox=\"allow-scripts\" security=\"restricted\" style=\"position: absolute; visibility: hidden;\" title=\"\u201cIAME Series Argentina cerr\u00f3 el Kart\u00f3dromo de Buenos Aires: resultados y podios\u201d \u2014 Curva 1 KART\" src=\"https:\/\/curva1kart.com.ar\/noticias\/?p=124490&amp;embed=true#?secret=pgPmIZIvTW#?secret=GdDSiRwi7H\" data-secret=\"GdDSiRwi7H\" width=\"600\" height=\"338\" frameborder=\"0\" marginwidth=\"0\" marginheight=\"0\" scrolling=\"no\"><\/iframe><\/div>\n<p>&nbsp;<\/p>\n","protected":false},"excerpt":{"rendered":"<p>As\u00ed luce hoy el recordado Kart\u00f3dromo de Buenos Aires donde solo le queda la &#8220;recta de la confiteria&#8221; y, por alla lejos, una parte de la &#8220;curva de la tranquera&#8221;. El hist\u00f3rico circuito de karts fue demolido hace unos meses para ampliar el Aut\u00f3dromo Oscar y Juan G\u00e1lvez (renombrado Fangio Circuit) y en lugar del&#46;&#46;&#46;<\/p>\n","protected":false},"author":1,"featured_media":125116,"comment_status":"closed","ping_status":"closed","sticky":false,"template":"","format":"standard","meta":{"footnotes":""},"categories":[9],"tags":[],"class_list":["post-125114","post","type-post","status-publish","format-standard","has-post-thumbnail","hentry","category-argentina"],"yoast_head":"<!-- This site is optimized with the Yoast SEO Premium plugin v14.7 - https:\/\/yoast.com\/wordpress\/plugins\/seo\/ -->\n<title>\u00bfC\u00f3mo se ve hoy el recordado Kart\u00f3dromo de Buenos Aires? - Curva 1 KART<\/title>\n<meta name=\"robots\" content=\"index, follow\" \/>\n<meta name=\"googlebot\" content=\"index, follow, max-snippet:-1, max-image-preview:large, max-video-preview:-1\" \/>\n<meta name=\"bingbot\" content=\"index, follow, max-snippet:-1, max-image-preview:large, max-video-preview:-1\" \/>\n<link rel=\"canonical\" href=\"https:\/\/curva1kart.com.ar\/noticias\/?p=125114\" \/>\n<meta property=\"og:locale\" content=\"en_US\" \/>\n<meta property=\"og:type\" content=\"article\" \/>\n<meta property=\"og:title\" content=\"\u00bfC\u00f3mo se ve hoy el recordado Kart\u00f3dromo de Buenos Aires? - Curva 1 KART\" \/>\n<meta property=\"og:description\" content=\"As\u00ed luce hoy el recordado Kart\u00f3dromo de Buenos Aires donde solo le queda la &#8220;recta de la confiteria&#8221; y, por alla lejos, una parte de la &#8220;curva de la tranquera&#8221;. El hist\u00f3rico circuito de karts fue demolido hace unos meses para ampliar el Aut\u00f3dromo Oscar y Juan G\u00e1lvez (renombrado Fangio Circuit) y en lugar del&#046;&#046;&#046;\" \/>\n<meta property=\"og:url\" content=\"https:\/\/curva1kart.com.ar\/noticias\/?p=125114\" \/>\n<meta property=\"og:site_name\" content=\"Curva 1 KART\" \/>\n<meta property=\"article:publisher\" content=\"https:\/\/www.facebook.com\/curva1kart\/\" \/>\n<meta property=\"article:published_time\" content=\"2026-09-02T20:11:13+00:00\" \/>\n<meta property=\"article:modified_time\" content=\"2026-09-02T20:39:15+00:00\" \/>\n<meta property=\"og:image\" content=\"http:\/\/curva1kart.com.ar\/noticias\/wp-content\/uploads\/2026\/09\/Autodromo-Buenos-Aires-Obras-Tribuna-Horquilla-1-ex-kartodromo-de-buenos-aires.jpg\" \/>\n\t<meta property=\"og:image:width\" content=\"2000\" \/>\n\t<meta property=\"og:image:height\" content=\"1221\" \/>\n<meta property=\"fb:app_id\" content=\"104995992409\" \/>\n<meta name=\"twitter:card\" content=\"summary_large_image\" \/>\n<meta name=\"twitter:creator\" content=\"@Curva1KART\" \/>\n<meta name=\"twitter:site\" content=\"@Curva1KART\" \/>\n<script type=\"application\/ld+json\" class=\"yoast-schema-graph\">{\"@context\":\"https:\/\/schema.org\",\"@graph\":[{\"@type\":\"WebSite\",\"@id\":\"https:\/\/curva1kart.com.ar\/noticias\/#website\",\"url\":\"https:\/\/curva1kart.com.ar\/noticias\/\",\"name\":\"Curva 1 KART\",\"description\":\"Karting Argentino, Sudamericano e Internacional\",\"potentialAction\":[{\"@type\":\"SearchAction\",\"target\":\"https:\/\/curva1kart.com.ar\/noticias\/?s={search_term_string}\",\"query-input\":\"required name=search_term_string\"}],\"inLanguage\":\"en-US\"},{\"@type\":\"ImageObject\",\"@id\":\"https:\/\/curva1kart.com.ar\/noticias\/?p=125114#primaryimage\",\"inLanguage\":\"en-US\",\"url\":\"http:\/\/curva1kart.com.ar\/noticias\/wp-content\/uploads\/2026\/09\/Autodromo-Buenos-Aires-Obras-Tribuna-Horquilla-1-ex-kartodromo-de-buenos-aires.jpg\",\"width\":2000,\"height\":1221},{\"@type\":\"WebPage\",\"@id\":\"https:\/\/curva1kart.com.ar\/noticias\/?p=125114#webpage\",\"url\":\"https:\/\/curva1kart.com.ar\/noticias\/?p=125114\",\"name\":\"\\u00bfC\\u00f3mo se ve hoy el recordado Kart\\u00f3dromo de Buenos Aires? - Curva 1 KART\",\"isPartOf\":{\"@id\":\"https:\/\/curva1kart.com.ar\/noticias\/#website\"},\"primaryImageOfPage\":{\"@id\":\"https:\/\/curva1kart.com.ar\/noticias\/?p=125114#primaryimage\"},\"datePublished\":\"2026-09-02T20:11:13+00:00\",\"dateModified\":\"2026-09-02T20:39:15+00:00\",\"author\":{\"@id\":\"https:\/\/curva1kart.com.ar\/noticias\/#\/schema\/person\/710d14304c85d21660d185f262399043\"},\"inLanguage\":\"en-US\",\"potentialAction\":[{\"@type\":\"ReadAction\",\"target\":[\"https:\/\/curva1kart.com.ar\/noticias\/?p=125114\"]}]},{\"@type\":[\"Person\"],\"@id\":\"https:\/\/curva1kart.com.ar\/noticias\/#\/schema\/person\/710d14304c85d21660d185f262399043\",\"name\":\"Jos\\u00e9 Bravo\"}]}<\/script>\n<!-- \/ Yoast SEO Premium plugin. -->","_links":{"self":[{"href":"https:\/\/curva1kart.com.ar\/noticias\/index.php?rest_route=\/wp\/v2\/posts\/125114","targetHints":{"allow":["GET"]}}],"collection":[{"href":"https:\/\/curva1kart.com.ar\/noticias\/index.php?rest_route=\/wp\/v2\/posts"}],"about":[{"href":"https:\/\/curva1kart.com.ar\/noticias\/index.php?rest_route=\/wp\/v2\/types\/post"}],"author":[{"embeddable":true,"href":"https:\/\/curva1kart.com.ar\/noticias\/index.php?rest_route=\/wp\/v2\/users\/1"}],"replies":[{"embeddable":true,"href":"https:\/\/curva1kart.com.ar\/noticias\/index.php?rest_route=%2Fwp%2Fv2%2Fcomments&post=125114"}],"version-history":[{"count":1,"href":"https:\/\/curva1kart.com.ar\/noticias\/index.php?rest_route=\/wp\/v2\/posts\/125114\/revisions"}],"predecessor-version":[{"id":125118,"href":"https:\/\/curva1kart.com.ar\/noticias\/index.php?rest_route=\/wp\/v2\/posts\/125114\/revisions\/125118"}],"wp:featuredmedia":[{"embeddable":true,"href":"https:\/\/curva1kart.com.ar\/noticias\/index.php?rest_route=\/wp\/v2\/media\/125116"}],"wp:attachment":[{"href":"https:\/\/curva1kart.com.ar\/noticias\/index.php?rest_route=%2Fwp%2Fv2%2Fmedia&parent=125114"}],"wp:term":[{"taxonomy":"category","embeddable":true,"href":"https:\/\/curva1kart.com.ar\/noticias\/index.php?rest_route=%2Fwp%2Fv2%2Fcategories&post=125114"},{"taxonomy":"post_tag","embeddable":true,"href":"https:\/\/curva1kart.com.ar\/noticias\/index.php?rest_route=%2Fwp%2Fv2%2Ftags&post=125114"}],"curies":[{"name":"wp","href":"https:\/\/api.w.org\/{rel}","templated":true}]}}