{"id":125109,"date":"2026-09-02T17:32:45","date_gmt":"2026-09-02T20:32:45","guid":{"rendered":"https:\/\/curva1kart.com.ar\/noticias\/?p=125109"},"modified":"2026-09-02T17:34:03","modified_gmt":"2026-09-02T20:34:03","slug":"125109","status":"publish","type":"post","link":"https:\/\/curva1kart.com.ar\/noticias\/?p=125109","title":{"rendered":"IAME Series confirm\u00f3 su pr\u00f3ximo evento con premios: Road to Viterbo \/ IAME Pass 2027"},"content":{"rendered":"<p><img loading=\"lazy\" decoding=\"async\" class=\"aligncenter size-full wp-image-125112\" src=\"http:\/\/curva1kart.com.ar\/noticias\/wp-content\/uploads\/2026\/09\/C1K_4442.jpg\" alt=\"\" width=\"1080\" height=\"720\" srcset=\"http:\/\/curva1kart.com.ar\/noticias\/wp-content\/uploads\/2026\/09\/C1K_4442.jpg 1080w, http:\/\/curva1kart.com.ar\/noticias\/wp-content\/uploads\/2026\/09\/C1K_4442-1000x667.jpg 1000w, http:\/\/curva1kart.com.ar\/noticias\/wp-content\/uploads\/2026\/09\/C1K_4442-1024x683.jpg 1024w, http:\/\/curva1kart.com.ar\/noticias\/wp-content\/uploads\/2026\/09\/C1K_4442-768x512.jpg 768w\" sizes=\"auto, (max-width: 1080px) 100vw, 1080px\" \/><\/p>\n<p><strong>IAME Series Argentina<\/strong> reprogram\u00f3 su calendario y confirm\u00f3 su pr\u00f3ximo evento, donde cerrar\u00e1 la etapa regular y entregar\u00e1 los cupos para viajar a la IWF a disputarse a fin de octubre en Viterbo, Italia.<\/p>\n<p>La organizaci\u00f3n inform\u00f3 que la pr\u00f3xima carrera ser\u00e1:<\/p>\n<ul>\n<li>26 y 27 de Setiembre<\/li>\n<li>Kart\u00f3dromo de Z\u00e1rate<\/li>\n<li>Round 7 &#8211; \u00daltima fecha etapa regular<\/li>\n<\/ul>\n<h3>&#x2708;&#xfe0f; ENTREGA DE CUPOS A VITERBO Y PREMIOS IAME PASS<\/h3>\n<p>Durante el mismo evento, y en paralelo a los puntajes correspondientes al Campeonato 2026, se disputar\u00e1 el sistema de puntos especial <strong>ROAD TO VITERBO,<\/strong> que definir\u00e1 los cupos para la <strong>IAME WORLD FINAL<\/strong> o, en su defecto, los premios alternativos establecidos para esta competencia.<\/p>\n<p>Adem\u00e1s, se disputar\u00e1 en paralelo el <strong>IAME PASS 2027,<\/strong> destinado a pilotos que hayan participado en no m\u00e1s de dos fechas durante la temporada 2026, como tambi\u00e9n a aquellos pilotos que nunca hayan competido en IAME Series Argentina.<\/p>\n<hr \/>\n<p><img loading=\"lazy\" decoding=\"async\" class=\"aligncenter size-full wp-image-125110\" src=\"http:\/\/curva1kart.com.ar\/noticias\/wp-content\/uploads\/2026\/09\/WhatsApp-Image-2026-09-02-at-16.58.40.jpeg\" alt=\"\" width=\"1080\" height=\"1350\" srcset=\"http:\/\/curva1kart.com.ar\/noticias\/wp-content\/uploads\/2026\/09\/WhatsApp-Image-2026-09-02-at-16.58.40.jpeg 1080w, http:\/\/curva1kart.com.ar\/noticias\/wp-content\/uploads\/2026\/09\/WhatsApp-Image-2026-09-02-at-16.58.40-819x1024.jpeg 819w, http:\/\/curva1kart.com.ar\/noticias\/wp-content\/uploads\/2026\/09\/WhatsApp-Image-2026-09-02-at-16.58.40-768x960.jpeg 768w\" sizes=\"auto, (max-width: 1080px) 100vw, 1080px\" \/><\/p>\n<hr \/>\n<h3>\u00bfBUSCAS ALOJAMIENTO?<\/h3>\n<p>Curva 1 KART recomienda <strong>Plaza Suites Campana<\/strong>, a menos de 15 minutos del Kart\u00f3dromo de Z\u00e1rate y con propuestas gastr\u00f3nomicas a &#8220;un paso&#8221; del hotel, sin moverte en auto.<\/p>\n<p><img loading=\"lazy\" decoding=\"async\" class=\"aligncenter size-full wp-image-125111\" src=\"http:\/\/curva1kart.com.ar\/noticias\/wp-content\/uploads\/2026\/09\/ChatGPT-Image-15-ago-2026-01_41_16-p.m.png\" alt=\"\" width=\"1122\" height=\"1402\" srcset=\"http:\/\/curva1kart.com.ar\/noticias\/wp-content\/uploads\/2026\/09\/ChatGPT-Image-15-ago-2026-01_41_16-p.m.png 1122w, http:\/\/curva1kart.com.ar\/noticias\/wp-content\/uploads\/2026\/09\/ChatGPT-Image-15-ago-2026-01_41_16-p.m-819x1024.png 819w, http:\/\/curva1kart.com.ar\/noticias\/wp-content\/uploads\/2026\/09\/ChatGPT-Image-15-ago-2026-01_41_16-p.m-768x960.png 768w\" sizes=\"auto, (max-width: 1122px) 100vw, 1122px\" \/><\/p>\n","protected":false},"excerpt":{"rendered":"<p>IAME Series Argentina reprogram\u00f3 su calendario y confirm\u00f3 su pr\u00f3ximo evento, donde cerrar\u00e1 la etapa regular y entregar\u00e1 los cupos para viajar a la IWF a disputarse a fin de octubre en Viterbo, Italia. La organizaci\u00f3n inform\u00f3 que la pr\u00f3xima carrera ser\u00e1: 26 y 27 de Setiembre Kart\u00f3dromo de Z\u00e1rate Round 7 &#8211; \u00daltima fecha&#46;&#46;&#46;<\/p>\n","protected":false},"author":1,"featured_media":125112,"comment_status":"closed","ping_status":"closed","sticky":false,"template":"","format":"standard","meta":{"footnotes":""},"categories":[267],"tags":[],"class_list":["post-125109","post","type-post","status-publish","format-standard","has-post-thumbnail","hentry","category-iame-series-argentina"],"yoast_head":"<!-- This site is optimized with the Yoast SEO Premium plugin v14.7 - https:\/\/yoast.com\/wordpress\/plugins\/seo\/ -->\n<title>IAME Series confirm\u00f3 su pr\u00f3ximo evento con premios: Road to Viterbo \/ IAME Pass 2027 - Curva 1 KART<\/title>\n<meta name=\"robots\" content=\"index, follow\" \/>\n<meta name=\"googlebot\" content=\"index, follow, max-snippet:-1, max-image-preview:large, max-video-preview:-1\" \/>\n<meta name=\"bingbot\" content=\"index, follow, max-snippet:-1, max-image-preview:large, max-video-preview:-1\" \/>\n<link rel=\"canonical\" href=\"https:\/\/curva1kart.com.ar\/noticias\/?p=125109\" \/>\n<meta property=\"og:locale\" content=\"en_US\" \/>\n<meta property=\"og:type\" content=\"article\" \/>\n<meta property=\"og:title\" content=\"IAME Series confirm\u00f3 su pr\u00f3ximo evento con premios: Road to Viterbo \/ IAME Pass 2027 - Curva 1 KART\" \/>\n<meta property=\"og:description\" content=\"IAME Series Argentina reprogram\u00f3 su calendario y confirm\u00f3 su pr\u00f3ximo evento, donde cerrar\u00e1 la etapa regular y entregar\u00e1 los cupos para viajar a la IWF a disputarse a fin de octubre en Viterbo, Italia. La organizaci\u00f3n inform\u00f3 que la pr\u00f3xima carrera ser\u00e1: 26 y 27 de Setiembre Kart\u00f3dromo de Z\u00e1rate Round 7 &#8211; \u00daltima fecha&#046;&#046;&#046;\" \/>\n<meta property=\"og:url\" content=\"https:\/\/curva1kart.com.ar\/noticias\/?p=125109\" \/>\n<meta property=\"og:site_name\" content=\"Curva 1 KART\" \/>\n<meta property=\"article:publisher\" content=\"https:\/\/www.facebook.com\/curva1kart\/\" \/>\n<meta property=\"article:published_time\" content=\"2026-09-02T20:32:45+00:00\" \/>\n<meta property=\"article:modified_time\" content=\"2026-09-02T20:34:03+00:00\" \/>\n<meta property=\"og:image\" content=\"http:\/\/curva1kart.com.ar\/noticias\/wp-content\/uploads\/2026\/09\/C1K_4442.jpg\" \/>\n\t<meta property=\"og:image:width\" content=\"1080\" \/>\n\t<meta property=\"og:image:height\" content=\"720\" \/>\n<meta property=\"fb:app_id\" content=\"104995992409\" \/>\n<meta name=\"twitter:card\" content=\"summary_large_image\" \/>\n<meta name=\"twitter:creator\" content=\"@Curva1KART\" \/>\n<meta name=\"twitter:site\" content=\"@Curva1KART\" \/>\n<script type=\"application\/ld+json\" class=\"yoast-schema-graph\">{\"@context\":\"https:\/\/schema.org\",\"@graph\":[{\"@type\":\"WebSite\",\"@id\":\"https:\/\/curva1kart.com.ar\/noticias\/#website\",\"url\":\"https:\/\/curva1kart.com.ar\/noticias\/\",\"name\":\"Curva 1 KART\",\"description\":\"Karting Argentino, Sudamericano e Internacional\",\"potentialAction\":[{\"@type\":\"SearchAction\",\"target\":\"https:\/\/curva1kart.com.ar\/noticias\/?s={search_term_string}\",\"query-input\":\"required name=search_term_string\"}],\"inLanguage\":\"en-US\"},{\"@type\":\"ImageObject\",\"@id\":\"https:\/\/curva1kart.com.ar\/noticias\/?p=125109#primaryimage\",\"inLanguage\":\"en-US\",\"url\":\"http:\/\/curva1kart.com.ar\/noticias\/wp-content\/uploads\/2026\/09\/C1K_4442.jpg\",\"width\":1080,\"height\":720},{\"@type\":\"WebPage\",\"@id\":\"https:\/\/curva1kart.com.ar\/noticias\/?p=125109#webpage\",\"url\":\"https:\/\/curva1kart.com.ar\/noticias\/?p=125109\",\"name\":\"IAME Series confirm\\u00f3 su pr\\u00f3ximo evento con premios: Road to Viterbo \/ IAME Pass 2027 - Curva 1 KART\",\"isPartOf\":{\"@id\":\"https:\/\/curva1kart.com.ar\/noticias\/#website\"},\"primaryImageOfPage\":{\"@id\":\"https:\/\/curva1kart.com.ar\/noticias\/?p=125109#primaryimage\"},\"datePublished\":\"2026-09-02T20:32:45+00:00\",\"dateModified\":\"2026-09-02T20:34:03+00:00\",\"author\":{\"@id\":\"https:\/\/curva1kart.com.ar\/noticias\/#\/schema\/person\/710d14304c85d21660d185f262399043\"},\"inLanguage\":\"en-US\",\"potentialAction\":[{\"@type\":\"ReadAction\",\"target\":[\"https:\/\/curva1kart.com.ar\/noticias\/?p=125109\"]}]},{\"@type\":[\"Person\"],\"@id\":\"https:\/\/curva1kart.com.ar\/noticias\/#\/schema\/person\/710d14304c85d21660d185f262399043\",\"name\":\"Jos\\u00e9 Bravo\"}]}<\/script>\n<!-- \/ Yoast SEO Premium plugin. -->","_links":{"self":[{"href":"https:\/\/curva1kart.com.ar\/noticias\/index.php?rest_route=\/wp\/v2\/posts\/125109","targetHints":{"allow":["GET"]}}],"collection":[{"href":"https:\/\/curva1kart.com.ar\/noticias\/index.php?rest_route=\/wp\/v2\/posts"}],"about":[{"href":"https:\/\/curva1kart.com.ar\/noticias\/index.php?rest_route=\/wp\/v2\/types\/post"}],"author":[{"embeddable":true,"href":"https:\/\/curva1kart.com.ar\/noticias\/index.php?rest_route=\/wp\/v2\/users\/1"}],"replies":[{"embeddable":true,"href":"https:\/\/curva1kart.com.ar\/noticias\/index.php?rest_route=%2Fwp%2Fv2%2Fcomments&post=125109"}],"version-history":[{"count":2,"href":"https:\/\/curva1kart.com.ar\/noticias\/index.php?rest_route=\/wp\/v2\/posts\/125109\/revisions"}],"predecessor-version":[{"id":125115,"href":"https:\/\/curva1kart.com.ar\/noticias\/index.php?rest_route=\/wp\/v2\/posts\/125109\/revisions\/125115"}],"wp:featuredmedia":[{"embeddable":true,"href":"https:\/\/curva1kart.com.ar\/noticias\/index.php?rest_route=\/wp\/v2\/media\/125112"}],"wp:attachment":[{"href":"https:\/\/curva1kart.com.ar\/noticias\/index.php?rest_route=%2Fwp%2Fv2%2Fmedia&parent=125109"}],"wp:term":[{"taxonomy":"category","embeddable":true,"href":"https:\/\/curva1kart.com.ar\/noticias\/index.php?rest_route=%2Fwp%2Fv2%2Fcategories&post=125109"},{"taxonomy":"post_tag","embeddable":true,"href":"https:\/\/curva1kart.com.ar\/noticias\/index.php?rest_route=%2Fwp%2Fv2%2Ftags&post=125109"}],"curies":[{"name":"wp","href":"https:\/\/api.w.org\/{rel}","templated":true}]}}