{"id":125099,"date":"2026-08-31T20:46:16","date_gmt":"2026-08-31T23:46:16","guid":{"rendered":"https:\/\/curva1kart.com.ar\/noticias\/?p=125099"},"modified":"2026-09-01T13:47:23","modified_gmt":"2026-09-01T16:47:23","slug":"ultimo-momento-suspendida-la-final-de-iame-en-gualeguay","status":"publish","type":"post","link":"https:\/\/curva1kart.com.ar\/noticias\/?p=125099","title":{"rendered":"Qued\u00f3 suspendida la Final Argentina de IAME en Gualeguay"},"content":{"rendered":"<p><img loading=\"lazy\" decoding=\"async\" class=\"aligncenter size-full wp-image-125103\" src=\"http:\/\/curva1kart.com.ar\/noticias\/wp-content\/uploads\/2026\/08\/C1K_8655afa.jpg\" alt=\"\" width=\"1920\" height=\"1280\" srcset=\"http:\/\/curva1kart.com.ar\/noticias\/wp-content\/uploads\/2026\/08\/C1K_8655afa.jpg 1920w, http:\/\/curva1kart.com.ar\/noticias\/wp-content\/uploads\/2026\/08\/C1K_8655afa-1000x667.jpg 1000w, http:\/\/curva1kart.com.ar\/noticias\/wp-content\/uploads\/2026\/08\/C1K_8655afa-1024x683.jpg 1024w, http:\/\/curva1kart.com.ar\/noticias\/wp-content\/uploads\/2026\/08\/C1K_8655afa-768x512.jpg 768w, http:\/\/curva1kart.com.ar\/noticias\/wp-content\/uploads\/2026\/08\/C1K_8655afa-1536x1024.jpg 1536w\" sizes=\"auto, (max-width: 1920px) 100vw, 1920px\" \/><\/p>\n<p><strong>IAME Series Argentina<\/strong> anunci\u00f3 en la noche de este lunes la <strong>SUSPENSI\u00d3N de la Final Argentina de IAME<\/strong> que se iba a disputar este fin de semana en el <strong>Kart\u00f3dromo de Gualeguay.<\/strong><\/p>\n<h3>COMUNICADO OFICIAL<\/h3>\n<blockquote><p>Lamentablemente, encontr\u00e1ndonos ya en semana de carrera, fuimos notificados que el circuito no se encuentra habilitado para la realizaci\u00f3n de la competencia, debido a observaciones vinculadas a las medidas de seguridad requeridas, ya que no se han completado las obras solicitadas.<\/p>\n<p>Lamentamos los inconvenientes que una decisi\u00f3n de este tipo genera, especialmente por la cercan\u00eda con el evento y por toda la log\u00edstica que pilotos, equipos y familias y nosotros mismos teniamos ya organizada. Por eso consideramos importante transmitir con claridad que se trata de una situaci\u00f3n que nos fue comunicada recientemente y que excede la decisi\u00f3n de la organizaci\u00f3n.<\/p>\n<p>Ya nos encontramos trabajando y evaluando las distintas alternativas posibles para reprogramar la competencia, tanto en relaci\u00f3n con una nueva fecha como con la modalidad y el circuito en el que pueda realizarse.<\/p>\n<p>Apenas tengamos una definici\u00f3n concreta, ser\u00e1 comunicada oficialmente por los canales habituales.<\/p>\n<p>Lamentamos profundamente esta situaci\u00f3n y agradecemos la comprensi\u00f3n de todos.<\/p><\/blockquote>\n","protected":false},"excerpt":{"rendered":"<p>IAME Series Argentina anunci\u00f3 en la noche de este lunes la SUSPENSI\u00d3N de la Final Argentina de IAME que se iba a disputar este fin de semana en el Kart\u00f3dromo de Gualeguay. COMUNICADO OFICIAL Lamentablemente, encontr\u00e1ndonos ya en semana de carrera, fuimos notificados que el circuito no se encuentra habilitado para la realizaci\u00f3n de la&#46;&#46;&#46;<\/p>\n","protected":false},"author":1,"featured_media":125103,"comment_status":"closed","ping_status":"closed","sticky":false,"template":"","format":"standard","meta":{"footnotes":""},"categories":[267],"tags":[],"class_list":["post-125099","post","type-post","status-publish","format-standard","has-post-thumbnail","hentry","category-iame-series-argentina"],"yoast_head":"<!-- This site is optimized with the Yoast SEO Premium plugin v14.7 - https:\/\/yoast.com\/wordpress\/plugins\/seo\/ -->\n<title>Qued\u00f3 suspendida la Final Argentina de IAME en Gualeguay - Curva 1 KART<\/title>\n<meta name=\"robots\" content=\"index, follow\" \/>\n<meta name=\"googlebot\" content=\"index, follow, max-snippet:-1, max-image-preview:large, max-video-preview:-1\" \/>\n<meta name=\"bingbot\" content=\"index, follow, max-snippet:-1, max-image-preview:large, max-video-preview:-1\" \/>\n<link rel=\"canonical\" href=\"https:\/\/curva1kart.com.ar\/noticias\/?p=125099\" \/>\n<meta property=\"og:locale\" content=\"en_US\" \/>\n<meta property=\"og:type\" content=\"article\" \/>\n<meta property=\"og:title\" content=\"Qued\u00f3 suspendida la Final Argentina de IAME en Gualeguay - Curva 1 KART\" \/>\n<meta property=\"og:description\" content=\"IAME Series Argentina anunci\u00f3 en la noche de este lunes la SUSPENSI\u00d3N de la Final Argentina de IAME que se iba a disputar este fin de semana en el Kart\u00f3dromo de Gualeguay. COMUNICADO OFICIAL Lamentablemente, encontr\u00e1ndonos ya en semana de carrera, fuimos notificados que el circuito no se encuentra habilitado para la realizaci\u00f3n de la&#046;&#046;&#046;\" \/>\n<meta property=\"og:url\" content=\"https:\/\/curva1kart.com.ar\/noticias\/?p=125099\" \/>\n<meta property=\"og:site_name\" content=\"Curva 1 KART\" \/>\n<meta property=\"article:publisher\" content=\"https:\/\/www.facebook.com\/curva1kart\/\" \/>\n<meta property=\"article:published_time\" content=\"2026-08-31T23:46:16+00:00\" \/>\n<meta property=\"article:modified_time\" content=\"2026-09-01T16:47:23+00:00\" \/>\n<meta property=\"og:image\" content=\"http:\/\/curva1kart.com.ar\/noticias\/wp-content\/uploads\/2026\/08\/C1K_8655afa.jpg\" \/>\n\t<meta property=\"og:image:width\" content=\"1920\" \/>\n\t<meta property=\"og:image:height\" content=\"1280\" \/>\n<meta property=\"fb:app_id\" content=\"104995992409\" \/>\n<meta name=\"twitter:card\" content=\"summary_large_image\" \/>\n<meta name=\"twitter:creator\" content=\"@Curva1KART\" \/>\n<meta name=\"twitter:site\" content=\"@Curva1KART\" \/>\n<script type=\"application\/ld+json\" class=\"yoast-schema-graph\">{\"@context\":\"https:\/\/schema.org\",\"@graph\":[{\"@type\":\"WebSite\",\"@id\":\"https:\/\/curva1kart.com.ar\/noticias\/#website\",\"url\":\"https:\/\/curva1kart.com.ar\/noticias\/\",\"name\":\"Curva 1 KART\",\"description\":\"Karting Argentino, Sudamericano e Internacional\",\"potentialAction\":[{\"@type\":\"SearchAction\",\"target\":\"https:\/\/curva1kart.com.ar\/noticias\/?s={search_term_string}\",\"query-input\":\"required name=search_term_string\"}],\"inLanguage\":\"en-US\"},{\"@type\":\"ImageObject\",\"@id\":\"https:\/\/curva1kart.com.ar\/noticias\/?p=125099#primaryimage\",\"inLanguage\":\"en-US\",\"url\":\"http:\/\/curva1kart.com.ar\/noticias\/wp-content\/uploads\/2026\/08\/C1K_8655afa.jpg\",\"width\":1920,\"height\":1280},{\"@type\":\"WebPage\",\"@id\":\"https:\/\/curva1kart.com.ar\/noticias\/?p=125099#webpage\",\"url\":\"https:\/\/curva1kart.com.ar\/noticias\/?p=125099\",\"name\":\"Qued\\u00f3 suspendida la Final Argentina de IAME en Gualeguay - Curva 1 KART\",\"isPartOf\":{\"@id\":\"https:\/\/curva1kart.com.ar\/noticias\/#website\"},\"primaryImageOfPage\":{\"@id\":\"https:\/\/curva1kart.com.ar\/noticias\/?p=125099#primaryimage\"},\"datePublished\":\"2026-08-31T23:46:16+00:00\",\"dateModified\":\"2026-09-01T16:47:23+00:00\",\"author\":{\"@id\":\"https:\/\/curva1kart.com.ar\/noticias\/#\/schema\/person\/710d14304c85d21660d185f262399043\"},\"inLanguage\":\"en-US\",\"potentialAction\":[{\"@type\":\"ReadAction\",\"target\":[\"https:\/\/curva1kart.com.ar\/noticias\/?p=125099\"]}]},{\"@type\":[\"Person\"],\"@id\":\"https:\/\/curva1kart.com.ar\/noticias\/#\/schema\/person\/710d14304c85d21660d185f262399043\",\"name\":\"Jos\\u00e9 Bravo\"}]}<\/script>\n<!-- \/ Yoast SEO Premium plugin. -->","_links":{"self":[{"href":"https:\/\/curva1kart.com.ar\/noticias\/index.php?rest_route=\/wp\/v2\/posts\/125099","targetHints":{"allow":["GET"]}}],"collection":[{"href":"https:\/\/curva1kart.com.ar\/noticias\/index.php?rest_route=\/wp\/v2\/posts"}],"about":[{"href":"https:\/\/curva1kart.com.ar\/noticias\/index.php?rest_route=\/wp\/v2\/types\/post"}],"author":[{"embeddable":true,"href":"https:\/\/curva1kart.com.ar\/noticias\/index.php?rest_route=\/wp\/v2\/users\/1"}],"replies":[{"embeddable":true,"href":"https:\/\/curva1kart.com.ar\/noticias\/index.php?rest_route=%2Fwp%2Fv2%2Fcomments&post=125099"}],"version-history":[{"count":4,"href":"https:\/\/curva1kart.com.ar\/noticias\/index.php?rest_route=\/wp\/v2\/posts\/125099\/revisions"}],"predecessor-version":[{"id":125107,"href":"https:\/\/curva1kart.com.ar\/noticias\/index.php?rest_route=\/wp\/v2\/posts\/125099\/revisions\/125107"}],"wp:featuredmedia":[{"embeddable":true,"href":"https:\/\/curva1kart.com.ar\/noticias\/index.php?rest_route=\/wp\/v2\/media\/125103"}],"wp:attachment":[{"href":"https:\/\/curva1kart.com.ar\/noticias\/index.php?rest_route=%2Fwp%2Fv2%2Fmedia&parent=125099"}],"wp:term":[{"taxonomy":"category","embeddable":true,"href":"https:\/\/curva1kart.com.ar\/noticias\/index.php?rest_route=%2Fwp%2Fv2%2Fcategories&post=125099"},{"taxonomy":"post_tag","embeddable":true,"href":"https:\/\/curva1kart.com.ar\/noticias\/index.php?rest_route=%2Fwp%2Fv2%2Ftags&post=125099"}],"curies":[{"name":"wp","href":"https:\/\/api.w.org\/{rel}","templated":true}]}}