{"id":125062,"date":"2026-08-26T17:53:06","date_gmt":"2026-08-26T20:53:06","guid":{"rendered":"https:\/\/curva1kart.com.ar\/noticias\/?p=125062"},"modified":"2026-08-26T17:54:19","modified_gmt":"2026-08-26T20:54:19","slug":"horarios-para-la-fecha-conjunta-de-rotax-buenos-aires-y-grand-nationals","status":"publish","type":"post","link":"https:\/\/curva1kart.com.ar\/noticias\/?p=125062","title":{"rendered":"Horarios para la fecha conjunta de Rotax Buenos Aires y Grand Nationals en Z\u00e1rate"},"content":{"rendered":"<p><img loading=\"lazy\" decoding=\"async\" class=\"aligncenter size-full wp-image-125066\" src=\"http:\/\/curva1kart.com.ar\/noticias\/wp-content\/uploads\/2026\/08\/C1K_1015.jpg\" alt=\"\" width=\"1000\" height=\"667\" srcset=\"http:\/\/curva1kart.com.ar\/noticias\/wp-content\/uploads\/2026\/08\/C1K_1015.jpg 1000w, http:\/\/curva1kart.com.ar\/noticias\/wp-content\/uploads\/2026\/08\/C1K_1015-768x512.jpg 768w\" sizes=\"auto, (max-width: 1000px) 100vw, 1000px\" \/><\/p>\n<p><strong>RMC Buenos Aires y RMC Grand Nationals<\/strong> volver\u00e1n a compartir pista este fin de semana en el <strong>Kart\u00f3dromo de Z\u00e1rate<\/strong>, en una fecha clave por el cierre del h\u00e1ndicap y la definici\u00f3n del primer ticket para Portugal.<\/p>\n<p><strong>Z\u00e1rate<\/strong> se prepara para recibir este fin de semana a cerca de <strong>190 pilotos<\/strong> en una nueva fecha conjunta de <strong>RMC Buenos Aires<\/strong> y <strong>RMC Grand Nationals<\/strong>, los dos campeonatos Rotax que vuelven a encontrarse despu\u00e9s de haber compartido la quinta fecha del Trofeo de Verano.<\/p>\n<p>En esta oportunidad, ambos cert\u00e1menes disputar\u00e1n la <strong>3\u00b0 fecha del Trofeo de Invierno<\/strong>, en un fin de semana que tendr\u00e1 un condimento fundamental: ser\u00e1 el <strong>cierre del h\u00e1ndicap<\/strong> de cara a la Final Argentina, competencia que posteriormente definir\u00e1 los esperados <strong>tickets para la Rotax Grand Final de Portugal<\/strong>.<\/p>\n<p>Otra de las grandes atracciones ser\u00e1 la segunda presentaci\u00f3n de los <strong>karts el\u00e9ctricos Rotax<\/strong>. La categor\u00eda <strong>E10 Mini<\/strong> llegar\u00e1 con <strong>cupo completo de 15 pilotos<\/strong> para disputar la fecha que adem\u00e1s marcar\u00e1 el cierre de su mini torneo.<\/p>\n<p>Luego de la primera competencia realizada en Baradero, la definici\u00f3n llegar\u00e1 este fin de semana en Z\u00e1rate. El piloto que consiga sumar la mayor cantidad de puntos entre ambas presentaciones se quedar\u00e1 con el <strong>primer ticket en juego para la cita mundialista de Portimao.<\/strong><\/p>\n<p>Con cerca de 190 participantes, dos campeonatos compartiendo escenario y definiciones importantes en juego, Z\u00e1rate se prepara para vivir uno de los fines de semana m\u00e1s convocantes de la temporada Rotax en Argentina.<\/p>\n<hr \/>\n<p><img loading=\"lazy\" decoding=\"async\" class=\"aligncenter size-full\" src=\"https:\/\/curva1kart.com.ar\/noticias\/wp-content\/uploads\/2018\/03\/AxionTeam_Curva_700x160.png\" width=\"700\" height=\"160\" \/><\/p>\n<hr \/>\n<h3>CLIMA<\/h3>\n<p><img loading=\"lazy\" decoding=\"async\" class=\"aligncenter size-full wp-image-125065\" src=\"http:\/\/curva1kart.com.ar\/noticias\/wp-content\/uploads\/2026\/08\/Captura-de-pantalla-2026-08-26-174318.png\" alt=\"\" width=\"725\" height=\"327\" \/><\/p>\n<h3>HORARIOS VIERNES<\/h3>\n<p><img loading=\"lazy\" decoding=\"async\" class=\"aligncenter size-full wp-image-125064\" src=\"http:\/\/curva1kart.com.ar\/noticias\/wp-content\/uploads\/2026\/08\/3-Crono-Viernes-E3-T.-Inv-26-ZRT_page-0001.jpg\" alt=\"\" width=\"1275\" height=\"2100\" srcset=\"http:\/\/curva1kart.com.ar\/noticias\/wp-content\/uploads\/2026\/08\/3-Crono-Viernes-E3-T.-Inv-26-ZRT_page-0001.jpg 1275w, http:\/\/curva1kart.com.ar\/noticias\/wp-content\/uploads\/2026\/08\/3-Crono-Viernes-E3-T.-Inv-26-ZRT_page-0001-622x1024.jpg 622w, http:\/\/curva1kart.com.ar\/noticias\/wp-content\/uploads\/2026\/08\/3-Crono-Viernes-E3-T.-Inv-26-ZRT_page-0001-768x1265.jpg 768w, http:\/\/curva1kart.com.ar\/noticias\/wp-content\/uploads\/2026\/08\/3-Crono-Viernes-E3-T.-Inv-26-ZRT_page-0001-933x1536.jpg 933w, http:\/\/curva1kart.com.ar\/noticias\/wp-content\/uploads\/2026\/08\/3-Crono-Viernes-E3-T.-Inv-26-ZRT_page-0001-1243x2048.jpg 1243w\" sizes=\"auto, (max-width: 1275px) 100vw, 1275px\" \/><\/p>\n<h3>CRONOGRAMA OFICIAL<\/h3>\n<ul>\n<li><a href=\"https:\/\/www.rotaxargentina.com\/_files\/ugd\/ca672c_3f167887e0c543e1a8b1770271382365.pdf\" target=\"_blank\" rel=\"noopener\">Descargar RPP<\/a><\/li>\n<\/ul>\n<p><img loading=\"lazy\" decoding=\"async\" class=\"aligncenter size-full wp-image-125063\" src=\"http:\/\/curva1kart.com.ar\/noticias\/wp-content\/uploads\/2026\/08\/4-Crono-SA-y-DO-E5-T.-Inv-2026-ZRT-E10_-Repech_page-0001-scaled.jpg\" alt=\"\" width=\"1810\" height=\"2560\" srcset=\"http:\/\/curva1kart.com.ar\/noticias\/wp-content\/uploads\/2026\/08\/4-Crono-SA-y-DO-E5-T.-Inv-2026-ZRT-E10_-Repech_page-0001-scaled.jpg 1810w, http:\/\/curva1kart.com.ar\/noticias\/wp-content\/uploads\/2026\/08\/4-Crono-SA-y-DO-E5-T.-Inv-2026-ZRT-E10_-Repech_page-0001-724x1024.jpg 724w, http:\/\/curva1kart.com.ar\/noticias\/wp-content\/uploads\/2026\/08\/4-Crono-SA-y-DO-E5-T.-Inv-2026-ZRT-E10_-Repech_page-0001-768x1086.jpg 768w, http:\/\/curva1kart.com.ar\/noticias\/wp-content\/uploads\/2026\/08\/4-Crono-SA-y-DO-E5-T.-Inv-2026-ZRT-E10_-Repech_page-0001-1086x1536.jpg 1086w, http:\/\/curva1kart.com.ar\/noticias\/wp-content\/uploads\/2026\/08\/4-Crono-SA-y-DO-E5-T.-Inv-2026-ZRT-E10_-Repech_page-0001-1448x2048.jpg 1448w\" sizes=\"auto, (max-width: 1810px) 100vw, 1810px\" \/><\/p>\n","protected":false},"excerpt":{"rendered":"<p>RMC Buenos Aires y RMC Grand Nationals volver\u00e1n a compartir pista este fin de semana en el Kart\u00f3dromo de Z\u00e1rate, en una fecha clave por el cierre del h\u00e1ndicap y la definici\u00f3n del primer ticket para Portugal. Z\u00e1rate se prepara para recibir este fin de semana a cerca de 190 pilotos en una nueva fecha&#46;&#46;&#46;<\/p>\n","protected":false},"author":1,"featured_media":125066,"comment_status":"closed","ping_status":"closed","sticky":false,"template":"","format":"standard","meta":{"footnotes":""},"categories":[39],"tags":[],"class_list":["post-125062","post","type-post","status-publish","format-standard","has-post-thumbnail","hentry","category-rotax-buenos-aires"],"yoast_head":"<!-- This site is optimized with the Yoast SEO Premium plugin v14.7 - https:\/\/yoast.com\/wordpress\/plugins\/seo\/ -->\n<title>Horarios para la fecha conjunta de Rotax Buenos Aires y Grand Nationals en Z\u00e1rate - Curva 1 KART<\/title>\n<meta name=\"robots\" content=\"index, follow\" \/>\n<meta name=\"googlebot\" content=\"index, follow, max-snippet:-1, max-image-preview:large, max-video-preview:-1\" \/>\n<meta name=\"bingbot\" content=\"index, follow, max-snippet:-1, max-image-preview:large, max-video-preview:-1\" \/>\n<link rel=\"canonical\" href=\"https:\/\/curva1kart.com.ar\/noticias\/?p=125062\" \/>\n<meta property=\"og:locale\" content=\"en_US\" \/>\n<meta property=\"og:type\" content=\"article\" \/>\n<meta property=\"og:title\" content=\"Horarios para la fecha conjunta de Rotax Buenos Aires y Grand Nationals en Z\u00e1rate - Curva 1 KART\" \/>\n<meta property=\"og:description\" content=\"RMC Buenos Aires y RMC Grand Nationals volver\u00e1n a compartir pista este fin de semana en el Kart\u00f3dromo de Z\u00e1rate, en una fecha clave por el cierre del h\u00e1ndicap y la definici\u00f3n del primer ticket para Portugal. Z\u00e1rate se prepara para recibir este fin de semana a cerca de 190 pilotos en una nueva fecha&#046;&#046;&#046;\" \/>\n<meta property=\"og:url\" content=\"https:\/\/curva1kart.com.ar\/noticias\/?p=125062\" \/>\n<meta property=\"og:site_name\" content=\"Curva 1 KART\" \/>\n<meta property=\"article:publisher\" content=\"https:\/\/www.facebook.com\/curva1kart\/\" \/>\n<meta property=\"article:published_time\" content=\"2026-08-26T20:53:06+00:00\" \/>\n<meta property=\"article:modified_time\" content=\"2026-08-26T20:54:19+00:00\" \/>\n<meta property=\"og:image\" content=\"http:\/\/curva1kart.com.ar\/noticias\/wp-content\/uploads\/2026\/08\/C1K_1015.jpg\" \/>\n\t<meta property=\"og:image:width\" content=\"1000\" \/>\n\t<meta property=\"og:image:height\" content=\"667\" \/>\n<meta property=\"fb:app_id\" content=\"104995992409\" \/>\n<meta name=\"twitter:card\" content=\"summary_large_image\" \/>\n<meta name=\"twitter:creator\" content=\"@Curva1KART\" \/>\n<meta name=\"twitter:site\" content=\"@Curva1KART\" \/>\n<script type=\"application\/ld+json\" class=\"yoast-schema-graph\">{\"@context\":\"https:\/\/schema.org\",\"@graph\":[{\"@type\":\"WebSite\",\"@id\":\"https:\/\/curva1kart.com.ar\/noticias\/#website\",\"url\":\"https:\/\/curva1kart.com.ar\/noticias\/\",\"name\":\"Curva 1 KART\",\"description\":\"Karting Argentino, Sudamericano e Internacional\",\"potentialAction\":[{\"@type\":\"SearchAction\",\"target\":\"https:\/\/curva1kart.com.ar\/noticias\/?s={search_term_string}\",\"query-input\":\"required name=search_term_string\"}],\"inLanguage\":\"en-US\"},{\"@type\":\"ImageObject\",\"@id\":\"https:\/\/curva1kart.com.ar\/noticias\/?p=125062#primaryimage\",\"inLanguage\":\"en-US\",\"url\":\"http:\/\/curva1kart.com.ar\/noticias\/wp-content\/uploads\/2026\/08\/C1K_1015.jpg\",\"width\":1000,\"height\":667},{\"@type\":\"WebPage\",\"@id\":\"https:\/\/curva1kart.com.ar\/noticias\/?p=125062#webpage\",\"url\":\"https:\/\/curva1kart.com.ar\/noticias\/?p=125062\",\"name\":\"Horarios para la fecha conjunta de Rotax Buenos Aires y Grand Nationals en Z\\u00e1rate - Curva 1 KART\",\"isPartOf\":{\"@id\":\"https:\/\/curva1kart.com.ar\/noticias\/#website\"},\"primaryImageOfPage\":{\"@id\":\"https:\/\/curva1kart.com.ar\/noticias\/?p=125062#primaryimage\"},\"datePublished\":\"2026-08-26T20:53:06+00:00\",\"dateModified\":\"2026-08-26T20:54:19+00:00\",\"author\":{\"@id\":\"https:\/\/curva1kart.com.ar\/noticias\/#\/schema\/person\/710d14304c85d21660d185f262399043\"},\"inLanguage\":\"en-US\",\"potentialAction\":[{\"@type\":\"ReadAction\",\"target\":[\"https:\/\/curva1kart.com.ar\/noticias\/?p=125062\"]}]},{\"@type\":[\"Person\"],\"@id\":\"https:\/\/curva1kart.com.ar\/noticias\/#\/schema\/person\/710d14304c85d21660d185f262399043\",\"name\":\"Jos\\u00e9 Bravo\"}]}<\/script>\n<!-- \/ Yoast SEO Premium plugin. -->","_links":{"self":[{"href":"https:\/\/curva1kart.com.ar\/noticias\/index.php?rest_route=\/wp\/v2\/posts\/125062","targetHints":{"allow":["GET"]}}],"collection":[{"href":"https:\/\/curva1kart.com.ar\/noticias\/index.php?rest_route=\/wp\/v2\/posts"}],"about":[{"href":"https:\/\/curva1kart.com.ar\/noticias\/index.php?rest_route=\/wp\/v2\/types\/post"}],"author":[{"embeddable":true,"href":"https:\/\/curva1kart.com.ar\/noticias\/index.php?rest_route=\/wp\/v2\/users\/1"}],"replies":[{"embeddable":true,"href":"https:\/\/curva1kart.com.ar\/noticias\/index.php?rest_route=%2Fwp%2Fv2%2Fcomments&post=125062"}],"version-history":[{"count":2,"href":"https:\/\/curva1kart.com.ar\/noticias\/index.php?rest_route=\/wp\/v2\/posts\/125062\/revisions"}],"predecessor-version":[{"id":125069,"href":"https:\/\/curva1kart.com.ar\/noticias\/index.php?rest_route=\/wp\/v2\/posts\/125062\/revisions\/125069"}],"wp:featuredmedia":[{"embeddable":true,"href":"https:\/\/curva1kart.com.ar\/noticias\/index.php?rest_route=\/wp\/v2\/media\/125066"}],"wp:attachment":[{"href":"https:\/\/curva1kart.com.ar\/noticias\/index.php?rest_route=%2Fwp%2Fv2%2Fmedia&parent=125062"}],"wp:term":[{"taxonomy":"category","embeddable":true,"href":"https:\/\/curva1kart.com.ar\/noticias\/index.php?rest_route=%2Fwp%2Fv2%2Fcategories&post=125062"},{"taxonomy":"post_tag","embeddable":true,"href":"https:\/\/curva1kart.com.ar\/noticias\/index.php?rest_route=%2Fwp%2Fv2%2Ftags&post=125062"}],"curies":[{"name":"wp","href":"https:\/\/api.w.org\/{rel}","templated":true}]}}