{"id":125025,"date":"2026-08-25T21:51:31","date_gmt":"2026-08-26T00:51:31","guid":{"rendered":"https:\/\/curva1kart.com.ar\/noticias\/?p=125025"},"modified":"2026-08-25T21:51:31","modified_gmt":"2026-08-26T00:51:31","slug":"los-karts-electricos-de-rotax-con-cupo-lleno-para-su-segunda-fecha","status":"publish","type":"post","link":"https:\/\/curva1kart.com.ar\/noticias\/?p=125025","title":{"rendered":"Los &#8220;karts el\u00e9ctricos&#8221; de Rotax con CUPO LLENO para su segunda fecha"},"content":{"rendered":"<p><img loading=\"lazy\" decoding=\"async\" class=\"aligncenter size-full wp-image-125026\" src=\"http:\/\/curva1kart.com.ar\/noticias\/wp-content\/uploads\/2026\/08\/lote_C1K_1801.jpg\" alt=\"\" width=\"1000\" height=\"666\" srcset=\"http:\/\/curva1kart.com.ar\/noticias\/wp-content\/uploads\/2026\/08\/lote_C1K_1801.jpg 1000w, http:\/\/curva1kart.com.ar\/noticias\/wp-content\/uploads\/2026\/08\/lote_C1K_1801-768x511.jpg 768w\" sizes=\"auto, (max-width: 1000px) 100vw, 1000px\" \/><\/p>\n<p>Tras el exitoso estreno en Baradero, la categor\u00eda <strong>E10 Mini<\/strong> de la <strong>Rotax Argentina<\/strong> desembarcar\u00e1 este fin de semana en el <strong>Kart\u00f3dromo Internacional de Z\u00e1rate<\/strong> para disputar su segunda fecha del calendario con<strong> &#8220;cupo lleno&#8221;. <\/strong><\/p>\n<blockquote><p>La competencia genera una alta expectativa en el ambiente del karting, ya que al caer la bandera a cuadros de la final dominical se conocer\u00e1 al primer piloto clasificado por Rotax Argentina para disputar la Grand Finals en Portugal.<\/p><\/blockquote>\n<p>El evento contar\u00e1 con una <strong>grilla completa de 15 pilotos<\/strong>, entre los que resalta la presencia internacional del brasile\u00f1o <strong>Bernardo Kluppel Gubert<\/strong> (quien viene de competir en la cita inaugural) y el debut del chileno <strong>Vicente Garrido<\/strong>. Adem\u00e1s, se incorpor\u00e1 <strong>Felipe Gonz\u00e1lez<\/strong> y los misioneros <strong>Alejo Zaizer <\/strong>y<strong> Benjam\u00edn Gartner.<\/strong><\/p>\n<h3>\u00bfC\u00d3MO LLEGAN?<\/h3>\n<p>En lo que respecta al campeonato, el certamen llega liderado por el misionero <strong>Felipe Morgenstern<\/strong> \u2014ganador de la primera fecha\u2014 con 55 puntos, escoltado por el cordob\u00e9s Mauro Ram\u00edrez (38 pts), el arrecife\u00f1o Benjam\u00edn Cabarcos (34 pts), el pampeano Antonio Ram\u00edres (33 pts) y el bonaerense Le\u00f3n L\u00f3pez (31 pts).<\/p>\n<h3>PREPARATIVOS<\/h3>\n<p>De cara a esta presentaci\u00f3n clave en Z\u00e1rate,<strong> Eduardo Viglietti<\/strong>, responsable de la E10 Mini de Rotax, remarc\u00f3 la intensa labor de preparaci\u00f3n y el balance positivo del debut:<strong> &#8220;Tenemos los 15 kartings confirmados y estamos a full trabajando en el taller para acomodar todo. Estamos muy felices porque en el debut no hubo abandonos, no hubo roturas y la paridad fue notable. Todos los karts pudieron completar tanto la serie como la final sin ning\u00fan inconveniente mec\u00e1nico&#8221;.<\/strong><\/p>\n<p><img loading=\"lazy\" decoding=\"async\" class=\"aligncenter size-full wp-image-125027\" src=\"http:\/\/curva1kart.com.ar\/noticias\/wp-content\/uploads\/2026\/08\/lote_C1K_0723.jpg\" alt=\"\" width=\"1000\" height=\"666\" srcset=\"http:\/\/curva1kart.com.ar\/noticias\/wp-content\/uploads\/2026\/08\/lote_C1K_0723.jpg 1000w, http:\/\/curva1kart.com.ar\/noticias\/wp-content\/uploads\/2026\/08\/lote_C1K_0723-768x511.jpg 768w\" sizes=\"auto, (max-width: 1000px) 100vw, 1000px\" \/> <img loading=\"lazy\" decoding=\"async\" class=\"aligncenter size-full wp-image-125028\" src=\"http:\/\/curva1kart.com.ar\/noticias\/wp-content\/uploads\/2026\/08\/lote_C1K_0912.jpg\" alt=\"\" width=\"1000\" height=\"666\" srcset=\"http:\/\/curva1kart.com.ar\/noticias\/wp-content\/uploads\/2026\/08\/lote_C1K_0912.jpg 1000w, http:\/\/curva1kart.com.ar\/noticias\/wp-content\/uploads\/2026\/08\/lote_C1K_0912-768x511.jpg 768w\" sizes=\"auto, (max-width: 1000px) 100vw, 1000px\" \/> <img loading=\"lazy\" decoding=\"async\" class=\"aligncenter size-full wp-image-125029\" src=\"http:\/\/curva1kart.com.ar\/noticias\/wp-content\/uploads\/2026\/08\/lote_C1K_0991.jpg\" alt=\"\" width=\"1000\" height=\"666\" srcset=\"http:\/\/curva1kart.com.ar\/noticias\/wp-content\/uploads\/2026\/08\/lote_C1K_0991.jpg 1000w, http:\/\/curva1kart.com.ar\/noticias\/wp-content\/uploads\/2026\/08\/lote_C1K_0991-768x511.jpg 768w\" sizes=\"auto, (max-width: 1000px) 100vw, 1000px\" \/> <img loading=\"lazy\" decoding=\"async\" class=\"aligncenter size-full wp-image-125030\" src=\"http:\/\/curva1kart.com.ar\/noticias\/wp-content\/uploads\/2026\/08\/lote_C1K_1760.jpg\" alt=\"\" width=\"1000\" height=\"666\" srcset=\"http:\/\/curva1kart.com.ar\/noticias\/wp-content\/uploads\/2026\/08\/lote_C1K_1760.jpg 1000w, http:\/\/curva1kart.com.ar\/noticias\/wp-content\/uploads\/2026\/08\/lote_C1K_1760-768x511.jpg 768w\" sizes=\"auto, (max-width: 1000px) 100vw, 1000px\" \/> <img loading=\"lazy\" decoding=\"async\" class=\"aligncenter size-full wp-image-125031\" src=\"http:\/\/curva1kart.com.ar\/noticias\/wp-content\/uploads\/2026\/08\/lote_C1K_1827.jpg\" alt=\"\" width=\"1000\" height=\"666\" srcset=\"http:\/\/curva1kart.com.ar\/noticias\/wp-content\/uploads\/2026\/08\/lote_C1K_1827.jpg 1000w, http:\/\/curva1kart.com.ar\/noticias\/wp-content\/uploads\/2026\/08\/lote_C1K_1827-768x511.jpg 768w\" sizes=\"auto, (max-width: 1000px) 100vw, 1000px\" \/> <img loading=\"lazy\" decoding=\"async\" class=\"aligncenter size-full wp-image-125032\" src=\"http:\/\/curva1kart.com.ar\/noticias\/wp-content\/uploads\/2026\/08\/lote_IMG_0128.jpg\" alt=\"\" width=\"1000\" height=\"666\" srcset=\"http:\/\/curva1kart.com.ar\/noticias\/wp-content\/uploads\/2026\/08\/lote_IMG_0128.jpg 1000w, http:\/\/curva1kart.com.ar\/noticias\/wp-content\/uploads\/2026\/08\/lote_IMG_0128-768x511.jpg 768w\" sizes=\"auto, (max-width: 1000px) 100vw, 1000px\" \/><\/p>\n","protected":false},"excerpt":{"rendered":"<p>Tras el exitoso estreno en Baradero, la categor\u00eda E10 Mini de la Rotax Argentina desembarcar\u00e1 este fin de semana en el Kart\u00f3dromo Internacional de Z\u00e1rate para disputar su segunda fecha del calendario con &#8220;cupo lleno&#8221;. La competencia genera una alta expectativa en el ambiente del karting, ya que al caer la bandera a cuadros de&#46;&#46;&#46;<\/p>\n","protected":false},"author":1,"featured_media":125026,"comment_status":"closed","ping_status":"closed","sticky":false,"template":"","format":"standard","meta":{"footnotes":""},"categories":[39],"tags":[],"class_list":["post-125025","post","type-post","status-publish","format-standard","has-post-thumbnail","hentry","category-rotax-buenos-aires"],"yoast_head":"<!-- This site is optimized with the Yoast SEO Premium plugin v14.7 - https:\/\/yoast.com\/wordpress\/plugins\/seo\/ -->\n<title>Los &quot;karts el\u00e9ctricos&quot; de Rotax con CUPO LLENO para su segunda fecha - Curva 1 KART<\/title>\n<meta name=\"robots\" content=\"index, follow\" \/>\n<meta name=\"googlebot\" content=\"index, follow, max-snippet:-1, max-image-preview:large, max-video-preview:-1\" \/>\n<meta name=\"bingbot\" content=\"index, follow, max-snippet:-1, max-image-preview:large, max-video-preview:-1\" \/>\n<link rel=\"canonical\" href=\"https:\/\/curva1kart.com.ar\/noticias\/?p=125025\" \/>\n<meta property=\"og:locale\" content=\"en_US\" \/>\n<meta property=\"og:type\" content=\"article\" \/>\n<meta property=\"og:title\" content=\"Los &quot;karts el\u00e9ctricos&quot; de Rotax con CUPO LLENO para su segunda fecha - Curva 1 KART\" \/>\n<meta property=\"og:description\" content=\"Tras el exitoso estreno en Baradero, la categor\u00eda E10 Mini de la Rotax Argentina desembarcar\u00e1 este fin de semana en el Kart\u00f3dromo Internacional de Z\u00e1rate para disputar su segunda fecha del calendario con &#8220;cupo lleno&#8221;. La competencia genera una alta expectativa en el ambiente del karting, ya que al caer la bandera a cuadros de&#046;&#046;&#046;\" \/>\n<meta property=\"og:url\" content=\"https:\/\/curva1kart.com.ar\/noticias\/?p=125025\" \/>\n<meta property=\"og:site_name\" content=\"Curva 1 KART\" \/>\n<meta property=\"article:publisher\" content=\"https:\/\/www.facebook.com\/curva1kart\/\" \/>\n<meta property=\"article:published_time\" content=\"2026-08-26T00:51:31+00:00\" \/>\n<meta property=\"og:image\" content=\"http:\/\/curva1kart.com.ar\/noticias\/wp-content\/uploads\/2026\/08\/lote_C1K_1801.jpg\" \/>\n\t<meta property=\"og:image:width\" content=\"1000\" \/>\n\t<meta property=\"og:image:height\" content=\"666\" \/>\n<meta property=\"fb:app_id\" content=\"104995992409\" \/>\n<meta name=\"twitter:card\" content=\"summary_large_image\" \/>\n<meta name=\"twitter:creator\" content=\"@Curva1KART\" \/>\n<meta name=\"twitter:site\" content=\"@Curva1KART\" \/>\n<script type=\"application\/ld+json\" class=\"yoast-schema-graph\">{\"@context\":\"https:\/\/schema.org\",\"@graph\":[{\"@type\":\"WebSite\",\"@id\":\"https:\/\/curva1kart.com.ar\/noticias\/#website\",\"url\":\"https:\/\/curva1kart.com.ar\/noticias\/\",\"name\":\"Curva 1 KART\",\"description\":\"Karting Argentino, Sudamericano e Internacional\",\"potentialAction\":[{\"@type\":\"SearchAction\",\"target\":\"https:\/\/curva1kart.com.ar\/noticias\/?s={search_term_string}\",\"query-input\":\"required name=search_term_string\"}],\"inLanguage\":\"en-US\"},{\"@type\":\"ImageObject\",\"@id\":\"https:\/\/curva1kart.com.ar\/noticias\/?p=125025#primaryimage\",\"inLanguage\":\"en-US\",\"url\":\"http:\/\/curva1kart.com.ar\/noticias\/wp-content\/uploads\/2026\/08\/lote_C1K_1801.jpg\",\"width\":1000,\"height\":666},{\"@type\":\"WebPage\",\"@id\":\"https:\/\/curva1kart.com.ar\/noticias\/?p=125025#webpage\",\"url\":\"https:\/\/curva1kart.com.ar\/noticias\/?p=125025\",\"name\":\"Los \\\"karts el\\u00e9ctricos\\\" de Rotax con CUPO LLENO para su segunda fecha - Curva 1 KART\",\"isPartOf\":{\"@id\":\"https:\/\/curva1kart.com.ar\/noticias\/#website\"},\"primaryImageOfPage\":{\"@id\":\"https:\/\/curva1kart.com.ar\/noticias\/?p=125025#primaryimage\"},\"datePublished\":\"2026-08-26T00:51:31+00:00\",\"dateModified\":\"2026-08-26T00:51:31+00:00\",\"author\":{\"@id\":\"https:\/\/curva1kart.com.ar\/noticias\/#\/schema\/person\/710d14304c85d21660d185f262399043\"},\"inLanguage\":\"en-US\",\"potentialAction\":[{\"@type\":\"ReadAction\",\"target\":[\"https:\/\/curva1kart.com.ar\/noticias\/?p=125025\"]}]},{\"@type\":[\"Person\"],\"@id\":\"https:\/\/curva1kart.com.ar\/noticias\/#\/schema\/person\/710d14304c85d21660d185f262399043\",\"name\":\"Jos\\u00e9 Bravo\"}]}<\/script>\n<!-- \/ Yoast SEO Premium plugin. -->","_links":{"self":[{"href":"https:\/\/curva1kart.com.ar\/noticias\/index.php?rest_route=\/wp\/v2\/posts\/125025","targetHints":{"allow":["GET"]}}],"collection":[{"href":"https:\/\/curva1kart.com.ar\/noticias\/index.php?rest_route=\/wp\/v2\/posts"}],"about":[{"href":"https:\/\/curva1kart.com.ar\/noticias\/index.php?rest_route=\/wp\/v2\/types\/post"}],"author":[{"embeddable":true,"href":"https:\/\/curva1kart.com.ar\/noticias\/index.php?rest_route=\/wp\/v2\/users\/1"}],"replies":[{"embeddable":true,"href":"https:\/\/curva1kart.com.ar\/noticias\/index.php?rest_route=%2Fwp%2Fv2%2Fcomments&post=125025"}],"version-history":[{"count":1,"href":"https:\/\/curva1kart.com.ar\/noticias\/index.php?rest_route=\/wp\/v2\/posts\/125025\/revisions"}],"predecessor-version":[{"id":125033,"href":"https:\/\/curva1kart.com.ar\/noticias\/index.php?rest_route=\/wp\/v2\/posts\/125025\/revisions\/125033"}],"wp:featuredmedia":[{"embeddable":true,"href":"https:\/\/curva1kart.com.ar\/noticias\/index.php?rest_route=\/wp\/v2\/media\/125026"}],"wp:attachment":[{"href":"https:\/\/curva1kart.com.ar\/noticias\/index.php?rest_route=%2Fwp%2Fv2%2Fmedia&parent=125025"}],"wp:term":[{"taxonomy":"category","embeddable":true,"href":"https:\/\/curva1kart.com.ar\/noticias\/index.php?rest_route=%2Fwp%2Fv2%2Fcategories&post=125025"},{"taxonomy":"post_tag","embeddable":true,"href":"https:\/\/curva1kart.com.ar\/noticias\/index.php?rest_route=%2Fwp%2Fv2%2Ftags&post=125025"}],"curies":[{"name":"wp","href":"https:\/\/api.w.org\/{rel}","templated":true}]}}