{"id":125023,"date":"2026-08-23T17:13:57","date_gmt":"2026-08-23T20:13:57","guid":{"rendered":"https:\/\/curva1kart.com.ar\/noticias\/?p=125023"},"modified":"2026-08-26T22:45:03","modified_gmt":"2026-08-27T01:45:03","slug":"nuevos-ganadores-le-pusieron-emocion-al-argentino-de-trenque-lauquen","status":"publish","type":"post","link":"https:\/\/curva1kart.com.ar\/noticias\/?p=125023","title":{"rendered":"Nuevos ganadores le pusieron emoci\u00f3n al Argentino de Trenque Lauquen"},"content":{"rendered":"<p><img loading=\"lazy\" decoding=\"async\" class=\"aligncenter size-full wp-image-125037\" src=\"http:\/\/curva1kart.com.ar\/noticias\/wp-content\/uploads\/2026\/08\/C1K_8513.jpg\" alt=\"\" width=\"1500\" height=\"1000\" srcset=\"http:\/\/curva1kart.com.ar\/noticias\/wp-content\/uploads\/2026\/08\/C1K_8513.jpg 1500w, http:\/\/curva1kart.com.ar\/noticias\/wp-content\/uploads\/2026\/08\/C1K_8513-1000x667.jpg 1000w, http:\/\/curva1kart.com.ar\/noticias\/wp-content\/uploads\/2026\/08\/C1K_8513-1024x683.jpg 1024w, http:\/\/curva1kart.com.ar\/noticias\/wp-content\/uploads\/2026\/08\/C1K_8513-768x512.jpg 768w\" sizes=\"auto, (max-width: 1500px) 100vw, 1500px\" \/><\/p>\n<p class=\"isSelectedEnd\">El <strong>Campeonato Argentino de Karting<\/strong> complet\u00f3 su segundo cap\u00edtulo de la temporada 2026 con cuatro intensos d\u00edas de actividad en el Kart\u00f3dromo de Trenque Lauquen y con presencia de pilotos de Argentina y Paraguay.<\/p>\n<p class=\"isSelectedEnd\">El dato destacado fue contundente: <strong>ninguno de los ganadores de la primera fecha en R\u00edo Cuarto pudo repetir la victoria!<\/strong><\/p>\n<blockquote><p>Luego de las pr\u00e1cticas del jueves y viernes, el s\u00e1bado se disputaron las clasificaciones, dos mangas y los Super Heats, mientras que el domingo, acompa\u00f1ado por buenas condiciones clim\u00e1ticas, lleg\u00f3 el momento de las esperadas finales.<\/p><\/blockquote>\n<p class=\"isSelectedEnd\">En <strong>MINI<\/strong>, el triunfo qued\u00f3 en manos del misionero <strong>Diego Broemser Sanz<\/strong>, quien larg\u00f3 adelante pero r\u00e1pidamente perdi\u00f3 el liderazgo frente al comodorense <strong>Bastian Soetbeer<\/strong>, representante del DS Racing. Broemser Sanz logr\u00f3 recuperar la punta y, desde ese momento, comand\u00f3 la competencia hasta recibir la bandera a cuadros. Una victoria que adem\u00e1s le permite consolidar la importante ventaja que mantiene al frente del campeonato.<\/p>\n<p class=\"isSelectedEnd\">La final de <strong>CADETE<\/strong> tuvo como vencedor al bonaerense <strong>Juan Cruz Davancens<\/strong>, piloto de General Belgrano. La definici\u00f3n entreg\u00f3 emociones hasta los \u00faltimos metros, especialmente en la pelea por las posiciones de podio. Finalmente, <strong>Francisco Morgenstern<\/strong> termin\u00f3 segundo y <strong>Agust\u00edn Perchivatti<\/strong> complet\u00f3 el tercer escal\u00f3n.<\/p>\n<p class=\"isSelectedEnd\">En <strong>OKN JUNIOR<\/strong>, el cipole\u00f1o <strong>Santiago Jara<\/strong> construy\u00f3 una contundente victoria de punta a punta. El piloto de R\u00edo Negro no entreg\u00f3 el liderazgo y termin\u00f3 festejando por delante de <strong>Ramiro Carreira<\/strong> y <strong>Santino Mateo<\/strong>, quienes completaron el podio.<\/p>\n<p class=\"isSelectedEnd\">En la divisional m\u00e1s profesional <strong>OKN<\/strong>, la victoria fue para el piloto de Campana <strong>Bautista Panetta<\/strong>, quien se impuso con autoridad sobre <strong>Mart\u00edn Saa<\/strong> y <strong>Mart\u00edn C\u00f3rdoba<\/strong>, quien hab\u00eda partido desde la pole position.<\/p>\n<p class=\"isSelectedEnd\">La definici\u00f3n de <strong>PROAM<\/strong> tuvo novedades despu\u00e9s de la bandera a cuadros. <strong>Ricardo Mattar<\/strong>, ganador en pista y vencedor tambi\u00e9n en la fecha inicial, recibi\u00f3 una sanci\u00f3n por un toque con <strong>Maxi Pi\u00f1eiro<\/strong>, quien hab\u00eda largado primero. Con la modificaci\u00f3n del clasificador, la victoria qued\u00f3 para el neuquino <strong>Alejandro Lanigau<\/strong>, seguido por <strong>Agust\u00edn Catania<\/strong> y el riogalleguense <strong>Mart\u00edn Ojeda<\/strong>. En la subdivisi\u00f3n <strong>PROAM MASTER<\/strong>, otro neuquino lleg\u00f3 a lo m\u00e1s alto: <strong>Mauricio Herbsomner<\/strong>, representante del <strong>Cronos Racing Team<\/strong> y con motorizaci\u00f3n de <strong>Flavio Distante<\/strong>.<\/p>\n<p class=\"isSelectedEnd\">Por \u00faltimo, <strong>Facundo Arellano<\/strong> se qued\u00f3 con una gran victoria en <strong>SUDAM 125<\/strong>. El piloto de Bah\u00eda Blanca logr\u00f3 avanzar posiciones durante la final hasta festejar con su chasis Pantano.<\/p>\n<p>Ahora la mirada estar\u00e1 en la tercera y \u00faltima presentaci\u00f3n de la temporada. La gran definici\u00f3n est\u00e1 prevista para el fin de semana del <strong>6 de diciembre en Baradero<\/strong>, donde se conocer\u00e1n los nuevos campeones nacionales.<\/p>\n<hr \/>\n<h3 style=\"text-align: center;\"><a href=\"https:\/\/speedhive.mylaps.com\/events\/3669072\" target=\"_blank\" rel=\"noopener\">RESULTADOS<\/a><\/h3>\n<p style=\"text-align: center;\">Fecha 3<\/p>\n<hr \/>\n<h3 style=\"text-align: center;\">STREAMING DOMINGO<\/h3>\n<div class=\"video-container\"><iframe loading=\"lazy\" title=\"Campeonato Argentino de Karting 2026 - Fecha 2 - Trenque Laquen\" width=\"720\" height=\"405\" src=\"https:\/\/www.youtube.com\/embed\/C9M8lD9I6qA?feature=oembed\" frameborder=\"0\" allow=\"accelerometer; autoplay; clipboard-write; encrypted-media; gyroscope; picture-in-picture; web-share\" referrerpolicy=\"strict-origin-when-cross-origin\" allowfullscreen><\/iframe><\/div>\n<hr \/>\n<h3><img loading=\"lazy\" decoding=\"async\" class=\"aligncenter size-full wp-image-125057\" src=\"http:\/\/curva1kart.com.ar\/noticias\/wp-content\/uploads\/2026\/08\/mgnhorin.png\" alt=\"\" width=\"1672\" height=\"941\" srcset=\"http:\/\/curva1kart.com.ar\/noticias\/wp-content\/uploads\/2026\/08\/mgnhorin.png 1672w, http:\/\/curva1kart.com.ar\/noticias\/wp-content\/uploads\/2026\/08\/mgnhorin-1024x576.png 1024w, http:\/\/curva1kart.com.ar\/noticias\/wp-content\/uploads\/2026\/08\/mgnhorin-300x169.png 300w, http:\/\/curva1kart.com.ar\/noticias\/wp-content\/uploads\/2026\/08\/mgnhorin-768x432.png 768w, http:\/\/curva1kart.com.ar\/noticias\/wp-content\/uploads\/2026\/08\/mgnhorin-1536x864.png 1536w\" sizes=\"auto, (max-width: 1672px) 100vw, 1672px\" \/><\/h3>\n<hr \/>\n<h3>MINI<\/h3>\n<p>BROEMSER GAN\u00d3 Y SE ESCAPA EN EL CAMPEONATO<\/p>\n<table>\n<thead>\n<tr>\n<th align=\"right\">POS<\/th>\n<th align=\"right\">N\u00daMERO<\/th>\n<th>PILOTO<\/th>\n<th align=\"right\">VUELTAS<\/th>\n<th align=\"right\">DIF. RESP. 1.\u00ba<\/th>\n<\/tr>\n<\/thead>\n<tbody>\n<tr>\n<td align=\"right\">1<\/td>\n<td align=\"right\">313<\/td>\n<td>DIEGO BROEMSER SANZ<\/td>\n<td align=\"right\">12<\/td>\n<td align=\"right\">\u2014<\/td>\n<\/tr>\n<tr>\n<td align=\"right\">2<\/td>\n<td align=\"right\">326<\/td>\n<td>BASTIAN SOETBEER<\/td>\n<td align=\"right\">12<\/td>\n<td align=\"right\">00.133<\/td>\n<\/tr>\n<tr>\n<td align=\"right\">3<\/td>\n<td align=\"right\">323<\/td>\n<td>JUAN MANUEL GARC\u00cdA<\/td>\n<td align=\"right\">12<\/td>\n<td align=\"right\">03.572<\/td>\n<\/tr>\n<tr>\n<td align=\"right\">4<\/td>\n<td align=\"right\">377<\/td>\n<td>THEO ALEJO MAR\u00cdN<\/td>\n<td align=\"right\">12<\/td>\n<td align=\"right\">03.613<\/td>\n<\/tr>\n<tr>\n<td align=\"right\">5<\/td>\n<td align=\"right\">309<\/td>\n<td>MART\u00cdN APUD<\/td>\n<td align=\"right\">12<\/td>\n<td align=\"right\">03.833<\/td>\n<\/tr>\n<tr>\n<td align=\"right\">6<\/td>\n<td align=\"right\">324<\/td>\n<td>CASSIO LANIGAU<\/td>\n<td align=\"right\">12<\/td>\n<td align=\"right\">04.021<\/td>\n<\/tr>\n<tr>\n<td align=\"right\">7<\/td>\n<td align=\"right\">330<\/td>\n<td>JANO VESPRINI<\/td>\n<td align=\"right\">12<\/td>\n<td align=\"right\">10.760<\/td>\n<\/tr>\n<tr>\n<td align=\"right\">8<\/td>\n<td align=\"right\">328<\/td>\n<td>DANTE RICIUTTI<\/td>\n<td align=\"right\">12<\/td>\n<td align=\"right\">11.865<\/td>\n<\/tr>\n<tr>\n<td align=\"right\">9<\/td>\n<td align=\"right\">336<\/td>\n<td>LIONEL CARAM<\/td>\n<td align=\"right\">12<\/td>\n<td align=\"right\">17.360<\/td>\n<\/tr>\n<tr>\n<td align=\"right\">10<\/td>\n<td align=\"right\">334<\/td>\n<td>LORENZO NEMAN<\/td>\n<td align=\"right\">12<\/td>\n<td align=\"right\">41.446<\/td>\n<\/tr>\n<tr>\n<td align=\"right\">11<\/td>\n<td align=\"right\">340<\/td>\n<td>ULISES TORRES<\/td>\n<td align=\"right\">12<\/td>\n<td align=\"right\">47.314<\/td>\n<\/tr>\n<tr>\n<td align=\"right\">12<\/td>\n<td align=\"right\">321<\/td>\n<td>GENARO FERN\u00c1NDEZ SALVIONI<\/td>\n<td align=\"right\">11<\/td>\n<td align=\"right\">1 vuelta<\/td>\n<\/tr>\n<tr>\n<td align=\"right\">13<\/td>\n<td align=\"right\">306<\/td>\n<td>STEFANO VOLTA<\/td>\n<td align=\"right\">12<\/td>\n<td align=\"right\">13.677<\/td>\n<\/tr>\n<tr>\n<td align=\"right\">NC<\/td>\n<td align=\"right\">325<\/td>\n<td>BENJAM\u00cdN PONA ROTTOLI<\/td>\n<td align=\"right\">4<\/td>\n<td align=\"right\">No clasific\u00f3<\/td>\n<\/tr>\n<\/tbody>\n<\/table>\n<p><strong>Sanciones:<\/strong><\/p>\n<ul>\n<li>Karts N.\u00ba 330 y N.\u00ba 340: recargo de 5 segundos por cambio de trompa.<\/li>\n<li>Kart N.\u00ba 306: recargo de cuatro posiciones por maniobra peligrosa contra los karts N.\u00ba 336 y N.\u00ba 330.<\/li>\n<\/ul>\n<p><img loading=\"lazy\" decoding=\"async\" class=\"aligncenter size-full wp-image-125038\" src=\"http:\/\/curva1kart.com.ar\/noticias\/wp-content\/uploads\/2026\/08\/IMG_5053.jpg\" alt=\"\" width=\"1500\" height=\"1000\" srcset=\"http:\/\/curva1kart.com.ar\/noticias\/wp-content\/uploads\/2026\/08\/IMG_5053.jpg 1500w, http:\/\/curva1kart.com.ar\/noticias\/wp-content\/uploads\/2026\/08\/IMG_5053-1000x667.jpg 1000w, http:\/\/curva1kart.com.ar\/noticias\/wp-content\/uploads\/2026\/08\/IMG_5053-1024x683.jpg 1024w, http:\/\/curva1kart.com.ar\/noticias\/wp-content\/uploads\/2026\/08\/IMG_5053-768x512.jpg 768w\" sizes=\"auto, (max-width: 1500px) 100vw, 1500px\" \/> <img loading=\"lazy\" decoding=\"async\" class=\"aligncenter size-full wp-image-125039\" src=\"http:\/\/curva1kart.com.ar\/noticias\/wp-content\/uploads\/2026\/08\/C1K_9127.jpg\" alt=\"\" width=\"1500\" height=\"1000\" srcset=\"http:\/\/curva1kart.com.ar\/noticias\/wp-content\/uploads\/2026\/08\/C1K_9127.jpg 1500w, http:\/\/curva1kart.com.ar\/noticias\/wp-content\/uploads\/2026\/08\/C1K_9127-1000x667.jpg 1000w, http:\/\/curva1kart.com.ar\/noticias\/wp-content\/uploads\/2026\/08\/C1K_9127-1024x683.jpg 1024w, http:\/\/curva1kart.com.ar\/noticias\/wp-content\/uploads\/2026\/08\/C1K_9127-768x512.jpg 768w\" sizes=\"auto, (max-width: 1500px) 100vw, 1500px\" \/> <img loading=\"lazy\" decoding=\"async\" class=\"aligncenter size-full wp-image-125040\" src=\"http:\/\/curva1kart.com.ar\/noticias\/wp-content\/uploads\/2026\/08\/C1K_9273-scaled.jpg\" alt=\"\" width=\"2560\" height=\"1707\" srcset=\"http:\/\/curva1kart.com.ar\/noticias\/wp-content\/uploads\/2026\/08\/C1K_9273-scaled.jpg 2560w, http:\/\/curva1kart.com.ar\/noticias\/wp-content\/uploads\/2026\/08\/C1K_9273-1000x667.jpg 1000w, http:\/\/curva1kart.com.ar\/noticias\/wp-content\/uploads\/2026\/08\/C1K_9273-1024x683.jpg 1024w, http:\/\/curva1kart.com.ar\/noticias\/wp-content\/uploads\/2026\/08\/C1K_9273-768x512.jpg 768w, http:\/\/curva1kart.com.ar\/noticias\/wp-content\/uploads\/2026\/08\/C1K_9273-1536x1024.jpg 1536w, http:\/\/curva1kart.com.ar\/noticias\/wp-content\/uploads\/2026\/08\/C1K_9273-2048x1366.jpg 2048w\" sizes=\"auto, (max-width: 2560px) 100vw, 2560px\" \/><\/p>\n<p style=\"text-align: center;\"><iframe loading=\"lazy\" style=\"border: none; overflow: hidden;\" src=\"https:\/\/www.facebook.com\/plugins\/video.php?height=476&amp;href=https%3A%2F%2Fwww.facebook.com%2Freel%2F1703398474050768%2F&amp;show_text=false&amp;width=267&amp;t=0\" width=\"267\" height=\"476\" frameborder=\"0\" scrolling=\"no\" allowfullscreen=\"allowfullscreen\"><\/iframe><\/p>\n<h3>CADETE<\/h3>\n<p>TRABAJADO PRIMER TRIUNFO DEL A\u00d1O<\/p>\n<table>\n<thead>\n<tr>\n<th align=\"right\">POS<\/th>\n<th align=\"right\">N\u00daMERO<\/th>\n<th>PILOTO<\/th>\n<th align=\"right\">VUELTAS<\/th>\n<th align=\"right\">DIF. RESP. 1.\u00ba<\/th>\n<\/tr>\n<\/thead>\n<tbody>\n<tr>\n<td align=\"right\">1<\/td>\n<td align=\"right\">203<\/td>\n<td>JUAN CRUZ DAVANCENS<\/td>\n<td align=\"right\">12<\/td>\n<td align=\"right\">\u2014<\/td>\n<\/tr>\n<tr>\n<td align=\"right\">2<\/td>\n<td align=\"right\">206<\/td>\n<td>FRANCISCO MORGENSTERN<\/td>\n<td align=\"right\">12<\/td>\n<td align=\"right\">00.078<\/td>\n<\/tr>\n<tr>\n<td align=\"right\">3<\/td>\n<td align=\"right\">236<\/td>\n<td>AGUST\u00cdN PERCHIVATTI<\/td>\n<td align=\"right\">12<\/td>\n<td align=\"right\">00.394<\/td>\n<\/tr>\n<tr>\n<td align=\"right\">4<\/td>\n<td align=\"right\">204<\/td>\n<td>FELIPE BARONE<\/td>\n<td align=\"right\">12<\/td>\n<td align=\"right\">00.401<\/td>\n<\/tr>\n<tr>\n<td align=\"right\">5<\/td>\n<td align=\"right\">232<\/td>\n<td>ESTEBAN LEONEL GIM\u00c9NEZ VIGNOLLE<\/td>\n<td align=\"right\">12<\/td>\n<td align=\"right\">00.882<\/td>\n<\/tr>\n<tr>\n<td align=\"right\">6<\/td>\n<td align=\"right\">221<\/td>\n<td>JUAN PEREA<\/td>\n<td align=\"right\">12<\/td>\n<td align=\"right\">03.484<\/td>\n<\/tr>\n<tr>\n<td align=\"right\">7<\/td>\n<td align=\"right\">213<\/td>\n<td>BRUNO MANASSERO<\/td>\n<td align=\"right\">12<\/td>\n<td align=\"right\">05.174<\/td>\n<\/tr>\n<tr>\n<td align=\"right\">8<\/td>\n<td align=\"right\">209<\/td>\n<td>\u00cdTALO ARDESI<\/td>\n<td align=\"right\">12<\/td>\n<td align=\"right\">05.294<\/td>\n<\/tr>\n<tr>\n<td align=\"right\">9<\/td>\n<td align=\"right\">237<\/td>\n<td>HIP\u00d3LITO LUCERO PERABO<\/td>\n<td align=\"right\">12<\/td>\n<td align=\"right\">08.688<\/td>\n<\/tr>\n<tr>\n<td align=\"right\">10<\/td>\n<td align=\"right\">241<\/td>\n<td>BRUNO MIRANDA<\/td>\n<td align=\"right\">12<\/td>\n<td align=\"right\">10.237<\/td>\n<\/tr>\n<tr>\n<td align=\"right\">11<\/td>\n<td align=\"right\">214<\/td>\n<td>FELIPE MORGENSTERN<\/td>\n<td align=\"right\">12<\/td>\n<td align=\"right\">10.301<\/td>\n<\/tr>\n<tr>\n<td align=\"right\">12<\/td>\n<td align=\"right\">233<\/td>\n<td>ALFREDO LESTARD<\/td>\n<td align=\"right\">12<\/td>\n<td align=\"right\">18.745<\/td>\n<\/tr>\n<tr>\n<td align=\"right\">13<\/td>\n<td align=\"right\">238<\/td>\n<td>GREGORIO G\u00d3MEZ RAM\u00cdREZ<\/td>\n<td align=\"right\">12<\/td>\n<td align=\"right\">20.319<\/td>\n<\/tr>\n<tr>\n<td align=\"right\">14<\/td>\n<td align=\"right\">246<\/td>\n<td>CAMILO COZAC<\/td>\n<td align=\"right\">12<\/td>\n<td align=\"right\">23.165<\/td>\n<\/tr>\n<tr>\n<td align=\"right\">15<\/td>\n<td align=\"right\">234<\/td>\n<td>IV\u00c1N SOSA<\/td>\n<td align=\"right\">12<\/td>\n<td align=\"right\">23.546<\/td>\n<\/tr>\n<tr>\n<td align=\"right\">16<\/td>\n<td align=\"right\">230<\/td>\n<td>LUCA PEZZINI<\/td>\n<td align=\"right\">12<\/td>\n<td align=\"right\">23.886<\/td>\n<\/tr>\n<tr>\n<td align=\"right\">17<\/td>\n<td align=\"right\">240<\/td>\n<td>SOF\u00cdA GONZALO<\/td>\n<td align=\"right\">12<\/td>\n<td align=\"right\">41.164<\/td>\n<\/tr>\n<tr>\n<td align=\"right\">18<\/td>\n<td align=\"right\">239<\/td>\n<td>SIM\u00d3N ICAZURIAGA<\/td>\n<td align=\"right\">12<\/td>\n<td align=\"right\">55.732<\/td>\n<\/tr>\n<tr>\n<td align=\"right\">19<\/td>\n<td align=\"right\">235<\/td>\n<td>JUAN IGNACIO RUSCH<\/td>\n<td align=\"right\">11<\/td>\n<td align=\"right\">1 vuelta<\/td>\n<\/tr>\n<\/tbody>\n<\/table>\n<p><strong>Sanciones:<\/strong><\/p>\n<ul>\n<li>Karts N.\u00ba 235 y N.\u00ba 241: recargo de 5 segundos por trompa.<\/li>\n<li>Kart N.\u00ba 239: recargo de 5 segundos por maniobra peligrosa contra el kart N.\u00ba 238.<\/li>\n<li>Kart N.\u00ba 235: recargo de 5 segundos por maniobra peligrosa contra el kart N.\u00ba 239.<\/li>\n<\/ul>\n<p><img loading=\"lazy\" decoding=\"async\" class=\"aligncenter size-full wp-image-125041\" src=\"http:\/\/curva1kart.com.ar\/noticias\/wp-content\/uploads\/2026\/08\/C1K_8788.jpg\" alt=\"\" width=\"1500\" height=\"1000\" srcset=\"http:\/\/curva1kart.com.ar\/noticias\/wp-content\/uploads\/2026\/08\/C1K_8788.jpg 1500w, http:\/\/curva1kart.com.ar\/noticias\/wp-content\/uploads\/2026\/08\/C1K_8788-1000x667.jpg 1000w, http:\/\/curva1kart.com.ar\/noticias\/wp-content\/uploads\/2026\/08\/C1K_8788-1024x683.jpg 1024w, http:\/\/curva1kart.com.ar\/noticias\/wp-content\/uploads\/2026\/08\/C1K_8788-768x512.jpg 768w\" sizes=\"auto, (max-width: 1500px) 100vw, 1500px\" \/> <img loading=\"lazy\" decoding=\"async\" class=\"aligncenter size-full wp-image-125042\" src=\"http:\/\/curva1kart.com.ar\/noticias\/wp-content\/uploads\/2026\/08\/IMG_4954.jpg\" alt=\"\" width=\"1371\" height=\"914\" srcset=\"http:\/\/curva1kart.com.ar\/noticias\/wp-content\/uploads\/2026\/08\/IMG_4954.jpg 1371w, http:\/\/curva1kart.com.ar\/noticias\/wp-content\/uploads\/2026\/08\/IMG_4954-1000x667.jpg 1000w, http:\/\/curva1kart.com.ar\/noticias\/wp-content\/uploads\/2026\/08\/IMG_4954-1024x683.jpg 1024w, http:\/\/curva1kart.com.ar\/noticias\/wp-content\/uploads\/2026\/08\/IMG_4954-768x512.jpg 768w\" sizes=\"auto, (max-width: 1371px) 100vw, 1371px\" \/><\/p>\n<p style=\"text-align: center;\"><iframe loading=\"lazy\" style=\"border: none; overflow: hidden;\" src=\"https:\/\/www.facebook.com\/plugins\/video.php?height=476&amp;href=https%3A%2F%2Fwww.facebook.com%2Freel%2F1382290877359114%2F&amp;show_text=false&amp;width=267&amp;t=0\" width=\"267\" height=\"476\" frameborder=\"0\" scrolling=\"no\" allowfullscreen=\"allowfullscreen\"><\/iframe><\/p>\n<h3>OKN JUNIOR<\/h3>\n<p>JARA VENCI\u00d3 POR PRIMERA VEZ<\/p>\n<table>\n<thead>\n<tr>\n<th align=\"right\">POS<\/th>\n<th align=\"right\">N\u00daMERO<\/th>\n<th>PILOTO<\/th>\n<th align=\"right\">VUELTAS<\/th>\n<th align=\"right\">DIF. RESP. 1.\u00ba<\/th>\n<\/tr>\n<\/thead>\n<tbody>\n<tr>\n<td align=\"right\">1<\/td>\n<td align=\"right\">125<\/td>\n<td>SANTIAGO JARA<\/td>\n<td align=\"right\">18<\/td>\n<td align=\"right\">\u2014<\/td>\n<\/tr>\n<tr>\n<td align=\"right\">2<\/td>\n<td align=\"right\">108<\/td>\n<td>RAMIRO CARREIRA<\/td>\n<td align=\"right\">18<\/td>\n<td align=\"right\">02.770<\/td>\n<\/tr>\n<tr>\n<td align=\"right\">3<\/td>\n<td align=\"right\">140<\/td>\n<td>SANTINO MATEO<\/td>\n<td align=\"right\">18<\/td>\n<td align=\"right\">08.266<\/td>\n<\/tr>\n<tr>\n<td align=\"right\">4<\/td>\n<td align=\"right\">119<\/td>\n<td>NAZARENO TURREZ<\/td>\n<td align=\"right\">18<\/td>\n<td align=\"right\">09.311<\/td>\n<\/tr>\n<tr>\n<td align=\"right\">5<\/td>\n<td align=\"right\">134<\/td>\n<td>FARID AM<\/td>\n<td align=\"right\">18<\/td>\n<td align=\"right\">10.866<\/td>\n<\/tr>\n<tr>\n<td align=\"right\">6<\/td>\n<td align=\"right\">114<\/td>\n<td>\u00c1LVAREZ NICOL\u00c1S<\/td>\n<td align=\"right\">18<\/td>\n<td align=\"right\">11.673<\/td>\n<\/tr>\n<tr>\n<td align=\"right\">7<\/td>\n<td align=\"right\">111<\/td>\n<td>IGNACIO D\u00cdAZ QUAGLIA<\/td>\n<td align=\"right\">18<\/td>\n<td align=\"right\">12.410<\/td>\n<\/tr>\n<tr>\n<td align=\"right\">8<\/td>\n<td align=\"right\">115<\/td>\n<td>TOM\u00c1S ROCA<\/td>\n<td align=\"right\">18<\/td>\n<td align=\"right\">12.509<\/td>\n<\/tr>\n<tr>\n<td align=\"right\">9<\/td>\n<td align=\"right\">133<\/td>\n<td>PEDRO ROSSOTTI<\/td>\n<td align=\"right\">18<\/td>\n<td align=\"right\">15.242<\/td>\n<\/tr>\n<tr>\n<td align=\"right\">10<\/td>\n<td align=\"right\">130<\/td>\n<td>BRUNO BISCEGLIA<\/td>\n<td align=\"right\">18<\/td>\n<td align=\"right\">17.527<\/td>\n<\/tr>\n<tr>\n<td align=\"right\">11<\/td>\n<td align=\"right\">128<\/td>\n<td>MATEO \u00c1LVAREZ STORNI<\/td>\n<td align=\"right\">18<\/td>\n<td align=\"right\">17.528<\/td>\n<\/tr>\n<tr>\n<td align=\"right\">12<\/td>\n<td align=\"right\">142<\/td>\n<td>PEDRO GONZALES CONO<\/td>\n<td align=\"right\">18<\/td>\n<td align=\"right\">17.588<\/td>\n<\/tr>\n<tr>\n<td align=\"right\">13<\/td>\n<td align=\"right\">131<\/td>\n<td>AGUST\u00cdN ROBBIANI<\/td>\n<td align=\"right\">18<\/td>\n<td align=\"right\">17.754<\/td>\n<\/tr>\n<tr>\n<td align=\"right\">14<\/td>\n<td align=\"right\">135<\/td>\n<td>BAUTISTA G\u00d3MEZ<\/td>\n<td align=\"right\">18<\/td>\n<td align=\"right\">17.810<\/td>\n<\/tr>\n<tr>\n<td align=\"right\">15<\/td>\n<td align=\"right\">121<\/td>\n<td>LAUTARO VESPRINI<\/td>\n<td align=\"right\">18<\/td>\n<td align=\"right\">18.234<\/td>\n<\/tr>\n<tr>\n<td align=\"right\">16<\/td>\n<td align=\"right\">145<\/td>\n<td>FRANCISCO FORTUNA<\/td>\n<td align=\"right\">18<\/td>\n<td align=\"right\">20.155<\/td>\n<\/tr>\n<tr>\n<td align=\"right\">17<\/td>\n<td align=\"right\">147<\/td>\n<td>SIM\u00d3N CORT\u00c9S FALC\u00d3N<\/td>\n<td align=\"right\">18<\/td>\n<td align=\"right\">22.799<\/td>\n<\/tr>\n<tr>\n<td align=\"right\">18<\/td>\n<td align=\"right\">146<\/td>\n<td>NOAH VASICEK<\/td>\n<td align=\"right\">18<\/td>\n<td align=\"right\">30.063<\/td>\n<\/tr>\n<tr>\n<td align=\"right\">19<\/td>\n<td align=\"right\">106<\/td>\n<td>VALENTINO MANASSERO<\/td>\n<td align=\"right\">18<\/td>\n<td align=\"right\">34.847<\/td>\n<\/tr>\n<\/tbody>\n<\/table>\n<p><strong>Sanci\u00f3n:<\/strong><\/p>\n<ul>\n<li>Kart N.\u00ba 128: recargo de una posici\u00f3n por maniobra peligrosa contra el kart N.\u00ba 130.<\/li>\n<\/ul>\n<p><img loading=\"lazy\" decoding=\"async\" class=\"aligncenter size-full wp-image-125043\" src=\"http:\/\/curva1kart.com.ar\/noticias\/wp-content\/uploads\/2026\/08\/C1K_8855.jpg\" alt=\"\" width=\"1500\" height=\"1000\" srcset=\"http:\/\/curva1kart.com.ar\/noticias\/wp-content\/uploads\/2026\/08\/C1K_8855.jpg 1500w, http:\/\/curva1kart.com.ar\/noticias\/wp-content\/uploads\/2026\/08\/C1K_8855-1000x667.jpg 1000w, http:\/\/curva1kart.com.ar\/noticias\/wp-content\/uploads\/2026\/08\/C1K_8855-1024x683.jpg 1024w, http:\/\/curva1kart.com.ar\/noticias\/wp-content\/uploads\/2026\/08\/C1K_8855-768x512.jpg 768w\" sizes=\"auto, (max-width: 1500px) 100vw, 1500px\" \/> <img loading=\"lazy\" decoding=\"async\" class=\"aligncenter size-full wp-image-125044\" src=\"http:\/\/curva1kart.com.ar\/noticias\/wp-content\/uploads\/2026\/08\/IMG_4978.jpg\" alt=\"\" width=\"1500\" height=\"1000\" srcset=\"http:\/\/curva1kart.com.ar\/noticias\/wp-content\/uploads\/2026\/08\/IMG_4978.jpg 1500w, http:\/\/curva1kart.com.ar\/noticias\/wp-content\/uploads\/2026\/08\/IMG_4978-1000x667.jpg 1000w, http:\/\/curva1kart.com.ar\/noticias\/wp-content\/uploads\/2026\/08\/IMG_4978-1024x683.jpg 1024w, http:\/\/curva1kart.com.ar\/noticias\/wp-content\/uploads\/2026\/08\/IMG_4978-768x512.jpg 768w\" sizes=\"auto, (max-width: 1500px) 100vw, 1500px\" \/> <img loading=\"lazy\" decoding=\"async\" class=\"aligncenter size-full wp-image-125045\" src=\"http:\/\/curva1kart.com.ar\/noticias\/wp-content\/uploads\/2026\/08\/C1K_8813.jpg\" alt=\"\" width=\"1500\" height=\"1000\" srcset=\"http:\/\/curva1kart.com.ar\/noticias\/wp-content\/uploads\/2026\/08\/C1K_8813.jpg 1500w, http:\/\/curva1kart.com.ar\/noticias\/wp-content\/uploads\/2026\/08\/C1K_8813-1000x667.jpg 1000w, http:\/\/curva1kart.com.ar\/noticias\/wp-content\/uploads\/2026\/08\/C1K_8813-1024x683.jpg 1024w, http:\/\/curva1kart.com.ar\/noticias\/wp-content\/uploads\/2026\/08\/C1K_8813-768x512.jpg 768w\" sizes=\"auto, (max-width: 1500px) 100vw, 1500px\" \/><\/p>\n<p style=\"text-align: center;\"><iframe loading=\"lazy\" style=\"border: none; overflow: hidden;\" src=\"https:\/\/www.facebook.com\/plugins\/video.php?height=476&amp;href=https%3A%2F%2Fwww.facebook.com%2Freel%2F1631178872017163%2F&amp;show_text=false&amp;width=267&amp;t=0\" width=\"267\" height=\"476\" frameborder=\"0\" scrolling=\"no\" allowfullscreen=\"allowfullscreen\"><\/iframe><\/p>\n<h3>OKN<\/h3>\n<p>CONTUNDENTE TRIUNFO DE BAUTISTA PANETTA<\/p>\n<table>\n<thead>\n<tr>\n<th align=\"right\">POS<\/th>\n<th align=\"right\">N\u00daMERO<\/th>\n<th>PILOTO<\/th>\n<th align=\"right\">VUELTAS<\/th>\n<th align=\"right\">DIF. RESP. 1.\u00ba<\/th>\n<\/tr>\n<\/thead>\n<tbody>\n<tr>\n<td align=\"right\">1<\/td>\n<td align=\"right\">36<\/td>\n<td>BAUTISTA PANETTA<\/td>\n<td align=\"right\">22<\/td>\n<td align=\"right\">\u2014<\/td>\n<\/tr>\n<tr>\n<td align=\"right\">2<\/td>\n<td align=\"right\">12<\/td>\n<td>MART\u00cdN SAA<\/td>\n<td align=\"right\">22<\/td>\n<td align=\"right\">00.403<\/td>\n<\/tr>\n<tr>\n<td align=\"right\">3<\/td>\n<td align=\"right\">35<\/td>\n<td>MART\u00cdN C\u00d3RDOBA<\/td>\n<td align=\"right\">22<\/td>\n<td align=\"right\">03.437<\/td>\n<\/tr>\n<tr>\n<td align=\"right\">4<\/td>\n<td align=\"right\">2<\/td>\n<td>JUAN IGNACIO ALESSI<\/td>\n<td align=\"right\">22<\/td>\n<td align=\"right\">04.158<\/td>\n<\/tr>\n<tr>\n<td align=\"right\">5<\/td>\n<td align=\"right\">33<\/td>\n<td>AGUST\u00cdN PIZARRO<\/td>\n<td align=\"right\">22<\/td>\n<td align=\"right\">05.549<\/td>\n<\/tr>\n<tr>\n<td align=\"right\">6<\/td>\n<td align=\"right\">8<\/td>\n<td>SALVADOR ECHARRI<\/td>\n<td align=\"right\">22<\/td>\n<td align=\"right\">07.182<\/td>\n<\/tr>\n<tr>\n<td align=\"right\">7<\/td>\n<td align=\"right\">7<\/td>\n<td>THIAGO D\u00cdAZ<\/td>\n<td align=\"right\">22<\/td>\n<td align=\"right\">11.155<\/td>\n<\/tr>\n<tr>\n<td align=\"right\">8<\/td>\n<td align=\"right\">39<\/td>\n<td>JON\u00c1S G\u00d3MEZ<\/td>\n<td align=\"right\">22<\/td>\n<td align=\"right\">11.558<\/td>\n<\/tr>\n<tr>\n<td align=\"right\">9<\/td>\n<td align=\"right\">11<\/td>\n<td>NICOL\u00c1S ROLANDO<\/td>\n<td align=\"right\">22<\/td>\n<td align=\"right\">11.934<\/td>\n<\/tr>\n<tr>\n<td align=\"right\">10<\/td>\n<td align=\"right\">10<\/td>\n<td>FRANCISCO FIGUEROA<\/td>\n<td align=\"right\">22<\/td>\n<td align=\"right\">12.340<\/td>\n<\/tr>\n<tr>\n<td align=\"right\">11<\/td>\n<td align=\"right\">77<\/td>\n<td>VALENTINO MANTA<\/td>\n<td align=\"right\">22<\/td>\n<td align=\"right\">12.916<\/td>\n<\/tr>\n<tr>\n<td align=\"right\">NC<\/td>\n<td align=\"right\">15<\/td>\n<td>FACUNDO DE VICENTI<\/td>\n<td align=\"right\">14<\/td>\n<td align=\"right\">No clasific\u00f3<\/td>\n<\/tr>\n<tr>\n<td align=\"right\">NC<\/td>\n<td align=\"right\">30<\/td>\n<td>THIAGO FALIVENE<\/td>\n<td align=\"right\">12<\/td>\n<td align=\"right\">No clasific\u00f3<\/td>\n<\/tr>\n<tr>\n<td align=\"right\">NC<\/td>\n<td align=\"right\">31<\/td>\n<td>TIZIANO GONZALES<\/td>\n<td align=\"right\">7<\/td>\n<td align=\"right\">No clasific\u00f3<\/td>\n<\/tr>\n<\/tbody>\n<\/table>\n<h3><img loading=\"lazy\" decoding=\"async\" class=\"aligncenter size-full wp-image-125046\" src=\"http:\/\/curva1kart.com.ar\/noticias\/wp-content\/uploads\/2026\/08\/C1K_8969.jpg\" alt=\"\" width=\"1500\" height=\"1000\" srcset=\"http:\/\/curva1kart.com.ar\/noticias\/wp-content\/uploads\/2026\/08\/C1K_8969.jpg 1500w, http:\/\/curva1kart.com.ar\/noticias\/wp-content\/uploads\/2026\/08\/C1K_8969-1000x667.jpg 1000w, http:\/\/curva1kart.com.ar\/noticias\/wp-content\/uploads\/2026\/08\/C1K_8969-1024x683.jpg 1024w, http:\/\/curva1kart.com.ar\/noticias\/wp-content\/uploads\/2026\/08\/C1K_8969-768x512.jpg 768w\" sizes=\"auto, (max-width: 1500px) 100vw, 1500px\" \/> <img loading=\"lazy\" decoding=\"async\" class=\"aligncenter size-full wp-image-125047\" src=\"http:\/\/curva1kart.com.ar\/noticias\/wp-content\/uploads\/2026\/08\/C1K_9015.jpg\" alt=\"\" width=\"1500\" height=\"1000\" srcset=\"http:\/\/curva1kart.com.ar\/noticias\/wp-content\/uploads\/2026\/08\/C1K_9015.jpg 1500w, http:\/\/curva1kart.com.ar\/noticias\/wp-content\/uploads\/2026\/08\/C1K_9015-1000x667.jpg 1000w, http:\/\/curva1kart.com.ar\/noticias\/wp-content\/uploads\/2026\/08\/C1K_9015-1024x683.jpg 1024w, http:\/\/curva1kart.com.ar\/noticias\/wp-content\/uploads\/2026\/08\/C1K_9015-768x512.jpg 768w\" sizes=\"auto, (max-width: 1500px) 100vw, 1500px\" \/> <img loading=\"lazy\" decoding=\"async\" class=\"aligncenter size-full wp-image-125048\" src=\"http:\/\/curva1kart.com.ar\/noticias\/wp-content\/uploads\/2026\/08\/IMG_4984.jpg\" alt=\"\" width=\"1500\" height=\"1000\" srcset=\"http:\/\/curva1kart.com.ar\/noticias\/wp-content\/uploads\/2026\/08\/IMG_4984.jpg 1500w, http:\/\/curva1kart.com.ar\/noticias\/wp-content\/uploads\/2026\/08\/IMG_4984-1000x667.jpg 1000w, http:\/\/curva1kart.com.ar\/noticias\/wp-content\/uploads\/2026\/08\/IMG_4984-1024x683.jpg 1024w, http:\/\/curva1kart.com.ar\/noticias\/wp-content\/uploads\/2026\/08\/IMG_4984-768x512.jpg 768w\" sizes=\"auto, (max-width: 1500px) 100vw, 1500px\" \/><\/h3>\n<p style=\"text-align: center;\"><iframe loading=\"lazy\" style=\"border: none; overflow: hidden;\" src=\"https:\/\/www.facebook.com\/plugins\/video.php?height=476&amp;href=https%3A%2F%2Fwww.facebook.com%2Freel%2F1044750698483335%2F&amp;show_text=false&amp;width=267&amp;t=0\" width=\"267\" height=\"476\" frameborder=\"0\" scrolling=\"no\" allowfullscreen=\"allowfullscreen\"><\/iframe><\/p>\n<h3>PROAM<\/h3>\n<p>ALE LANIGAU FESTEJ\u00d3 Y SE METE EN LA LUCHA POR EL T\u00cdTULO<\/p>\n<table>\n<thead>\n<tr>\n<th align=\"right\">POS<\/th>\n<th align=\"right\">N\u00daMERO<\/th>\n<th>PILOTO<\/th>\n<th align=\"right\">VUELTAS<\/th>\n<th align=\"right\">DIF. RESP. 1.\u00ba<\/th>\n<\/tr>\n<\/thead>\n<tbody>\n<tr>\n<td align=\"right\">1<\/td>\n<td align=\"right\">407<\/td>\n<td>ALEJANDRO LANIGAU<\/td>\n<td align=\"right\">15<\/td>\n<td align=\"right\">\u2014<\/td>\n<\/tr>\n<tr>\n<td align=\"right\">2<\/td>\n<td align=\"right\">471<\/td>\n<td>AGUST\u00cdN CATANIA<\/td>\n<td align=\"right\">15<\/td>\n<td align=\"right\">02.564<\/td>\n<\/tr>\n<tr>\n<td align=\"right\">3<\/td>\n<td align=\"right\">612<\/td>\n<td>MAURICIO HERBSONMER<\/td>\n<td align=\"right\">15<\/td>\n<td align=\"right\">02.616<\/td>\n<\/tr>\n<tr>\n<td align=\"right\">4<\/td>\n<td align=\"right\">614<\/td>\n<td>NICOL\u00c1S TORRES<\/td>\n<td align=\"right\">15<\/td>\n<td align=\"right\">03.952<\/td>\n<\/tr>\n<tr>\n<td align=\"right\">5<\/td>\n<td align=\"right\">432<\/td>\n<td>MART\u00cdN OJEDA<\/td>\n<td align=\"right\">15<\/td>\n<td align=\"right\">04.321<\/td>\n<\/tr>\n<tr>\n<td align=\"right\">6<\/td>\n<td align=\"right\">401<\/td>\n<td>MARCOS ALBERT<\/td>\n<td align=\"right\">15<\/td>\n<td align=\"right\">04.365<\/td>\n<\/tr>\n<tr>\n<td align=\"right\">7<\/td>\n<td align=\"right\">435<\/td>\n<td>WALDEMAR FLAUMER<\/td>\n<td align=\"right\">15<\/td>\n<td align=\"right\">06.836<\/td>\n<\/tr>\n<tr>\n<td align=\"right\">8<\/td>\n<td align=\"right\">440<\/td>\n<td>JULI\u00c1N FALIVENE<\/td>\n<td align=\"right\">15<\/td>\n<td align=\"right\">08.411<\/td>\n<\/tr>\n<tr>\n<td align=\"right\">9<\/td>\n<td align=\"right\">603<\/td>\n<td>LAUREANO GRUAT<\/td>\n<td align=\"right\">15<\/td>\n<td align=\"right\">08.698<\/td>\n<\/tr>\n<tr>\n<td align=\"right\">10<\/td>\n<td align=\"right\">608<\/td>\n<td>JUAN CARLOS VILLARROEL<\/td>\n<td align=\"right\">15<\/td>\n<td align=\"right\">09.393<\/td>\n<\/tr>\n<tr>\n<td align=\"right\">11<\/td>\n<td align=\"right\">642<\/td>\n<td>MARIANO MAGDALENO<\/td>\n<td align=\"right\">15<\/td>\n<td align=\"right\">11.101<\/td>\n<\/tr>\n<tr>\n<td align=\"right\">12<\/td>\n<td align=\"right\">406<\/td>\n<td>MAXI PI\u00d1EIRO<\/td>\n<td align=\"right\">15<\/td>\n<td align=\"right\">18.456<\/td>\n<\/tr>\n<tr>\n<td align=\"right\">13<\/td>\n<td align=\"right\">439<\/td>\n<td>RICARDO MATTAR<\/td>\n<td align=\"right\">15<\/td>\n<td align=\"right\">19.044<\/td>\n<\/tr>\n<tr>\n<td align=\"right\">14<\/td>\n<td align=\"right\">431<\/td>\n<td>FACUNDO SILVESTRE PEREDA<\/td>\n<td align=\"right\">14<\/td>\n<td align=\"right\">1 vuelta<\/td>\n<\/tr>\n<tr>\n<td align=\"right\">NC<\/td>\n<td align=\"right\">643<\/td>\n<td>AGUST\u00cdN CASTELLANI<\/td>\n<td align=\"right\">9<\/td>\n<td align=\"right\">No clasific\u00f3<\/td>\n<\/tr>\n<\/tbody>\n<\/table>\n<p><strong>Sanciones:<\/strong><\/p>\n<ul>\n<li>Kart N.\u00ba 440: recargo de 5 segundos por trompa.<\/li>\n<li>Kart N.\u00ba 439: recargo de puestos por maniobra peligrosa contra el kart N.\u00ba 406.<\/li>\n<\/ul>\n<p><img loading=\"lazy\" decoding=\"async\" class=\"aligncenter size-full wp-image-125049\" src=\"http:\/\/curva1kart.com.ar\/noticias\/wp-content\/uploads\/2026\/08\/IMG_4943.jpg\" alt=\"\" width=\"1270\" height=\"847\" srcset=\"http:\/\/curva1kart.com.ar\/noticias\/wp-content\/uploads\/2026\/08\/IMG_4943.jpg 1270w, http:\/\/curva1kart.com.ar\/noticias\/wp-content\/uploads\/2026\/08\/IMG_4943-1000x667.jpg 1000w, http:\/\/curva1kart.com.ar\/noticias\/wp-content\/uploads\/2026\/08\/IMG_4943-1024x683.jpg 1024w, http:\/\/curva1kart.com.ar\/noticias\/wp-content\/uploads\/2026\/08\/IMG_4943-768x512.jpg 768w\" sizes=\"auto, (max-width: 1270px) 100vw, 1270px\" \/> <img loading=\"lazy\" decoding=\"async\" class=\"aligncenter size-full wp-image-125050\" src=\"http:\/\/curva1kart.com.ar\/noticias\/wp-content\/uploads\/2026\/08\/IMG_5086.jpg\" alt=\"\" width=\"1500\" height=\"1000\" srcset=\"http:\/\/curva1kart.com.ar\/noticias\/wp-content\/uploads\/2026\/08\/IMG_5086.jpg 1500w, http:\/\/curva1kart.com.ar\/noticias\/wp-content\/uploads\/2026\/08\/IMG_5086-1000x667.jpg 1000w, http:\/\/curva1kart.com.ar\/noticias\/wp-content\/uploads\/2026\/08\/IMG_5086-1024x683.jpg 1024w, http:\/\/curva1kart.com.ar\/noticias\/wp-content\/uploads\/2026\/08\/IMG_5086-768x512.jpg 768w\" sizes=\"auto, (max-width: 1500px) 100vw, 1500px\" \/> <img loading=\"lazy\" decoding=\"async\" class=\"aligncenter size-full wp-image-125051\" src=\"http:\/\/curva1kart.com.ar\/noticias\/wp-content\/uploads\/2026\/08\/C1K_8631.jpg\" alt=\"\" width=\"1500\" height=\"1000\" srcset=\"http:\/\/curva1kart.com.ar\/noticias\/wp-content\/uploads\/2026\/08\/C1K_8631.jpg 1500w, http:\/\/curva1kart.com.ar\/noticias\/wp-content\/uploads\/2026\/08\/C1K_8631-1000x667.jpg 1000w, http:\/\/curva1kart.com.ar\/noticias\/wp-content\/uploads\/2026\/08\/C1K_8631-1024x683.jpg 1024w, http:\/\/curva1kart.com.ar\/noticias\/wp-content\/uploads\/2026\/08\/C1K_8631-768x512.jpg 768w\" sizes=\"auto, (max-width: 1500px) 100vw, 1500px\" \/> <img loading=\"lazy\" decoding=\"async\" class=\"aligncenter size-full wp-image-125052\" src=\"http:\/\/curva1kart.com.ar\/noticias\/wp-content\/uploads\/2026\/08\/C1K_8680.jpg\" alt=\"\" width=\"1500\" height=\"1000\" srcset=\"http:\/\/curva1kart.com.ar\/noticias\/wp-content\/uploads\/2026\/08\/C1K_8680.jpg 1500w, http:\/\/curva1kart.com.ar\/noticias\/wp-content\/uploads\/2026\/08\/C1K_8680-1000x667.jpg 1000w, http:\/\/curva1kart.com.ar\/noticias\/wp-content\/uploads\/2026\/08\/C1K_8680-1024x683.jpg 1024w, http:\/\/curva1kart.com.ar\/noticias\/wp-content\/uploads\/2026\/08\/C1K_8680-768x512.jpg 768w\" sizes=\"auto, (max-width: 1500px) 100vw, 1500px\" \/><\/p>\n<p style=\"text-align: center;\"><iframe loading=\"lazy\" style=\"border: none; overflow: hidden;\" src=\"https:\/\/www.facebook.com\/plugins\/video.php?height=476&amp;href=https%3A%2F%2Fwww.facebook.com%2Freel%2F1631999111593905%2F&amp;show_text=false&amp;width=267&amp;t=0\" width=\"267\" height=\"476\" frameborder=\"0\" scrolling=\"no\" allowfullscreen=\"allowfullscreen\"><\/iframe><\/p>\n<p style=\"text-align: center;\"><iframe loading=\"lazy\" style=\"border: none; overflow: hidden;\" src=\"https:\/\/www.facebook.com\/plugins\/video.php?height=476&amp;href=https%3A%2F%2Fwww.facebook.com%2Freel%2F1624851909213123%2F&amp;show_text=false&amp;width=267&amp;t=0\" width=\"267\" height=\"476\" frameborder=\"0\" scrolling=\"no\" allowfullscreen=\"allowfullscreen\"><\/iframe><\/p>\n<h3>SUDAM 125<\/h3>\n<p>FACUNDO ARELLANO GAN\u00d3 CON EL CHASIS PANTANO<\/p>\n<table>\n<thead>\n<tr>\n<th align=\"right\">POS<\/th>\n<th align=\"right\">N\u00daMERO<\/th>\n<th>PILOTO<\/th>\n<th align=\"right\">VUELTAS<\/th>\n<th align=\"right\">DIF. RESP. 1.\u00ba<\/th>\n<\/tr>\n<\/thead>\n<tbody>\n<tr>\n<td align=\"right\">1<\/td>\n<td align=\"right\">510<\/td>\n<td>FACUNDO ARELLANO<\/td>\n<td align=\"right\">18<\/td>\n<td align=\"right\">\u2014<\/td>\n<\/tr>\n<tr>\n<td align=\"right\">2<\/td>\n<td align=\"right\">526<\/td>\n<td>GENARO MOTTESI<\/td>\n<td align=\"right\">18<\/td>\n<td align=\"right\">00.512<\/td>\n<\/tr>\n<tr>\n<td align=\"right\">3<\/td>\n<td align=\"right\">508<\/td>\n<td>AGUST\u00cdN RODR\u00cdGUEZ<\/td>\n<td align=\"right\">18<\/td>\n<td align=\"right\">06.538<\/td>\n<\/tr>\n<tr>\n<td align=\"right\">4<\/td>\n<td align=\"right\">523<\/td>\n<td>\u00c1NGEL DAVID \u00c1LVAREZ<\/td>\n<td align=\"right\">18<\/td>\n<td align=\"right\">14.162<\/td>\n<\/tr>\n<tr>\n<td align=\"right\">5<\/td>\n<td align=\"right\">521<\/td>\n<td>MATEO TETI<\/td>\n<td align=\"right\">18<\/td>\n<td align=\"right\">14.220<\/td>\n<\/tr>\n<tr>\n<td align=\"right\">6<\/td>\n<td align=\"right\">527<\/td>\n<td>JOAQU\u00cdN SIG\u00dcENZA<\/td>\n<td align=\"right\">18<\/td>\n<td align=\"right\">25.792<\/td>\n<\/tr>\n<tr>\n<td align=\"right\">7<\/td>\n<td align=\"right\">507<\/td>\n<td>EZEQUIEL SALA<\/td>\n<td align=\"right\">18<\/td>\n<td align=\"right\">57.114<\/td>\n<\/tr>\n<tr>\n<td align=\"right\">8<\/td>\n<td align=\"right\">529<\/td>\n<td>TOM\u00c1S MOYANO<\/td>\n<td align=\"right\">18<\/td>\n<td align=\"right\">1:13.248<\/td>\n<\/tr>\n<tr>\n<td align=\"right\">9<\/td>\n<td align=\"right\">520<\/td>\n<td>JUAN MART\u00cdN LAGE<\/td>\n<td align=\"right\">17<\/td>\n<td align=\"right\">1 vuelta<\/td>\n<\/tr>\n<tr>\n<td align=\"right\">NC<\/td>\n<td align=\"right\">525<\/td>\n<td>FRANCISCO L\u00d3PEZ<\/td>\n<td align=\"right\">12<\/td>\n<td align=\"right\">No clasific\u00f3<\/td>\n<\/tr>\n<tr>\n<td align=\"right\">NC<\/td>\n<td align=\"right\">522<\/td>\n<td>FRANCO MONTELPARE<\/td>\n<td align=\"right\">12<\/td>\n<td align=\"right\">No clasific\u00f3<\/td>\n<\/tr>\n<tr>\n<td align=\"right\">NC<\/td>\n<td align=\"right\">528<\/td>\n<td>TIZIANO CORAPI<\/td>\n<td align=\"right\">4<\/td>\n<td align=\"right\">No clasific\u00f3<\/td>\n<\/tr>\n<tr>\n<td align=\"right\">DQ<\/td>\n<td align=\"right\">518<\/td>\n<td>NICOL\u00c1S BRASESCO<\/td>\n<td align=\"right\">4<\/td>\n<td align=\"right\">Desclasificado<\/td>\n<\/tr>\n<\/tbody>\n<\/table>\n<p><strong>Sanciones:<\/strong><\/p>\n<ul>\n<li>Kart N.\u00ba 527: dos recargos de 5 segundos, por cambio de trompa y por maniobra peligrosa contra el kart N.\u00ba 529.<\/li>\n<li>Kart N.\u00ba 529: recargo de 55 segundos por maniobra peligrosa contra el kart N.\u00ba 527.<\/li>\n<li>Kart N.\u00ba 518: desclasificado parcialmente por maniobra peligrosa contra el kart N.\u00ba 528.<\/li>\n<\/ul>\n<p><img loading=\"lazy\" decoding=\"async\" class=\"aligncenter size-full wp-image-125053\" src=\"http:\/\/curva1kart.com.ar\/noticias\/wp-content\/uploads\/2026\/08\/C1K_9099.jpg\" alt=\"\" width=\"1500\" height=\"1000\" srcset=\"http:\/\/curva1kart.com.ar\/noticias\/wp-content\/uploads\/2026\/08\/C1K_9099.jpg 1500w, http:\/\/curva1kart.com.ar\/noticias\/wp-content\/uploads\/2026\/08\/C1K_9099-1000x667.jpg 1000w, http:\/\/curva1kart.com.ar\/noticias\/wp-content\/uploads\/2026\/08\/C1K_9099-1024x683.jpg 1024w, http:\/\/curva1kart.com.ar\/noticias\/wp-content\/uploads\/2026\/08\/C1K_9099-768x512.jpg 768w\" sizes=\"auto, (max-width: 1500px) 100vw, 1500px\" \/> <img loading=\"lazy\" decoding=\"async\" class=\"aligncenter size-full wp-image-125054\" src=\"http:\/\/curva1kart.com.ar\/noticias\/wp-content\/uploads\/2026\/08\/IMG_5044.jpg\" alt=\"\" width=\"1500\" height=\"1000\" srcset=\"http:\/\/curva1kart.com.ar\/noticias\/wp-content\/uploads\/2026\/08\/IMG_5044.jpg 1500w, http:\/\/curva1kart.com.ar\/noticias\/wp-content\/uploads\/2026\/08\/IMG_5044-1000x667.jpg 1000w, http:\/\/curva1kart.com.ar\/noticias\/wp-content\/uploads\/2026\/08\/IMG_5044-1024x683.jpg 1024w, http:\/\/curva1kart.com.ar\/noticias\/wp-content\/uploads\/2026\/08\/IMG_5044-768x512.jpg 768w\" sizes=\"auto, (max-width: 1500px) 100vw, 1500px\" \/> <img loading=\"lazy\" decoding=\"async\" class=\"aligncenter size-full wp-image-125055\" src=\"http:\/\/curva1kart.com.ar\/noticias\/wp-content\/uploads\/2026\/08\/C1K_9060.jpg\" alt=\"\" width=\"1500\" height=\"1000\" srcset=\"http:\/\/curva1kart.com.ar\/noticias\/wp-content\/uploads\/2026\/08\/C1K_9060.jpg 1500w, http:\/\/curva1kart.com.ar\/noticias\/wp-content\/uploads\/2026\/08\/C1K_9060-1000x667.jpg 1000w, http:\/\/curva1kart.com.ar\/noticias\/wp-content\/uploads\/2026\/08\/C1K_9060-1024x683.jpg 1024w, http:\/\/curva1kart.com.ar\/noticias\/wp-content\/uploads\/2026\/08\/C1K_9060-768x512.jpg 768w\" sizes=\"auto, (max-width: 1500px) 100vw, 1500px\" \/><\/p>\n<p style=\"text-align: center;\"><iframe loading=\"lazy\" style=\"border: none; overflow: hidden;\" src=\"https:\/\/www.facebook.com\/plugins\/video.php?height=476&amp;href=https%3A%2F%2Fwww.facebook.com%2Freel%2F936514376170655%2F&amp;show_text=false&amp;width=267&amp;t=0\" width=\"267\" height=\"476\" frameborder=\"0\" scrolling=\"no\" allowfullscreen=\"allowfullscreen\"><\/iframe><\/p>\n","protected":false},"excerpt":{"rendered":"<p>El Campeonato Argentino de Karting complet\u00f3 su segundo cap\u00edtulo de la temporada 2026 con cuatro intensos d\u00edas de actividad en el Kart\u00f3dromo de Trenque Lauquen y con presencia de pilotos de Argentina y Paraguay. El dato destacado fue contundente: ninguno de los ganadores de la primera fecha en R\u00edo Cuarto pudo repetir la victoria! Luego&#46;&#46;&#46;<\/p>\n","protected":false},"author":1,"featured_media":125037,"comment_status":"closed","ping_status":"closed","sticky":true,"template":"","format":"standard","meta":{"footnotes":""},"categories":[20],"tags":[],"class_list":["post-125023","post","type-post","status-publish","format-standard","has-post-thumbnail","hentry","category-argentino"],"yoast_head":"<!-- This site is optimized with the Yoast SEO Premium plugin v14.7 - https:\/\/yoast.com\/wordpress\/plugins\/seo\/ -->\n<title>Nuevos ganadores le pusieron emoci\u00f3n al Argentino de Trenque Lauquen - Curva 1 KART<\/title>\n<meta name=\"robots\" content=\"index, follow\" \/>\n<meta name=\"googlebot\" content=\"index, follow, max-snippet:-1, max-image-preview:large, max-video-preview:-1\" \/>\n<meta name=\"bingbot\" content=\"index, follow, max-snippet:-1, max-image-preview:large, max-video-preview:-1\" \/>\n<link rel=\"canonical\" href=\"https:\/\/curva1kart.com.ar\/noticias\/?p=125023\" \/>\n<meta property=\"og:locale\" content=\"en_US\" \/>\n<meta property=\"og:type\" content=\"article\" \/>\n<meta property=\"og:title\" content=\"Nuevos ganadores le pusieron emoci\u00f3n al Argentino de Trenque Lauquen - Curva 1 KART\" \/>\n<meta property=\"og:description\" content=\"El Campeonato Argentino de Karting complet\u00f3 su segundo cap\u00edtulo de la temporada 2026 con cuatro intensos d\u00edas de actividad en el Kart\u00f3dromo de Trenque Lauquen y con presencia de pilotos de Argentina y Paraguay. El dato destacado fue contundente: ninguno de los ganadores de la primera fecha en R\u00edo Cuarto pudo repetir la victoria! Luego&#046;&#046;&#046;\" \/>\n<meta property=\"og:url\" content=\"https:\/\/curva1kart.com.ar\/noticias\/?p=125023\" \/>\n<meta property=\"og:site_name\" content=\"Curva 1 KART\" \/>\n<meta property=\"article:publisher\" content=\"https:\/\/www.facebook.com\/curva1kart\/\" \/>\n<meta property=\"article:published_time\" content=\"2026-08-23T20:13:57+00:00\" \/>\n<meta property=\"article:modified_time\" content=\"2026-08-27T01:45:03+00:00\" \/>\n<meta property=\"og:image\" content=\"http:\/\/curva1kart.com.ar\/noticias\/wp-content\/uploads\/2026\/08\/C1K_8513.jpg\" \/>\n\t<meta property=\"og:image:width\" content=\"1500\" \/>\n\t<meta property=\"og:image:height\" content=\"1000\" \/>\n<meta property=\"fb:app_id\" content=\"104995992409\" \/>\n<meta name=\"twitter:card\" content=\"summary_large_image\" \/>\n<meta name=\"twitter:creator\" content=\"@Curva1KART\" \/>\n<meta name=\"twitter:site\" content=\"@Curva1KART\" \/>\n<script type=\"application\/ld+json\" class=\"yoast-schema-graph\">{\"@context\":\"https:\/\/schema.org\",\"@graph\":[{\"@type\":\"WebSite\",\"@id\":\"https:\/\/curva1kart.com.ar\/noticias\/#website\",\"url\":\"https:\/\/curva1kart.com.ar\/noticias\/\",\"name\":\"Curva 1 KART\",\"description\":\"Karting Argentino, Sudamericano e Internacional\",\"potentialAction\":[{\"@type\":\"SearchAction\",\"target\":\"https:\/\/curva1kart.com.ar\/noticias\/?s={search_term_string}\",\"query-input\":\"required name=search_term_string\"}],\"inLanguage\":\"en-US\"},{\"@type\":\"ImageObject\",\"@id\":\"https:\/\/curva1kart.com.ar\/noticias\/?p=125023#primaryimage\",\"inLanguage\":\"en-US\",\"url\":\"http:\/\/curva1kart.com.ar\/noticias\/wp-content\/uploads\/2026\/08\/C1K_8513.jpg\",\"width\":1500,\"height\":1000},{\"@type\":\"WebPage\",\"@id\":\"https:\/\/curva1kart.com.ar\/noticias\/?p=125023#webpage\",\"url\":\"https:\/\/curva1kart.com.ar\/noticias\/?p=125023\",\"name\":\"Nuevos ganadores le pusieron emoci\\u00f3n al Argentino de Trenque Lauquen - Curva 1 KART\",\"isPartOf\":{\"@id\":\"https:\/\/curva1kart.com.ar\/noticias\/#website\"},\"primaryImageOfPage\":{\"@id\":\"https:\/\/curva1kart.com.ar\/noticias\/?p=125023#primaryimage\"},\"datePublished\":\"2026-08-23T20:13:57+00:00\",\"dateModified\":\"2026-08-27T01:45:03+00:00\",\"author\":{\"@id\":\"https:\/\/curva1kart.com.ar\/noticias\/#\/schema\/person\/710d14304c85d21660d185f262399043\"},\"inLanguage\":\"en-US\",\"potentialAction\":[{\"@type\":\"ReadAction\",\"target\":[\"https:\/\/curva1kart.com.ar\/noticias\/?p=125023\"]}]},{\"@type\":[\"Person\"],\"@id\":\"https:\/\/curva1kart.com.ar\/noticias\/#\/schema\/person\/710d14304c85d21660d185f262399043\",\"name\":\"Jos\\u00e9 Bravo\"}]}<\/script>\n<!-- \/ Yoast SEO Premium plugin. -->","_links":{"self":[{"href":"https:\/\/curva1kart.com.ar\/noticias\/index.php?rest_route=\/wp\/v2\/posts\/125023","targetHints":{"allow":["GET"]}}],"collection":[{"href":"https:\/\/curva1kart.com.ar\/noticias\/index.php?rest_route=\/wp\/v2\/posts"}],"about":[{"href":"https:\/\/curva1kart.com.ar\/noticias\/index.php?rest_route=\/wp\/v2\/types\/post"}],"author":[{"embeddable":true,"href":"https:\/\/curva1kart.com.ar\/noticias\/index.php?rest_route=\/wp\/v2\/users\/1"}],"replies":[{"embeddable":true,"href":"https:\/\/curva1kart.com.ar\/noticias\/index.php?rest_route=%2Fwp%2Fv2%2Fcomments&post=125023"}],"version-history":[{"count":5,"href":"https:\/\/curva1kart.com.ar\/noticias\/index.php?rest_route=\/wp\/v2\/posts\/125023\/revisions"}],"predecessor-version":[{"id":125073,"href":"https:\/\/curva1kart.com.ar\/noticias\/index.php?rest_route=\/wp\/v2\/posts\/125023\/revisions\/125073"}],"wp:featuredmedia":[{"embeddable":true,"href":"https:\/\/curva1kart.com.ar\/noticias\/index.php?rest_route=\/wp\/v2\/media\/125037"}],"wp:attachment":[{"href":"https:\/\/curva1kart.com.ar\/noticias\/index.php?rest_route=%2Fwp%2Fv2%2Fmedia&parent=125023"}],"wp:term":[{"taxonomy":"category","embeddable":true,"href":"https:\/\/curva1kart.com.ar\/noticias\/index.php?rest_route=%2Fwp%2Fv2%2Fcategories&post=125023"},{"taxonomy":"post_tag","embeddable":true,"href":"https:\/\/curva1kart.com.ar\/noticias\/index.php?rest_route=%2Fwp%2Fv2%2Ftags&post=125023"}],"curies":[{"name":"wp","href":"https:\/\/api.w.org\/{rel}","templated":true}]}}