{"id":123339,"date":"2026-05-02T00:40:04","date_gmt":"2026-05-02T03:40:04","guid":{"rendered":"https:\/\/curva1kart.com.ar\/noticias\/?p=123339"},"modified":"2026-05-02T01:01:16","modified_gmt":"2026-05-02T04:01:16","slug":"el-futuro-llego-se-viene-una-categoria-de-karts-electricos-a-argentina","status":"publish","type":"post","link":"https:\/\/curva1kart.com.ar\/noticias\/?p=123339","title":{"rendered":"El futuro lleg\u00f3: Argentina tendr\u00e1 la primera categor\u00eda de KARTS EL\u00c9CTRICOS de Sudam\u00e9rica!"},"content":{"rendered":"<p><img loading=\"lazy\" decoding=\"async\" class=\"aligncenter size-full wp-image-123340\" src=\"http:\/\/curva1kart.com.ar\/noticias\/wp-content\/uploads\/2026\/05\/rotax-e10-mini-electric-kart.jpg\" alt=\"\" width=\"1600\" height=\"1066\" srcset=\"http:\/\/curva1kart.com.ar\/noticias\/wp-content\/uploads\/2026\/05\/rotax-e10-mini-electric-kart.jpg 1600w, http:\/\/curva1kart.com.ar\/noticias\/wp-content\/uploads\/2026\/05\/rotax-e10-mini-electric-kart-1000x667.jpg 1000w, http:\/\/curva1kart.com.ar\/noticias\/wp-content\/uploads\/2026\/05\/rotax-e10-mini-electric-kart-1024x682.jpg 1024w, http:\/\/curva1kart.com.ar\/noticias\/wp-content\/uploads\/2026\/05\/rotax-e10-mini-electric-kart-768x512.jpg 768w, http:\/\/curva1kart.com.ar\/noticias\/wp-content\/uploads\/2026\/05\/rotax-e10-mini-electric-kart-1536x1023.jpg 1536w\" sizes=\"auto, (max-width: 1600px) 100vw, 1600px\" \/><\/p>\n<p><strong>Rotax Argentina<\/strong> ser\u00e1 tendencia cuando inaugur\u00e9 el pr\u00f3ximo semestre la <strong>primera categor\u00eda de karts el\u00e9ctricos de competici\u00f3n de Sudam\u00e9rica!<\/strong><\/p>\n<p>Los rumores eran fuertes, hace m\u00e1s de un mes &#8220;lanzamos&#8221; alguna intenci\u00f3n por nuestras redes, pero ahora si est\u00e1 confirmado: se vienen los karts el\u00e9ctricos a Argentina.<\/p>\n<p><strong>&#8220;La noticia ya se puede dar. Rotax Argentina tendr\u00e1 una categor\u00eda de karts el\u00e9ctricos. Ya tenemos todo el material y es probable que la pr\u00f3xima semana realicemos la primera prueba&#8221;<\/strong> coment\u00f3 Gonzalo Alenaz a Curva 1 KART.<\/p>\n<p>Se trata de la categor\u00eda E10 Mini, que el a\u00f1o pasado desde Bar\u00e9in dimos la noticia de que un piloto Mini estaba probando su &#8220;E10&#8221; junto a los motores a combusti\u00f3n y tuvo tiempos similares a la punta!<strong> &#8220;Ser\u00e1 para pilotos en edad Mini y tenemos 2 cupos disponibles este a\u00f1o para la Grand Finals Rotax de Portugal. Uno para el Trofeo de Invierno que arranca en Julio en RMC Buenos Aires y el otro ticket se entregar\u00e1 en el Sudamericano Rotax de Uruguay&#8221;<\/strong> expres\u00f3 Alenaz que entre dientes dijo que hasta podr\u00edan conseguir un tercer ticket.<\/p>\n<p>En los pr\u00f3ximos d\u00edas habr\u00e1n m\u00e1s detalles, pero tambi\u00e9n les podemos adelantar que el sistema ser\u00e1 &#8220;Arrive and Drive&#8221;. Los motores llegaron hace m\u00e1s de 1 mes al Service Center Oficial Axion Team y habr\u00e1 16 karts disponibles. Se usar\u00e1 una sola marca de chasis: Lenzo Kart. Los chasis 0km tambi\u00e9n ya est\u00e1n el pa\u00eds y el equipo Wolf Kart de Eduardo Viglietti ser\u00e1n los encargados de realizar los primeros test.<\/p>\n<p><strong>&#8220;Un equipo entregar\u00e1 el kart completo para competir. El piloto solo tiene que venir con su indumentaria, por lo que ser\u00e1 un sistema muy atractivo para muchos&#8221;<\/strong> cerr\u00f3 Gonzalo Alenaz, que dej\u00f3 entrever que la E10 Mini tendr\u00eda 1 solo d\u00eda de actividad oficial en los findes de Rotax.<\/p>\n<p>El futuro lleg\u00f3 a Argentina y ser\u00e1 tendencia por tener la primera categor\u00eda de karts el\u00e9ctricos en Sudamerica!<\/p>\n<div id=\"attachment_123341\" style=\"width: 973px\" class=\"wp-caption aligncenter\"><img loading=\"lazy\" decoding=\"async\" aria-describedby=\"caption-attachment-123341\" class=\"wp-image-123341 size-full\" src=\"http:\/\/curva1kart.com.ar\/noticias\/wp-content\/uploads\/2026\/05\/Captura-de-pantalla-2026-05-02-001626.png\" alt=\"\" width=\"963\" height=\"520\" srcset=\"http:\/\/curva1kart.com.ar\/noticias\/wp-content\/uploads\/2026\/05\/Captura-de-pantalla-2026-05-02-001626.png 963w, http:\/\/curva1kart.com.ar\/noticias\/wp-content\/uploads\/2026\/05\/Captura-de-pantalla-2026-05-02-001626-768x415.png 768w\" sizes=\"auto, (max-width: 963px) 100vw, 963px\" \/><p id=\"caption-attachment-123341\" class=\"wp-caption-text\"><span style=\"color: #ff0000;\"><strong>E10 MINI EST\u00c1 CONFIRMADA EN 19 PA\u00cdSES DEL MUNDO<\/strong><\/span><\/p><\/div>\n<hr \/>\n<div class=\"video-container\"><iframe loading=\"lazy\" title=\"Rotax E10 | The Leading Electric Kart Powertrain\" width=\"720\" height=\"405\" src=\"https:\/\/www.youtube.com\/embed\/76znSqY-ne0?feature=oembed\" frameborder=\"0\" allow=\"accelerometer; autoplay; clipboard-write; encrypted-media; gyroscope; picture-in-picture; web-share\" referrerpolicy=\"strict-origin-when-cross-origin\" allowfullscreen><\/iframe><\/div>\n<hr \/>\n<p>&nbsp;<\/p>\n","protected":false},"excerpt":{"rendered":"<p>Rotax Argentina ser\u00e1 tendencia cuando inaugur\u00e9 el pr\u00f3ximo semestre la primera categor\u00eda de karts el\u00e9ctricos de competici\u00f3n de Sudam\u00e9rica! Los rumores eran fuertes, hace m\u00e1s de un mes &#8220;lanzamos&#8221; alguna intenci\u00f3n por nuestras redes, pero ahora si est\u00e1 confirmado: se vienen los karts el\u00e9ctricos a Argentina. &#8220;La noticia ya se puede dar. Rotax Argentina tendr\u00e1&#46;&#46;&#46;<\/p>\n","protected":false},"author":1,"featured_media":123340,"comment_status":"closed","ping_status":"closed","sticky":false,"template":"","format":"standard","meta":{"footnotes":""},"categories":[39],"tags":[],"class_list":["post-123339","post","type-post","status-publish","format-standard","has-post-thumbnail","hentry","category-rotax-buenos-aires"],"yoast_head":"<!-- This site is optimized with the Yoast SEO Premium plugin v14.7 - https:\/\/yoast.com\/wordpress\/plugins\/seo\/ -->\n<title>El futuro lleg\u00f3: Argentina tendr\u00e1 la primera categor\u00eda de KARTS EL\u00c9CTRICOS de Sudam\u00e9rica! - Curva 1 KART<\/title>\n<meta name=\"robots\" content=\"index, follow\" \/>\n<meta name=\"googlebot\" content=\"index, follow, max-snippet:-1, max-image-preview:large, max-video-preview:-1\" \/>\n<meta name=\"bingbot\" content=\"index, follow, max-snippet:-1, max-image-preview:large, max-video-preview:-1\" \/>\n<link rel=\"canonical\" href=\"https:\/\/curva1kart.com.ar\/noticias\/?p=123339\" \/>\n<meta property=\"og:locale\" content=\"en_US\" \/>\n<meta property=\"og:type\" content=\"article\" \/>\n<meta property=\"og:title\" content=\"El futuro lleg\u00f3: Argentina tendr\u00e1 la primera categor\u00eda de KARTS EL\u00c9CTRICOS de Sudam\u00e9rica! - Curva 1 KART\" \/>\n<meta property=\"og:description\" content=\"Rotax Argentina ser\u00e1 tendencia cuando inaugur\u00e9 el pr\u00f3ximo semestre la primera categor\u00eda de karts el\u00e9ctricos de competici\u00f3n de Sudam\u00e9rica! Los rumores eran fuertes, hace m\u00e1s de un mes &#8220;lanzamos&#8221; alguna intenci\u00f3n por nuestras redes, pero ahora si est\u00e1 confirmado: se vienen los karts el\u00e9ctricos a Argentina. &#8220;La noticia ya se puede dar. Rotax Argentina tendr\u00e1&#046;&#046;&#046;\" \/>\n<meta property=\"og:url\" content=\"https:\/\/curva1kart.com.ar\/noticias\/?p=123339\" \/>\n<meta property=\"og:site_name\" content=\"Curva 1 KART\" \/>\n<meta property=\"article:publisher\" content=\"https:\/\/www.facebook.com\/curva1kart\/\" \/>\n<meta property=\"article:published_time\" content=\"2026-05-02T03:40:04+00:00\" \/>\n<meta property=\"article:modified_time\" content=\"2026-05-02T04:01:16+00:00\" \/>\n<meta property=\"og:image\" content=\"http:\/\/curva1kart.com.ar\/noticias\/wp-content\/uploads\/2026\/05\/rotax-e10-mini-electric-kart.jpg\" \/>\n\t<meta property=\"og:image:width\" content=\"1600\" \/>\n\t<meta property=\"og:image:height\" content=\"1066\" \/>\n<meta property=\"fb:app_id\" content=\"104995992409\" \/>\n<meta name=\"twitter:card\" content=\"summary_large_image\" \/>\n<meta name=\"twitter:creator\" content=\"@Curva1KART\" \/>\n<meta name=\"twitter:site\" content=\"@Curva1KART\" \/>\n<script type=\"application\/ld+json\" class=\"yoast-schema-graph\">{\"@context\":\"https:\/\/schema.org\",\"@graph\":[{\"@type\":\"WebSite\",\"@id\":\"https:\/\/curva1kart.com.ar\/noticias\/#website\",\"url\":\"https:\/\/curva1kart.com.ar\/noticias\/\",\"name\":\"Curva 1 KART\",\"description\":\"Karting Argentino, Sudamericano e Internacional\",\"potentialAction\":[{\"@type\":\"SearchAction\",\"target\":\"https:\/\/curva1kart.com.ar\/noticias\/?s={search_term_string}\",\"query-input\":\"required name=search_term_string\"}],\"inLanguage\":\"en-US\"},{\"@type\":\"ImageObject\",\"@id\":\"https:\/\/curva1kart.com.ar\/noticias\/?p=123339#primaryimage\",\"inLanguage\":\"en-US\",\"url\":\"http:\/\/curva1kart.com.ar\/noticias\/wp-content\/uploads\/2026\/05\/rotax-e10-mini-electric-kart.jpg\",\"width\":1600,\"height\":1066},{\"@type\":\"WebPage\",\"@id\":\"https:\/\/curva1kart.com.ar\/noticias\/?p=123339#webpage\",\"url\":\"https:\/\/curva1kart.com.ar\/noticias\/?p=123339\",\"name\":\"El futuro lleg\\u00f3: Argentina tendr\\u00e1 la primera categor\\u00eda de KARTS EL\\u00c9CTRICOS de Sudam\\u00e9rica! - Curva 1 KART\",\"isPartOf\":{\"@id\":\"https:\/\/curva1kart.com.ar\/noticias\/#website\"},\"primaryImageOfPage\":{\"@id\":\"https:\/\/curva1kart.com.ar\/noticias\/?p=123339#primaryimage\"},\"datePublished\":\"2026-05-02T03:40:04+00:00\",\"dateModified\":\"2026-05-02T04:01:16+00:00\",\"author\":{\"@id\":\"https:\/\/curva1kart.com.ar\/noticias\/#\/schema\/person\/710d14304c85d21660d185f262399043\"},\"inLanguage\":\"en-US\",\"potentialAction\":[{\"@type\":\"ReadAction\",\"target\":[\"https:\/\/curva1kart.com.ar\/noticias\/?p=123339\"]}]},{\"@type\":[\"Person\"],\"@id\":\"https:\/\/curva1kart.com.ar\/noticias\/#\/schema\/person\/710d14304c85d21660d185f262399043\",\"name\":\"Jos\\u00e9 Bravo\"}]}<\/script>\n<!-- \/ Yoast SEO Premium plugin. -->","_links":{"self":[{"href":"https:\/\/curva1kart.com.ar\/noticias\/index.php?rest_route=\/wp\/v2\/posts\/123339","targetHints":{"allow":["GET"]}}],"collection":[{"href":"https:\/\/curva1kart.com.ar\/noticias\/index.php?rest_route=\/wp\/v2\/posts"}],"about":[{"href":"https:\/\/curva1kart.com.ar\/noticias\/index.php?rest_route=\/wp\/v2\/types\/post"}],"author":[{"embeddable":true,"href":"https:\/\/curva1kart.com.ar\/noticias\/index.php?rest_route=\/wp\/v2\/users\/1"}],"replies":[{"embeddable":true,"href":"https:\/\/curva1kart.com.ar\/noticias\/index.php?rest_route=%2Fwp%2Fv2%2Fcomments&post=123339"}],"version-history":[{"count":7,"href":"https:\/\/curva1kart.com.ar\/noticias\/index.php?rest_route=\/wp\/v2\/posts\/123339\/revisions"}],"predecessor-version":[{"id":123348,"href":"https:\/\/curva1kart.com.ar\/noticias\/index.php?rest_route=\/wp\/v2\/posts\/123339\/revisions\/123348"}],"wp:featuredmedia":[{"embeddable":true,"href":"https:\/\/curva1kart.com.ar\/noticias\/index.php?rest_route=\/wp\/v2\/media\/123340"}],"wp:attachment":[{"href":"https:\/\/curva1kart.com.ar\/noticias\/index.php?rest_route=%2Fwp%2Fv2%2Fmedia&parent=123339"}],"wp:term":[{"taxonomy":"category","embeddable":true,"href":"https:\/\/curva1kart.com.ar\/noticias\/index.php?rest_route=%2Fwp%2Fv2%2Fcategories&post=123339"},{"taxonomy":"post_tag","embeddable":true,"href":"https:\/\/curva1kart.com.ar\/noticias\/index.php?rest_route=%2Fwp%2Fv2%2Ftags&post=123339"}],"curies":[{"name":"wp","href":"https:\/\/api.w.org\/{rel}","templated":true}]}}