{"id":123334,"date":"2026-05-01T21:03:09","date_gmt":"2026-05-02T00:03:09","guid":{"rendered":"https:\/\/curva1kart.com.ar\/noticias\/?p=123334"},"modified":"2026-05-01T21:03:09","modified_gmt":"2026-05-02T00:03:09","slug":"enorme-trabajo-de-bertolaccini-en-valencia-largara-1-la-pre-final","status":"publish","type":"post","link":"https:\/\/curva1kart.com.ar\/noticias\/?p=123334","title":{"rendered":"Enorme trabajo de Bertolaccini en Valencia: largar\u00e1 1\u00b0 la pre final"},"content":{"rendered":"<p><img loading=\"lazy\" decoding=\"async\" class=\"aligncenter size-full wp-image-123336\" src=\"http:\/\/curva1kart.com.ar\/noticias\/wp-content\/uploads\/2026\/05\/Capo04646.png\" alt=\"\" width=\"1080\" height=\"720\" srcset=\"http:\/\/curva1kart.com.ar\/noticias\/wp-content\/uploads\/2026\/05\/Capo04646.png 1080w, http:\/\/curva1kart.com.ar\/noticias\/wp-content\/uploads\/2026\/05\/Capo04646-1000x667.png 1000w, http:\/\/curva1kart.com.ar\/noticias\/wp-content\/uploads\/2026\/05\/Capo04646-1024x683.png 1024w, http:\/\/curva1kart.com.ar\/noticias\/wp-content\/uploads\/2026\/05\/Capo04646-768x512.png 768w\" sizes=\"auto, (max-width: 1080px) 100vw, 1080px\" \/><\/p>\n<p>El argentino <strong>Mart\u00edn Bertolaccini<\/strong> cumpli\u00f3 este viernes con una gran actuaci\u00f3n en el round 3 del torneo &#8220;<strong>Champion of the Future<\/strong>&#8221; en <strong>Valencia, Espa\u00f1a.<\/strong> Este torneo sirve de previa de cada fecha FIA en Europa.<\/p>\n<p>El piloto de Rafaela (Santa Fe) clasific\u00f3 3\u00b0 entre 96 pilotos de la categor\u00eda <strong>OK Junior<\/strong>, para poder largar desde la primera posici\u00f3n todos los heats. Bertolaccini hizo una tarea notable en las mangas del jueves llegando 2\u00b0 y 1\u00b0. Este viernes tuvo nuevos heats donde fue 2\u00b0, 4\u00b0 y ganando el \u00faltimo de la jornada.<\/p>\n<p>Con estos resultados, qued\u00f3 ubicado 2\u00b0 en la clasificaci\u00f3n general post heats, lo que hace que <strong>este s\u00e1bado largar\u00e1 desde la pole position<\/strong> su Super Heat (simil pre final), buscando un lugar en la final.<\/p>\n<p><a href=\"https:\/\/www.championskarting.com\/resultats\/2026\/cotf_2_valencia\/results.html\" target=\"_blank\" rel=\"noopener\"><strong>Resulltados<\/strong><\/a><\/p>\n<p style=\"text-align: center;\"><iframe loading=\"lazy\" style=\"border: none; overflow: hidden;\" src=\"https:\/\/www.facebook.com\/plugins\/video.php?height=476&amp;href=https%3A%2F%2Fwww.facebook.com%2Freel%2F1665714087780108%2F&amp;show_text=false&amp;width=267&amp;t=0\" width=\"267\" height=\"476\" frameborder=\"0\" scrolling=\"no\" allowfullscreen=\"allowfullscreen\"><\/iframe><\/p>\n","protected":false},"excerpt":{"rendered":"<p>El argentino Mart\u00edn Bertolaccini cumpli\u00f3 este viernes con una gran actuaci\u00f3n en el round 3 del torneo &#8220;Champion of the Future&#8221; en Valencia, Espa\u00f1a. Este torneo sirve de previa de cada fecha FIA en Europa. El piloto de Rafaela (Santa Fe) clasific\u00f3 3\u00b0 entre 96 pilotos de la categor\u00eda OK Junior, para poder largar desde&#46;&#46;&#46;<\/p>\n","protected":false},"author":1,"featured_media":123336,"comment_status":"closed","ping_status":"closed","sticky":false,"template":"","format":"standard","meta":{"footnotes":""},"categories":[88],"tags":[],"class_list":["post-123334","post","type-post","status-publish","format-standard","has-post-thumbnail","hentry","category-argentinos-por-el-mundo"],"yoast_head":"<!-- This site is optimized with the Yoast SEO Premium plugin v14.7 - https:\/\/yoast.com\/wordpress\/plugins\/seo\/ -->\n<title>Enorme trabajo de Bertolaccini en Valencia: largar\u00e1 1\u00b0 la pre final - Curva 1 KART<\/title>\n<meta name=\"robots\" content=\"index, follow\" \/>\n<meta name=\"googlebot\" content=\"index, follow, max-snippet:-1, max-image-preview:large, max-video-preview:-1\" \/>\n<meta name=\"bingbot\" content=\"index, follow, max-snippet:-1, max-image-preview:large, max-video-preview:-1\" \/>\n<link rel=\"canonical\" href=\"https:\/\/curva1kart.com.ar\/noticias\/?p=123334\" \/>\n<meta property=\"og:locale\" content=\"en_US\" \/>\n<meta property=\"og:type\" content=\"article\" \/>\n<meta property=\"og:title\" content=\"Enorme trabajo de Bertolaccini en Valencia: largar\u00e1 1\u00b0 la pre final - Curva 1 KART\" \/>\n<meta property=\"og:description\" content=\"El argentino Mart\u00edn Bertolaccini cumpli\u00f3 este viernes con una gran actuaci\u00f3n en el round 3 del torneo &#8220;Champion of the Future&#8221; en Valencia, Espa\u00f1a. Este torneo sirve de previa de cada fecha FIA en Europa. El piloto de Rafaela (Santa Fe) clasific\u00f3 3\u00b0 entre 96 pilotos de la categor\u00eda OK Junior, para poder largar desde&#046;&#046;&#046;\" \/>\n<meta property=\"og:url\" content=\"https:\/\/curva1kart.com.ar\/noticias\/?p=123334\" \/>\n<meta property=\"og:site_name\" content=\"Curva 1 KART\" \/>\n<meta property=\"article:publisher\" content=\"https:\/\/www.facebook.com\/curva1kart\/\" \/>\n<meta property=\"article:published_time\" content=\"2026-05-02T00:03:09+00:00\" \/>\n<meta property=\"og:image\" content=\"http:\/\/curva1kart.com.ar\/noticias\/wp-content\/uploads\/2026\/05\/Capo04646.png\" \/>\n\t<meta property=\"og:image:width\" content=\"1080\" \/>\n\t<meta property=\"og:image:height\" content=\"720\" \/>\n<meta property=\"fb:app_id\" content=\"104995992409\" \/>\n<meta name=\"twitter:card\" content=\"summary_large_image\" \/>\n<meta name=\"twitter:creator\" content=\"@Curva1KART\" \/>\n<meta name=\"twitter:site\" content=\"@Curva1KART\" \/>\n<script type=\"application\/ld+json\" class=\"yoast-schema-graph\">{\"@context\":\"https:\/\/schema.org\",\"@graph\":[{\"@type\":\"WebSite\",\"@id\":\"https:\/\/curva1kart.com.ar\/noticias\/#website\",\"url\":\"https:\/\/curva1kart.com.ar\/noticias\/\",\"name\":\"Curva 1 KART\",\"description\":\"Karting Argentino, Sudamericano e Internacional\",\"potentialAction\":[{\"@type\":\"SearchAction\",\"target\":\"https:\/\/curva1kart.com.ar\/noticias\/?s={search_term_string}\",\"query-input\":\"required name=search_term_string\"}],\"inLanguage\":\"en-US\"},{\"@type\":\"ImageObject\",\"@id\":\"https:\/\/curva1kart.com.ar\/noticias\/?p=123334#primaryimage\",\"inLanguage\":\"en-US\",\"url\":\"http:\/\/curva1kart.com.ar\/noticias\/wp-content\/uploads\/2026\/05\/Capo04646.png\",\"width\":1080,\"height\":720},{\"@type\":\"WebPage\",\"@id\":\"https:\/\/curva1kart.com.ar\/noticias\/?p=123334#webpage\",\"url\":\"https:\/\/curva1kart.com.ar\/noticias\/?p=123334\",\"name\":\"Enorme trabajo de Bertolaccini en Valencia: largar\\u00e1 1\\u00b0 la pre final - Curva 1 KART\",\"isPartOf\":{\"@id\":\"https:\/\/curva1kart.com.ar\/noticias\/#website\"},\"primaryImageOfPage\":{\"@id\":\"https:\/\/curva1kart.com.ar\/noticias\/?p=123334#primaryimage\"},\"datePublished\":\"2026-05-02T00:03:09+00:00\",\"dateModified\":\"2026-05-02T00:03:09+00:00\",\"author\":{\"@id\":\"https:\/\/curva1kart.com.ar\/noticias\/#\/schema\/person\/710d14304c85d21660d185f262399043\"},\"inLanguage\":\"en-US\",\"potentialAction\":[{\"@type\":\"ReadAction\",\"target\":[\"https:\/\/curva1kart.com.ar\/noticias\/?p=123334\"]}]},{\"@type\":[\"Person\"],\"@id\":\"https:\/\/curva1kart.com.ar\/noticias\/#\/schema\/person\/710d14304c85d21660d185f262399043\",\"name\":\"Jos\\u00e9 Bravo\"}]}<\/script>\n<!-- \/ Yoast SEO Premium plugin. -->","_links":{"self":[{"href":"https:\/\/curva1kart.com.ar\/noticias\/index.php?rest_route=\/wp\/v2\/posts\/123334","targetHints":{"allow":["GET"]}}],"collection":[{"href":"https:\/\/curva1kart.com.ar\/noticias\/index.php?rest_route=\/wp\/v2\/posts"}],"about":[{"href":"https:\/\/curva1kart.com.ar\/noticias\/index.php?rest_route=\/wp\/v2\/types\/post"}],"author":[{"embeddable":true,"href":"https:\/\/curva1kart.com.ar\/noticias\/index.php?rest_route=\/wp\/v2\/users\/1"}],"replies":[{"embeddable":true,"href":"https:\/\/curva1kart.com.ar\/noticias\/index.php?rest_route=%2Fwp%2Fv2%2Fcomments&post=123334"}],"version-history":[{"count":2,"href":"https:\/\/curva1kart.com.ar\/noticias\/index.php?rest_route=\/wp\/v2\/posts\/123334\/revisions"}],"predecessor-version":[{"id":123337,"href":"https:\/\/curva1kart.com.ar\/noticias\/index.php?rest_route=\/wp\/v2\/posts\/123334\/revisions\/123337"}],"wp:featuredmedia":[{"embeddable":true,"href":"https:\/\/curva1kart.com.ar\/noticias\/index.php?rest_route=\/wp\/v2\/media\/123336"}],"wp:attachment":[{"href":"https:\/\/curva1kart.com.ar\/noticias\/index.php?rest_route=%2Fwp%2Fv2%2Fmedia&parent=123334"}],"wp:term":[{"taxonomy":"category","embeddable":true,"href":"https:\/\/curva1kart.com.ar\/noticias\/index.php?rest_route=%2Fwp%2Fv2%2Fcategories&post=123334"},{"taxonomy":"post_tag","embeddable":true,"href":"https:\/\/curva1kart.com.ar\/noticias\/index.php?rest_route=%2Fwp%2Fv2%2Ftags&post=123334"}],"curies":[{"name":"wp","href":"https:\/\/api.w.org\/{rel}","templated":true}]}}