{"id":123323,"date":"2026-04-29T22:44:10","date_gmt":"2026-04-30T01:44:10","guid":{"rendered":"https:\/\/curva1kart.com.ar\/noticias\/?p=123323"},"modified":"2026-04-29T22:44:10","modified_gmt":"2026-04-30T01:44:10","slug":"horarios-y-clima-para-el-regreso-de-rotax-que-llegara-con-198-pilotos-al-internacional-de-zarate","status":"publish","type":"post","link":"https:\/\/curva1kart.com.ar\/noticias\/?p=123323","title":{"rendered":"Horarios y clima para el regreso de Rotax que llegar\u00e1 con 198 pilotos al Internacional de Z\u00e1rate"},"content":{"rendered":"<p><img loading=\"lazy\" decoding=\"async\" class=\"aligncenter size-full wp-image-123327\" src=\"http:\/\/curva1kart.com.ar\/noticias\/wp-content\/uploads\/2026\/04\/C1K_6911.jpg\" alt=\"\" width=\"1280\" height=\"853\" srcset=\"http:\/\/curva1kart.com.ar\/noticias\/wp-content\/uploads\/2026\/04\/C1K_6911.jpg 1280w, http:\/\/curva1kart.com.ar\/noticias\/wp-content\/uploads\/2026\/04\/C1K_6911-1000x667.jpg 1000w, http:\/\/curva1kart.com.ar\/noticias\/wp-content\/uploads\/2026\/04\/C1K_6911-1024x682.jpg 1024w, http:\/\/curva1kart.com.ar\/noticias\/wp-content\/uploads\/2026\/04\/C1K_6911-768x512.jpg 768w\" sizes=\"auto, (max-width: 1280px) 100vw, 1280px\" \/><\/p>\n<p>Este fin de semana se realizar\u00e1 la fecha 4 del Trofeo de Verano del campeonato <strong>RMC Buenos Aires<\/strong>, que volver\u00e1 a transitar el circuito de <strong>Z\u00e1rate<\/strong> luego de 2 temporadas de ausencia.<\/p>\n<p>Se espera un buen clima para los d\u00edas de competencias en suelo zarate\u00f1o, donde se usar\u00e1 el circuito 1 anti horario (tradicional) para los <strong>198 inscriptos<\/strong> (con lista actualizada) que llegar\u00e1n desde Argentina, Chile, Paraguay y Uruguay.<\/p>\n<ul>\n<li><strong><span style=\"color: #ff0000;\">Cobertura de Curva 1 KART<\/span><\/strong><\/li>\n<\/ul>\n<h3>CLIMA<\/h3>\n<p><img loading=\"lazy\" decoding=\"async\" class=\"aligncenter size-full wp-image-123326\" src=\"http:\/\/curva1kart.com.ar\/noticias\/wp-content\/uploads\/2026\/04\/Captura-de-pantalla-2026-04-29-223340.png\" alt=\"\" width=\"723\" height=\"332\" \/><\/p>\n<h3>VIERNES<\/h3>\n<p><img loading=\"lazy\" decoding=\"async\" class=\"aligncenter size-full wp-image-123324\" src=\"http:\/\/curva1kart.com.ar\/noticias\/wp-content\/uploads\/2026\/04\/3-Crono-Viernes-E4-T.-Verano.-26-Zarate_page-0001-scaled.jpg\" alt=\"\" width=\"1203\" height=\"2560\" srcset=\"http:\/\/curva1kart.com.ar\/noticias\/wp-content\/uploads\/2026\/04\/3-Crono-Viernes-E4-T.-Verano.-26-Zarate_page-0001-scaled.jpg 1203w, http:\/\/curva1kart.com.ar\/noticias\/wp-content\/uploads\/2026\/04\/3-Crono-Viernes-E4-T.-Verano.-26-Zarate_page-0001-481x1024.jpg 481w, http:\/\/curva1kart.com.ar\/noticias\/wp-content\/uploads\/2026\/04\/3-Crono-Viernes-E4-T.-Verano.-26-Zarate_page-0001-768x1635.jpg 768w, http:\/\/curva1kart.com.ar\/noticias\/wp-content\/uploads\/2026\/04\/3-Crono-Viernes-E4-T.-Verano.-26-Zarate_page-0001-722x1536.jpg 722w, http:\/\/curva1kart.com.ar\/noticias\/wp-content\/uploads\/2026\/04\/3-Crono-Viernes-E4-T.-Verano.-26-Zarate_page-0001-962x2048.jpg 962w\" sizes=\"auto, (max-width: 1203px) 100vw, 1203px\" \/><img loading=\"lazy\" decoding=\"async\" class=\"aligncenter size-full wp-image-123328\" src=\"http:\/\/curva1kart.com.ar\/noticias\/wp-content\/uploads\/2026\/04\/colfdlage.jpg\" alt=\"\" width=\"1000\" height=\"1250\" srcset=\"http:\/\/curva1kart.com.ar\/noticias\/wp-content\/uploads\/2026\/04\/colfdlage.jpg 1000w, http:\/\/curva1kart.com.ar\/noticias\/wp-content\/uploads\/2026\/04\/colfdlage-819x1024.jpg 819w, http:\/\/curva1kart.com.ar\/noticias\/wp-content\/uploads\/2026\/04\/colfdlage-768x960.jpg 768w\" sizes=\"auto, (max-width: 1000px) 100vw, 1000px\" \/><\/p>\n<h3>CRONOGRAMA OFICIAL<\/h3>\n<p><img loading=\"lazy\" decoding=\"async\" class=\"aligncenter size-full wp-image-123325\" src=\"http:\/\/curva1kart.com.ar\/noticias\/wp-content\/uploads\/2026\/04\/4-Crono-SA-y-DO-E4-T.-Verano-2026-Zarate_page-0001-scaled.jpg\" alt=\"\" width=\"2048\" height=\"2560\" srcset=\"http:\/\/curva1kart.com.ar\/noticias\/wp-content\/uploads\/2026\/04\/4-Crono-SA-y-DO-E4-T.-Verano-2026-Zarate_page-0001-scaled.jpg 2048w, http:\/\/curva1kart.com.ar\/noticias\/wp-content\/uploads\/2026\/04\/4-Crono-SA-y-DO-E4-T.-Verano-2026-Zarate_page-0001-819x1024.jpg 819w, http:\/\/curva1kart.com.ar\/noticias\/wp-content\/uploads\/2026\/04\/4-Crono-SA-y-DO-E4-T.-Verano-2026-Zarate_page-0001-768x960.jpg 768w, http:\/\/curva1kart.com.ar\/noticias\/wp-content\/uploads\/2026\/04\/4-Crono-SA-y-DO-E4-T.-Verano-2026-Zarate_page-0001-1229x1536.jpg 1229w, http:\/\/curva1kart.com.ar\/noticias\/wp-content\/uploads\/2026\/04\/4-Crono-SA-y-DO-E4-T.-Verano-2026-Zarate_page-0001-1638x2048.jpg 1638w\" sizes=\"auto, (max-width: 2048px) 100vw, 2048px\" \/><\/p>\n","protected":false},"excerpt":{"rendered":"<p>Este fin de semana se realizar\u00e1 la fecha 4 del Trofeo de Verano del campeonato RMC Buenos Aires, que volver\u00e1 a transitar el circuito de Z\u00e1rate luego de 2 temporadas de ausencia. Se espera un buen clima para los d\u00edas de competencias en suelo zarate\u00f1o, donde se usar\u00e1 el circuito 1 anti horario (tradicional) para&#46;&#46;&#46;<\/p>\n","protected":false},"author":1,"featured_media":123327,"comment_status":"closed","ping_status":"closed","sticky":false,"template":"","format":"standard","meta":{"footnotes":""},"categories":[39],"tags":[],"class_list":["post-123323","post","type-post","status-publish","format-standard","has-post-thumbnail","hentry","category-rotax-buenos-aires"],"yoast_head":"<!-- This site is optimized with the Yoast SEO Premium plugin v14.7 - https:\/\/yoast.com\/wordpress\/plugins\/seo\/ -->\n<title>Horarios y clima para el regreso de Rotax que llegar\u00e1 con 198 pilotos al Internacional de Z\u00e1rate - Curva 1 KART<\/title>\n<meta name=\"robots\" content=\"index, follow\" \/>\n<meta name=\"googlebot\" content=\"index, follow, max-snippet:-1, max-image-preview:large, max-video-preview:-1\" \/>\n<meta name=\"bingbot\" content=\"index, follow, max-snippet:-1, max-image-preview:large, max-video-preview:-1\" \/>\n<link rel=\"canonical\" href=\"https:\/\/curva1kart.com.ar\/noticias\/?p=123323\" \/>\n<meta property=\"og:locale\" content=\"en_US\" \/>\n<meta property=\"og:type\" content=\"article\" \/>\n<meta property=\"og:title\" content=\"Horarios y clima para el regreso de Rotax que llegar\u00e1 con 198 pilotos al Internacional de Z\u00e1rate - Curva 1 KART\" \/>\n<meta property=\"og:description\" content=\"Este fin de semana se realizar\u00e1 la fecha 4 del Trofeo de Verano del campeonato RMC Buenos Aires, que volver\u00e1 a transitar el circuito de Z\u00e1rate luego de 2 temporadas de ausencia. Se espera un buen clima para los d\u00edas de competencias en suelo zarate\u00f1o, donde se usar\u00e1 el circuito 1 anti horario (tradicional) para&#046;&#046;&#046;\" \/>\n<meta property=\"og:url\" content=\"https:\/\/curva1kart.com.ar\/noticias\/?p=123323\" \/>\n<meta property=\"og:site_name\" content=\"Curva 1 KART\" \/>\n<meta property=\"article:publisher\" content=\"https:\/\/www.facebook.com\/curva1kart\/\" \/>\n<meta property=\"article:published_time\" content=\"2026-04-30T01:44:10+00:00\" \/>\n<meta property=\"og:image\" content=\"http:\/\/curva1kart.com.ar\/noticias\/wp-content\/uploads\/2026\/04\/C1K_6911.jpg\" \/>\n\t<meta property=\"og:image:width\" content=\"1280\" \/>\n\t<meta property=\"og:image:height\" content=\"853\" \/>\n<meta property=\"fb:app_id\" content=\"104995992409\" \/>\n<meta name=\"twitter:card\" content=\"summary_large_image\" \/>\n<meta name=\"twitter:creator\" content=\"@Curva1KART\" \/>\n<meta name=\"twitter:site\" content=\"@Curva1KART\" \/>\n<script type=\"application\/ld+json\" class=\"yoast-schema-graph\">{\"@context\":\"https:\/\/schema.org\",\"@graph\":[{\"@type\":\"WebSite\",\"@id\":\"https:\/\/curva1kart.com.ar\/noticias\/#website\",\"url\":\"https:\/\/curva1kart.com.ar\/noticias\/\",\"name\":\"Curva 1 KART\",\"description\":\"Karting Argentino, Sudamericano e Internacional\",\"potentialAction\":[{\"@type\":\"SearchAction\",\"target\":\"https:\/\/curva1kart.com.ar\/noticias\/?s={search_term_string}\",\"query-input\":\"required name=search_term_string\"}],\"inLanguage\":\"en-US\"},{\"@type\":\"ImageObject\",\"@id\":\"https:\/\/curva1kart.com.ar\/noticias\/?p=123323#primaryimage\",\"inLanguage\":\"en-US\",\"url\":\"http:\/\/curva1kart.com.ar\/noticias\/wp-content\/uploads\/2026\/04\/C1K_6911.jpg\",\"width\":1280,\"height\":853},{\"@type\":\"WebPage\",\"@id\":\"https:\/\/curva1kart.com.ar\/noticias\/?p=123323#webpage\",\"url\":\"https:\/\/curva1kart.com.ar\/noticias\/?p=123323\",\"name\":\"Horarios y clima para el regreso de Rotax que llegar\\u00e1 con 198 pilotos al Internacional de Z\\u00e1rate - Curva 1 KART\",\"isPartOf\":{\"@id\":\"https:\/\/curva1kart.com.ar\/noticias\/#website\"},\"primaryImageOfPage\":{\"@id\":\"https:\/\/curva1kart.com.ar\/noticias\/?p=123323#primaryimage\"},\"datePublished\":\"2026-04-30T01:44:10+00:00\",\"dateModified\":\"2026-04-30T01:44:10+00:00\",\"author\":{\"@id\":\"https:\/\/curva1kart.com.ar\/noticias\/#\/schema\/person\/710d14304c85d21660d185f262399043\"},\"inLanguage\":\"en-US\",\"potentialAction\":[{\"@type\":\"ReadAction\",\"target\":[\"https:\/\/curva1kart.com.ar\/noticias\/?p=123323\"]}]},{\"@type\":[\"Person\"],\"@id\":\"https:\/\/curva1kart.com.ar\/noticias\/#\/schema\/person\/710d14304c85d21660d185f262399043\",\"name\":\"Jos\\u00e9 Bravo\"}]}<\/script>\n<!-- \/ Yoast SEO Premium plugin. -->","_links":{"self":[{"href":"https:\/\/curva1kart.com.ar\/noticias\/index.php?rest_route=\/wp\/v2\/posts\/123323","targetHints":{"allow":["GET"]}}],"collection":[{"href":"https:\/\/curva1kart.com.ar\/noticias\/index.php?rest_route=\/wp\/v2\/posts"}],"about":[{"href":"https:\/\/curva1kart.com.ar\/noticias\/index.php?rest_route=\/wp\/v2\/types\/post"}],"author":[{"embeddable":true,"href":"https:\/\/curva1kart.com.ar\/noticias\/index.php?rest_route=\/wp\/v2\/users\/1"}],"replies":[{"embeddable":true,"href":"https:\/\/curva1kart.com.ar\/noticias\/index.php?rest_route=%2Fwp%2Fv2%2Fcomments&post=123323"}],"version-history":[{"count":1,"href":"https:\/\/curva1kart.com.ar\/noticias\/index.php?rest_route=\/wp\/v2\/posts\/123323\/revisions"}],"predecessor-version":[{"id":123329,"href":"https:\/\/curva1kart.com.ar\/noticias\/index.php?rest_route=\/wp\/v2\/posts\/123323\/revisions\/123329"}],"wp:featuredmedia":[{"embeddable":true,"href":"https:\/\/curva1kart.com.ar\/noticias\/index.php?rest_route=\/wp\/v2\/media\/123327"}],"wp:attachment":[{"href":"https:\/\/curva1kart.com.ar\/noticias\/index.php?rest_route=%2Fwp%2Fv2%2Fmedia&parent=123323"}],"wp:term":[{"taxonomy":"category","embeddable":true,"href":"https:\/\/curva1kart.com.ar\/noticias\/index.php?rest_route=%2Fwp%2Fv2%2Fcategories&post=123323"},{"taxonomy":"post_tag","embeddable":true,"href":"https:\/\/curva1kart.com.ar\/noticias\/index.php?rest_route=%2Fwp%2Fv2%2Ftags&post=123323"}],"curies":[{"name":"wp","href":"https:\/\/api.w.org\/{rel}","templated":true}]}}