{"id":123308,"date":"2026-04-28T12:05:52","date_gmt":"2026-04-28T15:05:52","guid":{"rendered":"https:\/\/curva1kart.com.ar\/noticias\/?p=123308"},"modified":"2026-04-28T16:10:08","modified_gmt":"2026-04-28T19:10:08","slug":"santa-fe-excelente-cierre-para-una-fecha-historica-del-karting-provincial-santafesino","status":"publish","type":"post","link":"https:\/\/curva1kart.com.ar\/noticias\/?p=123308","title":{"rendered":"SANTA FE. Excelente cierre para una fecha hist\u00f3rica del Karting Provincial Santafesino"},"content":{"rendered":"<p><img loading=\"lazy\" decoding=\"async\" class=\"aligncenter size-full wp-image-123309\" src=\"http:\/\/curva1kart.com.ar\/noticias\/wp-content\/uploads\/2026\/04\/karting.jpg\" alt=\"\" width=\"1392\" height=\"928\" srcset=\"http:\/\/curva1kart.com.ar\/noticias\/wp-content\/uploads\/2026\/04\/karting.jpg 1392w, http:\/\/curva1kart.com.ar\/noticias\/wp-content\/uploads\/2026\/04\/karting-1000x667.jpg 1000w, http:\/\/curva1kart.com.ar\/noticias\/wp-content\/uploads\/2026\/04\/karting-1024x683.jpg 1024w, http:\/\/curva1kart.com.ar\/noticias\/wp-content\/uploads\/2026\/04\/karting-768x512.jpg 768w\" sizes=\"auto, (max-width: 1392px) 100vw, 1392px\" \/><\/p>\n<p>Luego de la intensa lluvia ca\u00edda durante la noche sobre el kart\u00f3dromo \u201cBeatriz de Colcerniani\u201d de Santa Fe, la jornada del domingo amaneci\u00f3 con un cielo completamente despejado y un sol radiante, aunque con una pista que se present\u00f3 muy h\u00fameda en las primeras horas.<\/p>\n<p>Con el correr de la actividad y el desarrollo de las series, el trazado fue sec\u00e1ndose progresivamente, permitiendo que los pilotos encontraran el mejor rendimiento en cada salida a pista.<\/p>\n<p>En horas de la ma\u00f1ana se disputaron las series, donde los triunfos quedaron en manos de Felipe\u00a0Martegani\u00a0en Escuela 110\u00a0cc, M\u00e1ximo Montiel en Juveniles A, Facundo \u00c1lvarez en 150\u00a0cc\u00a0Mejorada, Juan Pablo Camejo en M\u00e1ster Mejorada, Emiliano B\u00e1lsamo en 125\u00a0cc\u00a0Internacional y Exequiel\u00a0Ronchetti\u00a0en 150\u00a0cc\u00a0Mayores.<\/p>\n<p>Pasado el mediod\u00eda se llevaron a cabo las finales, que terminaron de definir a los grandes protagonistas de este primer cap\u00edtulo del campeonato. Los vencedores fueron Felipe\u00a0Martegani\u00a0en Escuela 110\u00a0cc, M\u00e1ximo Montiel en Juveniles A, Facundo \u00c1lvarez en 150\u00a0cc\u00a0Mejorada, Facundo\u00a0Robolo\u00a0en 150\u00a0cc\u00a0Mayores, Juan Pablo Camejo en M\u00e1ster Mejorada y nuevamente Facundo\u00a0Robolo\u00a0en 125\u00a0cc\u00a0Internacional.<\/p>\n<p>La jornada concluy\u00f3 con las ceremonias de premiaci\u00f3n, que le pusieron el broche de oro a un fin de semana que quedar\u00e1 grabado en los inicios del Karting Provincial Santafesino. Un evento que marca el nacimiento de una categor\u00eda con una fuerte impronta organizativa y con el objetivo de posicionarse y promover pilotos de gran jerarqu\u00eda dentro del automovilismo.<\/p>\n<p>La pr\u00f3xima fecha se disputar\u00e1 los d\u00edas 23 y 24 de mayo en este mismo circuito, pero en sentido inverso, lo que representar\u00e1 un nuevo desaf\u00edo para todos los protagonistas.<\/p>\n<p>Resultados oficiales<br \/>\nClasificaci\u00f3n \u2013 Series<br \/>\nEscuela 110:\u00a01. Felipe\u00a0Martegani\u00a039.587, 2. Valent\u00edn B\u00e1lsamo 40.012 (+0.425) y 3. Guido\u00a0Salvetti\u00a040.494 (+0.907).<\/p>\n<p>Juveniles A:\u00a01. M\u00e1ximo Montiel 37.825, 2. Ignacio Ringa 37.930 (+0.105), 3. Valent\u00edn M\u00e1rquez Neil 38.669 (+0.844) y 4. Delfina Martegani 38.827 (+1.002) (Auto N\u00b0 31 recargado con 5 segundos por falsa largada).<\/p>\n<p>150 cc Mejorada:\u00a01. Facundo \u00c1lvarez 37.225, 2. Ignacio Muller 37.589 (+0.364), 3. Bautista Milevcic 37.898 (+0.673) y 4. Fabi\u00e1n Bressan 38.016 (+0.791).<\/p>\n<p>M\u00e1ster 150 Mejorada:\u00a01. Juan Pablo Camejo 38.463, 2. Lucas Garc\u00eda 38.940 (+0.477) y 3. Leonardo Visconti 39.150 (+0.687).<\/p>\n<p>150 cc Mayores:\u00a01. Facundo Robolo 38.109, 2. Exequiel Ronchetti 38.316 (+0.207), 3. Emiliano B\u00e1lsamo 38.350 (+0.241), 4. Ezequiel Curris 39.105 (+0.996), 5. Santiago Robolo 39.200 (+1.091) y 6. Tom\u00e1s Barovero 40.628 (+2.519).<\/p>\n<p>125 cc Internacional:\u00a01. Emiliano B\u00e1lsamo 35.339, 2. Facundo Robolo 35.522 (+0.183), 3. Daniel Salvetti 36.109 (+0.770) y 4. Bautista Milevcic 36.620 (+1.281).<\/p>\n<p>Finales<br \/>\nEscuela 110:\u00a01. Felipe Martegani 8:06.350, 2. Valent\u00edn B\u00e1lsamo +0.854 y 3. Guido Salvetti +12.299.<\/p>\n<p>Juveniles A:\u00a01. M\u00e1ximo Montiel 7:40.341, 2. Ignacio Ringa +2.212, 3. Valent\u00edn M\u00e1rquez Neil +11.804 y 4. Delfina Martegani +0.233.<\/p>\n<p>150 cc Mejorada:\u00a01. Facundo \u00c1lvarez 7:35.644, 2. Ignacio Muller +1.331, 3. Fabi\u00e1n Bressan +7.806 y 4. Bautista Milevcic +3.562.<\/p>\n<p>M\u00e1ster 150 Mejorada:\u00a01. Juan Pablo Camejo 7:53.408, 2. Leonardo Visconti +4.630 y 3. Lucas Garc\u00eda +6.405.<\/p>\n<p>150 cc Mayores:\u00a01. Facundo Robolo 3:55.630, 2. Santiago Robolo +6.712, 3. Ezequiel Curris +0.445, 4. Tom\u00e1s Barovero +14.474. Excluido: Exequiel Ronchetti (t\u00e9cnica).<\/p>\n<p>125 cc Internacional:\u00a01. Facundo Robolo 6:00.378, 2. Daniel Salvetti +3.739, 3. Bautista Milevcic +0.328 y 4. Emiliano B\u00e1lsamo +6.418.<\/p>\n<p><em>Fuente y redacci\u00f3n: Luis \u201cPolaco\u201d Nickus \/Diario Castellanos<\/em><\/p>\n","protected":false},"excerpt":{"rendered":"<p>Luego de la intensa lluvia ca\u00edda durante la noche sobre el kart\u00f3dromo \u201cBeatriz de Colcerniani\u201d de Santa Fe, la jornada del domingo amaneci\u00f3 con un cielo completamente despejado y un sol radiante, aunque con una pista que se present\u00f3 muy h\u00fameda en las primeras horas. Con el correr de la actividad y el desarrollo de&#46;&#46;&#46;<\/p>\n","protected":false},"author":1,"featured_media":123309,"comment_status":"closed","ping_status":"closed","sticky":false,"template":"","format":"standard","meta":{"footnotes":""},"categories":[9],"tags":[],"class_list":["post-123308","post","type-post","status-publish","format-standard","has-post-thumbnail","hentry","category-argentina"],"yoast_head":"<!-- This site is optimized with the Yoast SEO Premium plugin v14.7 - https:\/\/yoast.com\/wordpress\/plugins\/seo\/ -->\n<title>SANTA FE. Excelente cierre para una fecha hist\u00f3rica del Karting Provincial Santafesino - Curva 1 KART<\/title>\n<meta name=\"robots\" content=\"index, follow\" \/>\n<meta name=\"googlebot\" content=\"index, follow, max-snippet:-1, max-image-preview:large, max-video-preview:-1\" \/>\n<meta name=\"bingbot\" content=\"index, follow, max-snippet:-1, max-image-preview:large, max-video-preview:-1\" \/>\n<link rel=\"canonical\" href=\"https:\/\/curva1kart.com.ar\/noticias\/?p=123308\" \/>\n<meta property=\"og:locale\" content=\"en_US\" \/>\n<meta property=\"og:type\" content=\"article\" \/>\n<meta property=\"og:title\" content=\"SANTA FE. Excelente cierre para una fecha hist\u00f3rica del Karting Provincial Santafesino - Curva 1 KART\" \/>\n<meta property=\"og:description\" content=\"Luego de la intensa lluvia ca\u00edda durante la noche sobre el kart\u00f3dromo \u201cBeatriz de Colcerniani\u201d de Santa Fe, la jornada del domingo amaneci\u00f3 con un cielo completamente despejado y un sol radiante, aunque con una pista que se present\u00f3 muy h\u00fameda en las primeras horas. Con el correr de la actividad y el desarrollo de&#046;&#046;&#046;\" \/>\n<meta property=\"og:url\" content=\"https:\/\/curva1kart.com.ar\/noticias\/?p=123308\" \/>\n<meta property=\"og:site_name\" content=\"Curva 1 KART\" \/>\n<meta property=\"article:publisher\" content=\"https:\/\/www.facebook.com\/curva1kart\/\" \/>\n<meta property=\"article:published_time\" content=\"2026-04-28T15:05:52+00:00\" \/>\n<meta property=\"article:modified_time\" content=\"2026-04-28T19:10:08+00:00\" \/>\n<meta property=\"og:image\" content=\"http:\/\/curva1kart.com.ar\/noticias\/wp-content\/uploads\/2026\/04\/karting.jpg\" \/>\n\t<meta property=\"og:image:width\" content=\"1392\" \/>\n\t<meta property=\"og:image:height\" content=\"928\" \/>\n<meta property=\"fb:app_id\" content=\"104995992409\" \/>\n<meta name=\"twitter:card\" content=\"summary_large_image\" \/>\n<meta name=\"twitter:creator\" content=\"@Curva1KART\" \/>\n<meta name=\"twitter:site\" content=\"@Curva1KART\" \/>\n<script type=\"application\/ld+json\" class=\"yoast-schema-graph\">{\"@context\":\"https:\/\/schema.org\",\"@graph\":[{\"@type\":\"WebSite\",\"@id\":\"https:\/\/curva1kart.com.ar\/noticias\/#website\",\"url\":\"https:\/\/curva1kart.com.ar\/noticias\/\",\"name\":\"Curva 1 KART\",\"description\":\"Karting Argentino, Sudamericano e Internacional\",\"potentialAction\":[{\"@type\":\"SearchAction\",\"target\":\"https:\/\/curva1kart.com.ar\/noticias\/?s={search_term_string}\",\"query-input\":\"required name=search_term_string\"}],\"inLanguage\":\"en-US\"},{\"@type\":\"ImageObject\",\"@id\":\"https:\/\/curva1kart.com.ar\/noticias\/?p=123308#primaryimage\",\"inLanguage\":\"en-US\",\"url\":\"http:\/\/curva1kart.com.ar\/noticias\/wp-content\/uploads\/2026\/04\/karting.jpg\",\"width\":1392,\"height\":928},{\"@type\":\"WebPage\",\"@id\":\"https:\/\/curva1kart.com.ar\/noticias\/?p=123308#webpage\",\"url\":\"https:\/\/curva1kart.com.ar\/noticias\/?p=123308\",\"name\":\"SANTA FE. Excelente cierre para una fecha hist\\u00f3rica del Karting Provincial Santafesino - Curva 1 KART\",\"isPartOf\":{\"@id\":\"https:\/\/curva1kart.com.ar\/noticias\/#website\"},\"primaryImageOfPage\":{\"@id\":\"https:\/\/curva1kart.com.ar\/noticias\/?p=123308#primaryimage\"},\"datePublished\":\"2026-04-28T15:05:52+00:00\",\"dateModified\":\"2026-04-28T19:10:08+00:00\",\"author\":{\"@id\":\"https:\/\/curva1kart.com.ar\/noticias\/#\/schema\/person\/710d14304c85d21660d185f262399043\"},\"inLanguage\":\"en-US\",\"potentialAction\":[{\"@type\":\"ReadAction\",\"target\":[\"https:\/\/curva1kart.com.ar\/noticias\/?p=123308\"]}]},{\"@type\":[\"Person\"],\"@id\":\"https:\/\/curva1kart.com.ar\/noticias\/#\/schema\/person\/710d14304c85d21660d185f262399043\",\"name\":\"Jos\\u00e9 Bravo\"}]}<\/script>\n<!-- \/ Yoast SEO Premium plugin. -->","_links":{"self":[{"href":"https:\/\/curva1kart.com.ar\/noticias\/index.php?rest_route=\/wp\/v2\/posts\/123308","targetHints":{"allow":["GET"]}}],"collection":[{"href":"https:\/\/curva1kart.com.ar\/noticias\/index.php?rest_route=\/wp\/v2\/posts"}],"about":[{"href":"https:\/\/curva1kart.com.ar\/noticias\/index.php?rest_route=\/wp\/v2\/types\/post"}],"author":[{"embeddable":true,"href":"https:\/\/curva1kart.com.ar\/noticias\/index.php?rest_route=\/wp\/v2\/users\/1"}],"replies":[{"embeddable":true,"href":"https:\/\/curva1kart.com.ar\/noticias\/index.php?rest_route=%2Fwp%2Fv2%2Fcomments&post=123308"}],"version-history":[{"count":2,"href":"https:\/\/curva1kart.com.ar\/noticias\/index.php?rest_route=\/wp\/v2\/posts\/123308\/revisions"}],"predecessor-version":[{"id":123311,"href":"https:\/\/curva1kart.com.ar\/noticias\/index.php?rest_route=\/wp\/v2\/posts\/123308\/revisions\/123311"}],"wp:featuredmedia":[{"embeddable":true,"href":"https:\/\/curva1kart.com.ar\/noticias\/index.php?rest_route=\/wp\/v2\/media\/123309"}],"wp:attachment":[{"href":"https:\/\/curva1kart.com.ar\/noticias\/index.php?rest_route=%2Fwp%2Fv2%2Fmedia&parent=123308"}],"wp:term":[{"taxonomy":"category","embeddable":true,"href":"https:\/\/curva1kart.com.ar\/noticias\/index.php?rest_route=%2Fwp%2Fv2%2Fcategories&post=123308"},{"taxonomy":"post_tag","embeddable":true,"href":"https:\/\/curva1kart.com.ar\/noticias\/index.php?rest_route=%2Fwp%2Fv2%2Ftags&post=123308"}],"curies":[{"name":"wp","href":"https:\/\/api.w.org\/{rel}","templated":true}]}}