{"id":123280,"date":"2026-04-28T15:31:33","date_gmt":"2026-04-28T18:31:33","guid":{"rendered":"https:\/\/curva1kart.com.ar\/noticias\/?p=123280"},"modified":"2026-04-28T15:31:33","modified_gmt":"2026-04-28T18:31:33","slug":"argentino-tiene-su-calendario-casi-listo-para-comenzar-el-2026","status":"publish","type":"post","link":"https:\/\/curva1kart.com.ar\/noticias\/?p=123280","title":{"rendered":"Argentino tiene su calendario &#8220;casi&#8221; listo para comenzar el 2026"},"content":{"rendered":"<p><img loading=\"lazy\" decoding=\"async\" class=\"aligncenter size-full wp-image-123300\" src=\"http:\/\/curva1kart.com.ar\/noticias\/wp-content\/uploads\/2026\/04\/C1K_2749.jpg\" alt=\"\" width=\"1000\" height=\"667\" srcset=\"http:\/\/curva1kart.com.ar\/noticias\/wp-content\/uploads\/2026\/04\/C1K_2749.jpg 1000w, http:\/\/curva1kart.com.ar\/noticias\/wp-content\/uploads\/2026\/04\/C1K_2749-768x512.jpg 768w\" sizes=\"auto, (max-width: 1000px) 100vw, 1000px\" \/><\/p>\n<p>Cada vez falta menos para el inicio del <strong>Campeonato Argentino de Kart<\/strong> y continuamos con m\u00e1s noticias, con m\u00e1s adelantos importantes para los interesados en el certamen por excelencia de nuestro pa\u00eds.<\/p>\n<p><strong>CDA Karting<\/strong> anunci\u00f3 hace d\u00edas que la fecha apertura ser\u00e1 el <strong>19, 20 y 21 de junio en R\u00edo Cuarto<\/strong> y ahoro podemos decir que cita coronaci\u00f3n ser\u00e1 en el <strong>Kart\u00f3dromo de Buenos Aires<\/strong> el fin de semana del <strong>6 de diciembre<\/strong>. Esto nos lo coment\u00f3 Sebasti\u00e1n Stefani, a cargo de BS Proyect el nuevo organizador del certamen.<\/p>\n<p><strong>&#8220;La segunda fecha del mes de agosto todav\u00eda no tiene escenario confirmado&#8221;<\/strong> explic\u00f3 Stefani, aunque desde Curva 1 KART podemos decir que est\u00e1n muy avanzado para que sea en San Mart\u00edn (Mendoza), pero est\u00e1 sujeto a confirmaci\u00f3n oficial (o no).<\/p>\n<h3>ACTIVIDAD EN PISTA<\/h3>\n<p>Si bien no hay cronograma oficial, en 2026 ser\u00edan 3 los dias de actividad oficial: viernes de entrenamientos, s\u00e1bado y domingo de carreras.<\/p>\n<p>Se analiza si vedar o no los circuitos en la &#8220;semana de carrera&#8221;, ya que vedarlos quiz\u00e1s da m\u00e1s paridad, pero tambi\u00e9n aumenta los costos para pilotos lejanos al trazado que tengan que hacer doble viaje (una vez para probar y otra para correr).<\/p>\n<h3>CATEGOR\u00cdAS<\/h3>\n<p>El\u00a0 Argentino de Kart 2026 tendr\u00e1 las divisionales Mini (ahora con chasis libre homologado), Cadete, OKN Junior, OKN y la vuelta de MY10 Senior.<\/p>\n<p><img loading=\"lazy\" decoding=\"async\" class=\"aligncenter size-full wp-image-123301\" src=\"http:\/\/curva1kart.com.ar\/noticias\/wp-content\/uploads\/2026\/04\/collaarrrhh.jpg\" alt=\"\" width=\"1000\" height=\"1250\" srcset=\"http:\/\/curva1kart.com.ar\/noticias\/wp-content\/uploads\/2026\/04\/collaarrrhh.jpg 1000w, http:\/\/curva1kart.com.ar\/noticias\/wp-content\/uploads\/2026\/04\/collaarrrhh-819x1024.jpg 819w, http:\/\/curva1kart.com.ar\/noticias\/wp-content\/uploads\/2026\/04\/collaarrrhh-768x960.jpg 768w\" sizes=\"auto, (max-width: 1000px) 100vw, 1000px\" \/><\/p>\n","protected":false},"excerpt":{"rendered":"<p>Cada vez falta menos para el inicio del Campeonato Argentino de Kart y continuamos con m\u00e1s noticias, con m\u00e1s adelantos importantes para los interesados en el certamen por excelencia de nuestro pa\u00eds. CDA Karting anunci\u00f3 hace d\u00edas que la fecha apertura ser\u00e1 el 19, 20 y 21 de junio en R\u00edo Cuarto y ahoro podemos&#46;&#46;&#46;<\/p>\n","protected":false},"author":1,"featured_media":123300,"comment_status":"closed","ping_status":"closed","sticky":false,"template":"","format":"standard","meta":{"footnotes":""},"categories":[20],"tags":[],"class_list":["post-123280","post","type-post","status-publish","format-standard","has-post-thumbnail","hentry","category-argentino"],"yoast_head":"<!-- This site is optimized with the Yoast SEO Premium plugin v14.7 - https:\/\/yoast.com\/wordpress\/plugins\/seo\/ -->\n<title>Argentino tiene su calendario &quot;casi&quot; listo para comenzar el 2026 - Curva 1 KART<\/title>\n<meta name=\"robots\" content=\"index, follow\" \/>\n<meta name=\"googlebot\" content=\"index, follow, max-snippet:-1, max-image-preview:large, max-video-preview:-1\" \/>\n<meta name=\"bingbot\" content=\"index, follow, max-snippet:-1, max-image-preview:large, max-video-preview:-1\" \/>\n<link rel=\"canonical\" href=\"https:\/\/curva1kart.com.ar\/noticias\/?p=123280\" \/>\n<meta property=\"og:locale\" content=\"en_US\" \/>\n<meta property=\"og:type\" content=\"article\" \/>\n<meta property=\"og:title\" content=\"Argentino tiene su calendario &quot;casi&quot; listo para comenzar el 2026 - Curva 1 KART\" \/>\n<meta property=\"og:description\" content=\"Cada vez falta menos para el inicio del Campeonato Argentino de Kart y continuamos con m\u00e1s noticias, con m\u00e1s adelantos importantes para los interesados en el certamen por excelencia de nuestro pa\u00eds. CDA Karting anunci\u00f3 hace d\u00edas que la fecha apertura ser\u00e1 el 19, 20 y 21 de junio en R\u00edo Cuarto y ahoro podemos&#046;&#046;&#046;\" \/>\n<meta property=\"og:url\" content=\"https:\/\/curva1kart.com.ar\/noticias\/?p=123280\" \/>\n<meta property=\"og:site_name\" content=\"Curva 1 KART\" \/>\n<meta property=\"article:publisher\" content=\"https:\/\/www.facebook.com\/curva1kart\/\" \/>\n<meta property=\"article:published_time\" content=\"2026-04-28T18:31:33+00:00\" \/>\n<meta property=\"og:image\" content=\"http:\/\/curva1kart.com.ar\/noticias\/wp-content\/uploads\/2026\/04\/C1K_2749.jpg\" \/>\n\t<meta property=\"og:image:width\" content=\"1000\" \/>\n\t<meta property=\"og:image:height\" content=\"667\" \/>\n<meta property=\"fb:app_id\" content=\"104995992409\" \/>\n<meta name=\"twitter:card\" content=\"summary_large_image\" \/>\n<meta name=\"twitter:creator\" content=\"@Curva1KART\" \/>\n<meta name=\"twitter:site\" content=\"@Curva1KART\" \/>\n<script type=\"application\/ld+json\" class=\"yoast-schema-graph\">{\"@context\":\"https:\/\/schema.org\",\"@graph\":[{\"@type\":\"WebSite\",\"@id\":\"https:\/\/curva1kart.com.ar\/noticias\/#website\",\"url\":\"https:\/\/curva1kart.com.ar\/noticias\/\",\"name\":\"Curva 1 KART\",\"description\":\"Karting Argentino, Sudamericano e Internacional\",\"potentialAction\":[{\"@type\":\"SearchAction\",\"target\":\"https:\/\/curva1kart.com.ar\/noticias\/?s={search_term_string}\",\"query-input\":\"required name=search_term_string\"}],\"inLanguage\":\"en-US\"},{\"@type\":\"ImageObject\",\"@id\":\"https:\/\/curva1kart.com.ar\/noticias\/?p=123280#primaryimage\",\"inLanguage\":\"en-US\",\"url\":\"http:\/\/curva1kart.com.ar\/noticias\/wp-content\/uploads\/2026\/04\/C1K_2749.jpg\",\"width\":1000,\"height\":667},{\"@type\":\"WebPage\",\"@id\":\"https:\/\/curva1kart.com.ar\/noticias\/?p=123280#webpage\",\"url\":\"https:\/\/curva1kart.com.ar\/noticias\/?p=123280\",\"name\":\"Argentino tiene su calendario \\\"casi\\\" listo para comenzar el 2026 - Curva 1 KART\",\"isPartOf\":{\"@id\":\"https:\/\/curva1kart.com.ar\/noticias\/#website\"},\"primaryImageOfPage\":{\"@id\":\"https:\/\/curva1kart.com.ar\/noticias\/?p=123280#primaryimage\"},\"datePublished\":\"2026-04-28T18:31:33+00:00\",\"dateModified\":\"2026-04-28T18:31:33+00:00\",\"author\":{\"@id\":\"https:\/\/curva1kart.com.ar\/noticias\/#\/schema\/person\/710d14304c85d21660d185f262399043\"},\"inLanguage\":\"en-US\",\"potentialAction\":[{\"@type\":\"ReadAction\",\"target\":[\"https:\/\/curva1kart.com.ar\/noticias\/?p=123280\"]}]},{\"@type\":[\"Person\"],\"@id\":\"https:\/\/curva1kart.com.ar\/noticias\/#\/schema\/person\/710d14304c85d21660d185f262399043\",\"name\":\"Jos\\u00e9 Bravo\"}]}<\/script>\n<!-- \/ Yoast SEO Premium plugin. -->","_links":{"self":[{"href":"https:\/\/curva1kart.com.ar\/noticias\/index.php?rest_route=\/wp\/v2\/posts\/123280","targetHints":{"allow":["GET"]}}],"collection":[{"href":"https:\/\/curva1kart.com.ar\/noticias\/index.php?rest_route=\/wp\/v2\/posts"}],"about":[{"href":"https:\/\/curva1kart.com.ar\/noticias\/index.php?rest_route=\/wp\/v2\/types\/post"}],"author":[{"embeddable":true,"href":"https:\/\/curva1kart.com.ar\/noticias\/index.php?rest_route=\/wp\/v2\/users\/1"}],"replies":[{"embeddable":true,"href":"https:\/\/curva1kart.com.ar\/noticias\/index.php?rest_route=%2Fwp%2Fv2%2Fcomments&post=123280"}],"version-history":[{"count":1,"href":"https:\/\/curva1kart.com.ar\/noticias\/index.php?rest_route=\/wp\/v2\/posts\/123280\/revisions"}],"predecessor-version":[{"id":123302,"href":"https:\/\/curva1kart.com.ar\/noticias\/index.php?rest_route=\/wp\/v2\/posts\/123280\/revisions\/123302"}],"wp:featuredmedia":[{"embeddable":true,"href":"https:\/\/curva1kart.com.ar\/noticias\/index.php?rest_route=\/wp\/v2\/media\/123300"}],"wp:attachment":[{"href":"https:\/\/curva1kart.com.ar\/noticias\/index.php?rest_route=%2Fwp%2Fv2%2Fmedia&parent=123280"}],"wp:term":[{"taxonomy":"category","embeddable":true,"href":"https:\/\/curva1kart.com.ar\/noticias\/index.php?rest_route=%2Fwp%2Fv2%2Fcategories&post=123280"},{"taxonomy":"post_tag","embeddable":true,"href":"https:\/\/curva1kart.com.ar\/noticias\/index.php?rest_route=%2Fwp%2Fv2%2Ftags&post=123280"}],"curies":[{"name":"wp","href":"https:\/\/api.w.org\/{rel}","templated":true}]}}