{"id":123271,"date":"2026-04-28T12:47:13","date_gmt":"2026-04-28T15:47:13","guid":{"rendered":"https:\/\/curva1kart.com.ar\/noticias\/?p=123271"},"modified":"2026-04-28T12:47:13","modified_gmt":"2026-04-28T15:47:13","slug":"martin-saa-con-4-4-en-carreras-finales-disputadas-este-ano-en-italia","status":"publish","type":"post","link":"https:\/\/curva1kart.com.ar\/noticias\/?p=123271","title":{"rendered":"Mart\u00edn Saa con 4\/4 en carreras finales disputadas este a\u00f1o en Italia"},"content":{"rendered":"<p><img loading=\"lazy\" decoding=\"async\" class=\"aligncenter size-full wp-image-123272\" src=\"http:\/\/curva1kart.com.ar\/noticias\/wp-content\/uploads\/2026\/04\/DSC_75dasf38-scaled.jpg\" alt=\"\" width=\"2560\" height=\"1707\" srcset=\"http:\/\/curva1kart.com.ar\/noticias\/wp-content\/uploads\/2026\/04\/DSC_75dasf38-scaled.jpg 2560w, http:\/\/curva1kart.com.ar\/noticias\/wp-content\/uploads\/2026\/04\/DSC_75dasf38-1000x667.jpg 1000w, http:\/\/curva1kart.com.ar\/noticias\/wp-content\/uploads\/2026\/04\/DSC_75dasf38-1024x683.jpg 1024w, http:\/\/curva1kart.com.ar\/noticias\/wp-content\/uploads\/2026\/04\/DSC_75dasf38-768x512.jpg 768w, http:\/\/curva1kart.com.ar\/noticias\/wp-content\/uploads\/2026\/04\/DSC_75dasf38-1536x1024.jpg 1536w, http:\/\/curva1kart.com.ar\/noticias\/wp-content\/uploads\/2026\/04\/DSC_75dasf38-2048x1365.jpg 2048w\" sizes=\"auto, (max-width: 2560px) 100vw, 2560px\" \/><\/p>\n<p>El piloto argentino <strong>Mart\u00edn Saa<\/strong> contin\u00faa firme con su calendario europeo y este fin de semana volvi\u00f3 a ingresar a una competencia final. fue por el round apertura del<strong> Campionato Italiano ACI Karting<\/strong> en <strong>Lonato<\/strong>.<\/p>\n<p>&#8220;Rayito&#8221; comenz\u00f3 a fecha 1 del Italiano clasificando en el puesto 55 entre 101 piloto de la <strong>OKN<\/strong>, pero su trabajo en las mangas y pre final lo permitieron ingresar a su cuarta final del a\u00f1o, de las 4 disputadas esta temporada, algo que no es poco.<\/p>\n<p><strong>&#8220;Podriamos haber estado mejor, pero algunos recargos en las mangas nos retrasaron&#8221;<\/strong> coment\u00f3 Saa en la previa de la final OKN, donde larg\u00f3 desde el puesto 32\u00b0 y, con varios cambios de posiciones, termin\u00f3 en la misma posici\u00f3n.<\/p>\n<p>El bonaerense ha conseguido ingresar a las 2 finales de <strong>WSK Euro Series<\/strong>, del <strong>Trofeo Andrea Margutti<\/strong> y ahora del <strong>Italiano<\/strong>. Algo que no es poco, en su primera temporada completa en Europa y dentro de la dificil OKN, adem\u00e1s obvio, de estar lejos de casa y adaptarse a una nueva vida aunque sea por varias semanas.<\/p>\n<p>Saa tendr\u00e1 su tercera carrera consecutiva este fin de semana en Franciacorta, por el round 3 de <strong>Rok Cup Italy,<\/strong> donde el objetivo es cumplir con el m\u00ednimo de carreras que exige el reglamento para poder ser parte en octubre de la <strong>Rok Cup Superfinal.<\/strong><\/p>\n<p><img loading=\"lazy\" decoding=\"async\" class=\"aligncenter size-full wp-image-123273\" src=\"http:\/\/curva1kart.com.ar\/noticias\/wp-content\/uploads\/2026\/04\/DSC_1700-scaled.jpg\" alt=\"\" width=\"2048\" height=\"2560\" srcset=\"http:\/\/curva1kart.com.ar\/noticias\/wp-content\/uploads\/2026\/04\/DSC_1700-scaled.jpg 2048w, http:\/\/curva1kart.com.ar\/noticias\/wp-content\/uploads\/2026\/04\/DSC_1700-819x1024.jpg 819w, http:\/\/curva1kart.com.ar\/noticias\/wp-content\/uploads\/2026\/04\/DSC_1700-768x960.jpg 768w, http:\/\/curva1kart.com.ar\/noticias\/wp-content\/uploads\/2026\/04\/DSC_1700-1229x1536.jpg 1229w, http:\/\/curva1kart.com.ar\/noticias\/wp-content\/uploads\/2026\/04\/DSC_1700-1638x2048.jpg 1638w\" sizes=\"auto, (max-width: 2048px) 100vw, 2048px\" \/> <img loading=\"lazy\" decoding=\"async\" class=\"aligncenter size-full wp-image-123274\" src=\"http:\/\/curva1kart.com.ar\/noticias\/wp-content\/uploads\/2026\/04\/DSC_1697-scaled.jpg\" alt=\"\" width=\"2048\" height=\"2560\" srcset=\"http:\/\/curva1kart.com.ar\/noticias\/wp-content\/uploads\/2026\/04\/DSC_1697-scaled.jpg 2048w, http:\/\/curva1kart.com.ar\/noticias\/wp-content\/uploads\/2026\/04\/DSC_1697-819x1024.jpg 819w, http:\/\/curva1kart.com.ar\/noticias\/wp-content\/uploads\/2026\/04\/DSC_1697-768x960.jpg 768w, http:\/\/curva1kart.com.ar\/noticias\/wp-content\/uploads\/2026\/04\/DSC_1697-1229x1536.jpg 1229w, http:\/\/curva1kart.com.ar\/noticias\/wp-content\/uploads\/2026\/04\/DSC_1697-1638x2048.jpg 1638w\" sizes=\"auto, (max-width: 2048px) 100vw, 2048px\" \/> <img loading=\"lazy\" decoding=\"async\" class=\"aligncenter size-full wp-image-123275\" src=\"http:\/\/curva1kart.com.ar\/noticias\/wp-content\/uploads\/2026\/04\/DSC_0498-scaled.jpg\" alt=\"\" width=\"2048\" height=\"2560\" srcset=\"http:\/\/curva1kart.com.ar\/noticias\/wp-content\/uploads\/2026\/04\/DSC_0498-scaled.jpg 2048w, http:\/\/curva1kart.com.ar\/noticias\/wp-content\/uploads\/2026\/04\/DSC_0498-819x1024.jpg 819w, http:\/\/curva1kart.com.ar\/noticias\/wp-content\/uploads\/2026\/04\/DSC_0498-768x960.jpg 768w, http:\/\/curva1kart.com.ar\/noticias\/wp-content\/uploads\/2026\/04\/DSC_0498-1229x1536.jpg 1229w, http:\/\/curva1kart.com.ar\/noticias\/wp-content\/uploads\/2026\/04\/DSC_0498-1639x2048.jpg 1639w\" sizes=\"auto, (max-width: 2048px) 100vw, 2048px\" \/> <img loading=\"lazy\" decoding=\"async\" class=\"aligncenter size-full wp-image-123276\" src=\"http:\/\/curva1kart.com.ar\/noticias\/wp-content\/uploads\/2026\/04\/DSC_2478-scaled.jpg\" alt=\"\" width=\"2048\" height=\"2560\" srcset=\"http:\/\/curva1kart.com.ar\/noticias\/wp-content\/uploads\/2026\/04\/DSC_2478-scaled.jpg 2048w, http:\/\/curva1kart.com.ar\/noticias\/wp-content\/uploads\/2026\/04\/DSC_2478-819x1024.jpg 819w, http:\/\/curva1kart.com.ar\/noticias\/wp-content\/uploads\/2026\/04\/DSC_2478-768x960.jpg 768w, http:\/\/curva1kart.com.ar\/noticias\/wp-content\/uploads\/2026\/04\/DSC_2478-1229x1536.jpg 1229w, http:\/\/curva1kart.com.ar\/noticias\/wp-content\/uploads\/2026\/04\/DSC_2478-1638x2048.jpg 1638w\" sizes=\"auto, (max-width: 2048px) 100vw, 2048px\" \/> <img loading=\"lazy\" decoding=\"async\" class=\"aligncenter size-full wp-image-123277\" src=\"http:\/\/curva1kart.com.ar\/noticias\/wp-content\/uploads\/2026\/04\/DSC_8703-scaled.jpg\" alt=\"\" width=\"2048\" height=\"2560\" srcset=\"http:\/\/curva1kart.com.ar\/noticias\/wp-content\/uploads\/2026\/04\/DSC_8703-scaled.jpg 2048w, http:\/\/curva1kart.com.ar\/noticias\/wp-content\/uploads\/2026\/04\/DSC_8703-819x1024.jpg 819w, http:\/\/curva1kart.com.ar\/noticias\/wp-content\/uploads\/2026\/04\/DSC_8703-768x960.jpg 768w, http:\/\/curva1kart.com.ar\/noticias\/wp-content\/uploads\/2026\/04\/DSC_8703-1229x1536.jpg 1229w, http:\/\/curva1kart.com.ar\/noticias\/wp-content\/uploads\/2026\/04\/DSC_8703-1638x2048.jpg 1638w\" sizes=\"auto, (max-width: 2048px) 100vw, 2048px\" \/> <img loading=\"lazy\" decoding=\"async\" class=\"aligncenter size-full wp-image-123278\" src=\"http:\/\/curva1kart.com.ar\/noticias\/wp-content\/uploads\/2026\/04\/DSC_9952-scaled.jpg\" alt=\"\" width=\"2048\" height=\"2560\" srcset=\"http:\/\/curva1kart.com.ar\/noticias\/wp-content\/uploads\/2026\/04\/DSC_9952-scaled.jpg 2048w, http:\/\/curva1kart.com.ar\/noticias\/wp-content\/uploads\/2026\/04\/DSC_9952-819x1024.jpg 819w, http:\/\/curva1kart.com.ar\/noticias\/wp-content\/uploads\/2026\/04\/DSC_9952-768x960.jpg 768w, http:\/\/curva1kart.com.ar\/noticias\/wp-content\/uploads\/2026\/04\/DSC_9952-1229x1536.jpg 1229w, http:\/\/curva1kart.com.ar\/noticias\/wp-content\/uploads\/2026\/04\/DSC_9952-1638x2048.jpg 1638w\" sizes=\"auto, (max-width: 2048px) 100vw, 2048px\" \/><\/p>\n","protected":false},"excerpt":{"rendered":"<p>El piloto argentino Mart\u00edn Saa contin\u00faa firme con su calendario europeo y este fin de semana volvi\u00f3 a ingresar a una competencia final. fue por el round apertura del Campionato Italiano ACI Karting en Lonato. &#8220;Rayito&#8221; comenz\u00f3 a fecha 1 del Italiano clasificando en el puesto 55 entre 101 piloto de la OKN, pero su&#46;&#46;&#46;<\/p>\n","protected":false},"author":1,"featured_media":123272,"comment_status":"closed","ping_status":"closed","sticky":false,"template":"","format":"standard","meta":{"footnotes":""},"categories":[88],"tags":[],"class_list":["post-123271","post","type-post","status-publish","format-standard","has-post-thumbnail","hentry","category-argentinos-por-el-mundo"],"yoast_head":"<!-- This site is optimized with the Yoast SEO Premium plugin v14.7 - https:\/\/yoast.com\/wordpress\/plugins\/seo\/ -->\n<title>Mart\u00edn Saa con 4\/4 en carreras finales disputadas este a\u00f1o en Italia - Curva 1 KART<\/title>\n<meta name=\"robots\" content=\"index, follow\" \/>\n<meta name=\"googlebot\" content=\"index, follow, max-snippet:-1, max-image-preview:large, max-video-preview:-1\" \/>\n<meta name=\"bingbot\" content=\"index, follow, max-snippet:-1, max-image-preview:large, max-video-preview:-1\" \/>\n<link rel=\"canonical\" href=\"https:\/\/curva1kart.com.ar\/noticias\/?p=123271\" \/>\n<meta property=\"og:locale\" content=\"en_US\" \/>\n<meta property=\"og:type\" content=\"article\" \/>\n<meta property=\"og:title\" content=\"Mart\u00edn Saa con 4\/4 en carreras finales disputadas este a\u00f1o en Italia - Curva 1 KART\" \/>\n<meta property=\"og:description\" content=\"El piloto argentino Mart\u00edn Saa contin\u00faa firme con su calendario europeo y este fin de semana volvi\u00f3 a ingresar a una competencia final. fue por el round apertura del Campionato Italiano ACI Karting en Lonato. &#8220;Rayito&#8221; comenz\u00f3 a fecha 1 del Italiano clasificando en el puesto 55 entre 101 piloto de la OKN, pero su&#046;&#046;&#046;\" \/>\n<meta property=\"og:url\" content=\"https:\/\/curva1kart.com.ar\/noticias\/?p=123271\" \/>\n<meta property=\"og:site_name\" content=\"Curva 1 KART\" \/>\n<meta property=\"article:publisher\" content=\"https:\/\/www.facebook.com\/curva1kart\/\" \/>\n<meta property=\"article:published_time\" content=\"2026-04-28T15:47:13+00:00\" \/>\n<meta property=\"og:image\" content=\"http:\/\/curva1kart.com.ar\/noticias\/wp-content\/uploads\/2026\/04\/DSC_75dasf38-scaled.jpg\" \/>\n\t<meta property=\"og:image:width\" content=\"2560\" \/>\n\t<meta property=\"og:image:height\" content=\"1707\" \/>\n<meta property=\"fb:app_id\" content=\"104995992409\" \/>\n<meta name=\"twitter:card\" content=\"summary_large_image\" \/>\n<meta name=\"twitter:creator\" content=\"@Curva1KART\" \/>\n<meta name=\"twitter:site\" content=\"@Curva1KART\" \/>\n<script type=\"application\/ld+json\" class=\"yoast-schema-graph\">{\"@context\":\"https:\/\/schema.org\",\"@graph\":[{\"@type\":\"WebSite\",\"@id\":\"https:\/\/curva1kart.com.ar\/noticias\/#website\",\"url\":\"https:\/\/curva1kart.com.ar\/noticias\/\",\"name\":\"Curva 1 KART\",\"description\":\"Karting Argentino, Sudamericano e Internacional\",\"potentialAction\":[{\"@type\":\"SearchAction\",\"target\":\"https:\/\/curva1kart.com.ar\/noticias\/?s={search_term_string}\",\"query-input\":\"required name=search_term_string\"}],\"inLanguage\":\"en-US\"},{\"@type\":\"ImageObject\",\"@id\":\"https:\/\/curva1kart.com.ar\/noticias\/?p=123271#primaryimage\",\"inLanguage\":\"en-US\",\"url\":\"http:\/\/curva1kart.com.ar\/noticias\/wp-content\/uploads\/2026\/04\/DSC_75dasf38-scaled.jpg\",\"width\":2560,\"height\":1707},{\"@type\":\"WebPage\",\"@id\":\"https:\/\/curva1kart.com.ar\/noticias\/?p=123271#webpage\",\"url\":\"https:\/\/curva1kart.com.ar\/noticias\/?p=123271\",\"name\":\"Mart\\u00edn Saa con 4\/4 en carreras finales disputadas este a\\u00f1o en Italia - Curva 1 KART\",\"isPartOf\":{\"@id\":\"https:\/\/curva1kart.com.ar\/noticias\/#website\"},\"primaryImageOfPage\":{\"@id\":\"https:\/\/curva1kart.com.ar\/noticias\/?p=123271#primaryimage\"},\"datePublished\":\"2026-04-28T15:47:13+00:00\",\"dateModified\":\"2026-04-28T15:47:13+00:00\",\"author\":{\"@id\":\"https:\/\/curva1kart.com.ar\/noticias\/#\/schema\/person\/710d14304c85d21660d185f262399043\"},\"inLanguage\":\"en-US\",\"potentialAction\":[{\"@type\":\"ReadAction\",\"target\":[\"https:\/\/curva1kart.com.ar\/noticias\/?p=123271\"]}]},{\"@type\":[\"Person\"],\"@id\":\"https:\/\/curva1kart.com.ar\/noticias\/#\/schema\/person\/710d14304c85d21660d185f262399043\",\"name\":\"Jos\\u00e9 Bravo\"}]}<\/script>\n<!-- \/ Yoast SEO Premium plugin. -->","_links":{"self":[{"href":"https:\/\/curva1kart.com.ar\/noticias\/index.php?rest_route=\/wp\/v2\/posts\/123271","targetHints":{"allow":["GET"]}}],"collection":[{"href":"https:\/\/curva1kart.com.ar\/noticias\/index.php?rest_route=\/wp\/v2\/posts"}],"about":[{"href":"https:\/\/curva1kart.com.ar\/noticias\/index.php?rest_route=\/wp\/v2\/types\/post"}],"author":[{"embeddable":true,"href":"https:\/\/curva1kart.com.ar\/noticias\/index.php?rest_route=\/wp\/v2\/users\/1"}],"replies":[{"embeddable":true,"href":"https:\/\/curva1kart.com.ar\/noticias\/index.php?rest_route=%2Fwp%2Fv2%2Fcomments&post=123271"}],"version-history":[{"count":1,"href":"https:\/\/curva1kart.com.ar\/noticias\/index.php?rest_route=\/wp\/v2\/posts\/123271\/revisions"}],"predecessor-version":[{"id":123279,"href":"https:\/\/curva1kart.com.ar\/noticias\/index.php?rest_route=\/wp\/v2\/posts\/123271\/revisions\/123279"}],"wp:featuredmedia":[{"embeddable":true,"href":"https:\/\/curva1kart.com.ar\/noticias\/index.php?rest_route=\/wp\/v2\/media\/123272"}],"wp:attachment":[{"href":"https:\/\/curva1kart.com.ar\/noticias\/index.php?rest_route=%2Fwp%2Fv2%2Fmedia&parent=123271"}],"wp:term":[{"taxonomy":"category","embeddable":true,"href":"https:\/\/curva1kart.com.ar\/noticias\/index.php?rest_route=%2Fwp%2Fv2%2Fcategories&post=123271"},{"taxonomy":"post_tag","embeddable":true,"href":"https:\/\/curva1kart.com.ar\/noticias\/index.php?rest_route=%2Fwp%2Fv2%2Ftags&post=123271"}],"curies":[{"name":"wp","href":"https:\/\/api.w.org\/{rel}","templated":true}]}}