{"id":123260,"date":"2026-04-27T22:53:30","date_gmt":"2026-04-28T01:53:30","guid":{"rendered":"https:\/\/curva1kart.com.ar\/noticias\/?p=123260"},"modified":"2026-04-28T00:22:28","modified_gmt":"2026-04-28T03:22:28","slug":"piloto-con-con-sindrome-de-down-debuto-en-karting","status":"publish","type":"post","link":"https:\/\/curva1kart.com.ar\/noticias\/?p=123260","title":{"rendered":"Hist\u00f3rico: Piloto con Sindrome de Down debut\u00f3 en karting"},"content":{"rendered":"<p><img loading=\"lazy\" decoding=\"async\" class=\"aligncenter size-full wp-image-123265\" src=\"http:\/\/curva1kart.com.ar\/noticias\/wp-content\/uploads\/2026\/04\/20260426_karting1e.webp\" alt=\"\" width=\"1000\" height=\"668\" srcset=\"http:\/\/curva1kart.com.ar\/noticias\/wp-content\/uploads\/2026\/04\/20260426_karting1e.webp 1000w, http:\/\/curva1kart.com.ar\/noticias\/wp-content\/uploads\/2026\/04\/20260426_karting1e-768x513.webp 768w\" sizes=\"auto, (max-width: 1000px) 100vw, 1000px\" \/><\/p>\n<p>El domingo 19 de abril en el <strong>Kart\u00f3dromo La Morena de Caseros (Entre R\u00edos)<\/strong> se produjo un hecho hist\u00f3rico para el automovilismo argentino: el tandilense <strong>Lucas Tomasi<\/strong> de 19 a\u00f1os debut\u00f3 en la categor\u00eda Escuela, siendo el <strong>primer piloto con S\u00edndrome de Down en manejar un kart de competici\u00f3n.<\/strong><\/p>\n<p>Mientras se trabaja con insistencia para lograr la Licencia M\u00e9dica ante la CDA (Comisi\u00f3n Deportiva Automovilistica) del ACA (Automovil Club Argentino) y su ente m\u00e1ximo, la FIA (Federaci\u00f3n Internacional del Automovil) y ser el primer piloto licenciado oficialmente, el solo hecho de haber participado en una competencia de modo oficial, marca un precedente en el \u00e1mbito del mundo motor.<\/p>\n<p>El debut se produjo en el kartodromo entrerriano con muy buenos logros personales, quedando esa fecha como una bisagra para lo que puede venir en un futuro.<\/p>\n<p>Bajo la atenci\u00f3n del Ibarra competici\u00f3n (equipo de Bs As), desde el viernes 17 estuvo girando y conociendo un trazado nuevo en su corta faz deportiva. Adapt\u00e1ndose al kart y a la pista, fue bajando tiempos, quedando muy satisfechos quienes le guiaron durante todo el fin de semana.<\/p>\n<p><strong>UN A\u00d1O DE LUCHA, SACRIFICIO Y PERSEVERANCIA<\/strong><\/p>\n<p>Exactamente un a\u00f1o atr\u00e1s (el 19 de abril de 2025) Lucas se sub\u00eda por primera vez en un karting en el circuito del Tandil Auto Club, conociendo este deporte desde la propia butaca.<\/p>\n<p>Con la ayuda de la familia Repetti que le cedieron la m\u00e1quina para hacer sus primeras vueltas y luego con el apoyo de mucha gente que le fue regalando las cosas para empezar a entrenar de forma segura (buzos, guantes, botas, etc) y Mauricio Ranzini que le regal\u00f3 el karting, se comenz\u00f3 con el camino de forma progresiva y segura.<\/p>\n<p>Alternando los circuitos de Tandil (tierra) y Balcarce (asfalto), Lucas comenz\u00f3 la adaptaci\u00f3n mostrando continuos progresos con la perseverancia.<\/p>\n<p>Al mismo tiempo se empez\u00f3 el trabajo de hablar con las autoridades pertinentes y tratar de conseguir la Licencia M\u00e9dica. Al no haber jurisprudencia en el mundo, el camino es m\u00e1s dif\u00edcil, pero no imposible.<\/p>\n<p>En estos momentos el tr\u00e1mite est\u00e1 en manos de la CDA y la FIA, esperando una respuesta.<\/p>\n<p><strong>LA COMPETICI\u00d3N CONTIN\u00daA<\/strong><\/p>\n<p>Mientras tanto el camino de la competici\u00f3n continuar\u00e1 en el kartodromo La Morena y tambi\u00e9n habr\u00eda una posibilidad de competir en el kartodromo internacional de Z\u00e1rate.<\/p>\n<p>Un antes y despu\u00e9s para uno de los deportes m\u00e1s convocantes del pa\u00eds, tiene como protagonista a un joven serrano que quiere cumplir su sue\u00f1o de correr en forma oficial.<\/p>\n<p><strong>RIFA A BENEFICIO<\/strong><\/p>\n<p>Para solventar los gastos que ocasiona la incorporaci\u00f3n a este hermoso deporte, se ha puesto a la venta una rifa que se sortear\u00e1 una vez que se venda toda.<\/p>\n<p>La misma consiste en 2000 boletas -con 5 n\u00fameros cada una (ej: 0001-2001-4001-6001-8001). El valor es de $ 5000 (pago efectivo o por transferencia). Se pueden adquirir por WhatsApp al 2494-600051. Se sorteara -en fecha a confirmar- por Lot. Pcia. Bs As Nocturna (cuando se venda toda).<\/p>\n<p><img loading=\"lazy\" decoding=\"async\" class=\"aligncenter size-full wp-image-123261\" src=\"http:\/\/curva1kart.com.ar\/noticias\/wp-content\/uploads\/2026\/04\/20260426_karting1.webp\" alt=\"\" width=\"800\" height=\"1600\" srcset=\"http:\/\/curva1kart.com.ar\/noticias\/wp-content\/uploads\/2026\/04\/20260426_karting1.webp 800w, http:\/\/curva1kart.com.ar\/noticias\/wp-content\/uploads\/2026\/04\/20260426_karting1-512x1024.webp 512w, http:\/\/curva1kart.com.ar\/noticias\/wp-content\/uploads\/2026\/04\/20260426_karting1-768x1536.webp 768w\" sizes=\"auto, (max-width: 800px) 100vw, 800px\" \/> <img loading=\"lazy\" decoding=\"async\" class=\"aligncenter size-full wp-image-123262\" src=\"http:\/\/curva1kart.com.ar\/noticias\/wp-content\/uploads\/2026\/04\/20260426_karting2.webp\" alt=\"\" width=\"900\" height=\"506\" srcset=\"http:\/\/curva1kart.com.ar\/noticias\/wp-content\/uploads\/2026\/04\/20260426_karting2.webp 900w, http:\/\/curva1kart.com.ar\/noticias\/wp-content\/uploads\/2026\/04\/20260426_karting2-300x169.webp 300w, http:\/\/curva1kart.com.ar\/noticias\/wp-content\/uploads\/2026\/04\/20260426_karting2-768x432.webp 768w\" sizes=\"auto, (max-width: 900px) 100vw, 900px\" \/> <img loading=\"lazy\" decoding=\"async\" class=\"aligncenter size-full wp-image-123263\" src=\"http:\/\/curva1kart.com.ar\/noticias\/wp-content\/uploads\/2026\/04\/20260426_karting3.webp\" alt=\"\" width=\"800\" height=\"450\" srcset=\"http:\/\/curva1kart.com.ar\/noticias\/wp-content\/uploads\/2026\/04\/20260426_karting3.webp 800w, http:\/\/curva1kart.com.ar\/noticias\/wp-content\/uploads\/2026\/04\/20260426_karting3-300x169.webp 300w, http:\/\/curva1kart.com.ar\/noticias\/wp-content\/uploads\/2026\/04\/20260426_karting3-768x432.webp 768w\" sizes=\"auto, (max-width: 800px) 100vw, 800px\" \/> <img loading=\"lazy\" decoding=\"async\" class=\"aligncenter size-full wp-image-123264\" src=\"http:\/\/curva1kart.com.ar\/noticias\/wp-content\/uploads\/2026\/04\/1777206501.jpeg\" alt=\"\" width=\"1006\" height=\"566\" srcset=\"http:\/\/curva1kart.com.ar\/noticias\/wp-content\/uploads\/2026\/04\/1777206501.jpeg 1006w, http:\/\/curva1kart.com.ar\/noticias\/wp-content\/uploads\/2026\/04\/1777206501-300x169.jpeg 300w, http:\/\/curva1kart.com.ar\/noticias\/wp-content\/uploads\/2026\/04\/1777206501-768x432.jpeg 768w\" sizes=\"auto, (max-width: 1006px) 100vw, 1006px\" \/><\/p>\n<p><em>Info: lu22.com.ar<\/em><\/p>\n","protected":false},"excerpt":{"rendered":"<p>El domingo 19 de abril en el Kart\u00f3dromo La Morena de Caseros (Entre R\u00edos) se produjo un hecho hist\u00f3rico para el automovilismo argentino: el tandilense Lucas Tomasi de 19 a\u00f1os debut\u00f3 en la categor\u00eda Escuela, siendo el primer piloto con S\u00edndrome de Down en manejar un kart de competici\u00f3n. Mientras se trabaja con insistencia para&#46;&#46;&#46;<\/p>\n","protected":false},"author":1,"featured_media":123265,"comment_status":"closed","ping_status":"closed","sticky":false,"template":"","format":"standard","meta":{"footnotes":""},"categories":[9,34],"tags":[],"class_list":["post-123260","post","type-post","status-publish","format-standard","has-post-thumbnail","hentry","category-argentina","category-especiales"],"yoast_head":"<!-- This site is optimized with the Yoast SEO Premium plugin v14.7 - https:\/\/yoast.com\/wordpress\/plugins\/seo\/ -->\n<title>Hist\u00f3rico: Piloto con Sindrome de Down debut\u00f3 en karting - Curva 1 KART<\/title>\n<meta name=\"robots\" content=\"index, follow\" \/>\n<meta name=\"googlebot\" content=\"index, follow, max-snippet:-1, max-image-preview:large, max-video-preview:-1\" \/>\n<meta name=\"bingbot\" content=\"index, follow, max-snippet:-1, max-image-preview:large, max-video-preview:-1\" \/>\n<link rel=\"canonical\" href=\"https:\/\/curva1kart.com.ar\/noticias\/?p=123260\" \/>\n<meta property=\"og:locale\" content=\"en_US\" \/>\n<meta property=\"og:type\" content=\"article\" \/>\n<meta property=\"og:title\" content=\"Hist\u00f3rico: Piloto con Sindrome de Down debut\u00f3 en karting - Curva 1 KART\" \/>\n<meta property=\"og:description\" content=\"El domingo 19 de abril en el Kart\u00f3dromo La Morena de Caseros (Entre R\u00edos) se produjo un hecho hist\u00f3rico para el automovilismo argentino: el tandilense Lucas Tomasi de 19 a\u00f1os debut\u00f3 en la categor\u00eda Escuela, siendo el primer piloto con S\u00edndrome de Down en manejar un kart de competici\u00f3n. Mientras se trabaja con insistencia para&#046;&#046;&#046;\" \/>\n<meta property=\"og:url\" content=\"https:\/\/curva1kart.com.ar\/noticias\/?p=123260\" \/>\n<meta property=\"og:site_name\" content=\"Curva 1 KART\" \/>\n<meta property=\"article:publisher\" content=\"https:\/\/www.facebook.com\/curva1kart\/\" \/>\n<meta property=\"article:published_time\" content=\"2026-04-28T01:53:30+00:00\" \/>\n<meta property=\"article:modified_time\" content=\"2026-04-28T03:22:28+00:00\" \/>\n<meta property=\"fb:app_id\" content=\"104995992409\" \/>\n<meta name=\"twitter:card\" content=\"summary_large_image\" \/>\n<meta name=\"twitter:image\" content=\"http:\/\/curva1kart.com.ar\/noticias\/wp-content\/uploads\/2026\/04\/20260426_karting1e.webp\" \/>\n<meta name=\"twitter:creator\" content=\"@Curva1KART\" \/>\n<meta name=\"twitter:site\" content=\"@Curva1KART\" \/>\n<script type=\"application\/ld+json\" class=\"yoast-schema-graph\">{\"@context\":\"https:\/\/schema.org\",\"@graph\":[{\"@type\":\"WebSite\",\"@id\":\"https:\/\/curva1kart.com.ar\/noticias\/#website\",\"url\":\"https:\/\/curva1kart.com.ar\/noticias\/\",\"name\":\"Curva 1 KART\",\"description\":\"Karting Argentino, Sudamericano e Internacional\",\"potentialAction\":[{\"@type\":\"SearchAction\",\"target\":\"https:\/\/curva1kart.com.ar\/noticias\/?s={search_term_string}\",\"query-input\":\"required name=search_term_string\"}],\"inLanguage\":\"en-US\"},{\"@type\":\"ImageObject\",\"@id\":\"https:\/\/curva1kart.com.ar\/noticias\/?p=123260#primaryimage\",\"inLanguage\":\"en-US\",\"url\":\"http:\/\/curva1kart.com.ar\/noticias\/wp-content\/uploads\/2026\/04\/20260426_karting1e.webp\",\"width\":1000,\"height\":668},{\"@type\":\"WebPage\",\"@id\":\"https:\/\/curva1kart.com.ar\/noticias\/?p=123260#webpage\",\"url\":\"https:\/\/curva1kart.com.ar\/noticias\/?p=123260\",\"name\":\"Hist\\u00f3rico: Piloto con Sindrome de Down debut\\u00f3 en karting - Curva 1 KART\",\"isPartOf\":{\"@id\":\"https:\/\/curva1kart.com.ar\/noticias\/#website\"},\"primaryImageOfPage\":{\"@id\":\"https:\/\/curva1kart.com.ar\/noticias\/?p=123260#primaryimage\"},\"datePublished\":\"2026-04-28T01:53:30+00:00\",\"dateModified\":\"2026-04-28T03:22:28+00:00\",\"author\":{\"@id\":\"https:\/\/curva1kart.com.ar\/noticias\/#\/schema\/person\/710d14304c85d21660d185f262399043\"},\"inLanguage\":\"en-US\",\"potentialAction\":[{\"@type\":\"ReadAction\",\"target\":[\"https:\/\/curva1kart.com.ar\/noticias\/?p=123260\"]}]},{\"@type\":[\"Person\"],\"@id\":\"https:\/\/curva1kart.com.ar\/noticias\/#\/schema\/person\/710d14304c85d21660d185f262399043\",\"name\":\"Jos\\u00e9 Bravo\"}]}<\/script>\n<!-- \/ Yoast SEO Premium plugin. -->","_links":{"self":[{"href":"https:\/\/curva1kart.com.ar\/noticias\/index.php?rest_route=\/wp\/v2\/posts\/123260","targetHints":{"allow":["GET"]}}],"collection":[{"href":"https:\/\/curva1kart.com.ar\/noticias\/index.php?rest_route=\/wp\/v2\/posts"}],"about":[{"href":"https:\/\/curva1kart.com.ar\/noticias\/index.php?rest_route=\/wp\/v2\/types\/post"}],"author":[{"embeddable":true,"href":"https:\/\/curva1kart.com.ar\/noticias\/index.php?rest_route=\/wp\/v2\/users\/1"}],"replies":[{"embeddable":true,"href":"https:\/\/curva1kart.com.ar\/noticias\/index.php?rest_route=%2Fwp%2Fv2%2Fcomments&post=123260"}],"version-history":[{"count":3,"href":"https:\/\/curva1kart.com.ar\/noticias\/index.php?rest_route=\/wp\/v2\/posts\/123260\/revisions"}],"predecessor-version":[{"id":123270,"href":"https:\/\/curva1kart.com.ar\/noticias\/index.php?rest_route=\/wp\/v2\/posts\/123260\/revisions\/123270"}],"wp:featuredmedia":[{"embeddable":true,"href":"https:\/\/curva1kart.com.ar\/noticias\/index.php?rest_route=\/wp\/v2\/media\/123265"}],"wp:attachment":[{"href":"https:\/\/curva1kart.com.ar\/noticias\/index.php?rest_route=%2Fwp%2Fv2%2Fmedia&parent=123260"}],"wp:term":[{"taxonomy":"category","embeddable":true,"href":"https:\/\/curva1kart.com.ar\/noticias\/index.php?rest_route=%2Fwp%2Fv2%2Fcategories&post=123260"},{"taxonomy":"post_tag","embeddable":true,"href":"https:\/\/curva1kart.com.ar\/noticias\/index.php?rest_route=%2Fwp%2Fv2%2Ftags&post=123260"}],"curies":[{"name":"wp","href":"https:\/\/api.w.org\/{rel}","templated":true}]}}