{"id":123190,"date":"2026-04-26T00:21:16","date_gmt":"2026-04-26T03:21:16","guid":{"rendered":"https:\/\/curva1kart.com.ar\/noticias\/?p=123190"},"modified":"2026-04-26T00:21:16","modified_gmt":"2026-04-26T03:21:16","slug":"cda-karting-distinguio-a-los-pilotos-que-viajaran-al-fia-academy-trophy-2026","status":"publish","type":"post","link":"https:\/\/curva1kart.com.ar\/noticias\/?p=123190","title":{"rendered":"CDA Karting distingui\u00f3 a los pilotos que viajar\u00e1n al FIA Academy Trophy 2026"},"content":{"rendered":"<p><img loading=\"lazy\" decoding=\"async\" class=\"aligncenter size-full wp-image-123191\" src=\"http:\/\/curva1kart.com.ar\/noticias\/wp-content\/uploads\/2026\/04\/faeeaw.png\" alt=\"\" width=\"1442\" height=\"962\" srcset=\"http:\/\/curva1kart.com.ar\/noticias\/wp-content\/uploads\/2026\/04\/faeeaw.png 1442w, http:\/\/curva1kart.com.ar\/noticias\/wp-content\/uploads\/2026\/04\/faeeaw-1000x667.png 1000w, http:\/\/curva1kart.com.ar\/noticias\/wp-content\/uploads\/2026\/04\/faeeaw-1024x683.png 1024w, http:\/\/curva1kart.com.ar\/noticias\/wp-content\/uploads\/2026\/04\/faeeaw-768x512.png 768w\" sizes=\"auto, (max-width: 1442px) 100vw, 1442px\" \/><\/p>\n<p><strong>CDA Karting<\/strong> distingui\u00f3 a los representantes argentinos en los <strong>FIA Academy Trophy<\/strong>, que pronto viajar\u00e1n a Europa para comenzar la temporada.<\/p>\n<p>El cordob\u00e9s<strong> BAUTISTA DELICH<\/strong> estar\u00e1 en el FIA Academy Trophy Senior y el neuquino <strong>JOAQU\u00cdN GORLERO PIZARRO<\/strong> en Junior. Ambos recibieron grandes medallas.<\/p>\n<p>Estuvieron en el acto<strong> GISELA SEGADE S\u00c1NCHEZ<\/strong> presidente de la Comisi\u00f3n Nacional de Karting, <strong>EDUARDO BACA<\/strong>, presidente del AC\u00c1 y<strong> MAT\u00cdAS \u00c1LVAREZ<\/strong> por CDA Karting.<\/p>\n<p style=\"text-align: center;\"><iframe loading=\"lazy\" style=\"border: none; overflow: hidden;\" src=\"https:\/\/www.facebook.com\/plugins\/video.php?height=476&amp;href=https%3A%2F%2Fwww.facebook.com%2Freel%2F1583040713825186%2F&amp;show_text=false&amp;width=267&amp;t=0\" width=\"267\" height=\"476\" frameborder=\"0\" scrolling=\"no\" allowfullscreen=\"allowfullscreen\"><\/iframe><\/p>\n","protected":false},"excerpt":{"rendered":"<p>CDA Karting distingui\u00f3 a los representantes argentinos en los FIA Academy Trophy, que pronto viajar\u00e1n a Europa para comenzar la temporada. El cordob\u00e9s BAUTISTA DELICH estar\u00e1 en el FIA Academy Trophy Senior y el neuquino JOAQU\u00cdN GORLERO PIZARRO en Junior. Ambos recibieron grandes medallas. Estuvieron en el acto GISELA SEGADE S\u00c1NCHEZ presidente de la Comisi\u00f3n&#46;&#46;&#46;<\/p>\n","protected":false},"author":1,"featured_media":123191,"comment_status":"closed","ping_status":"closed","sticky":false,"template":"","format":"standard","meta":{"footnotes":""},"categories":[88],"tags":[],"class_list":["post-123190","post","type-post","status-publish","format-standard","has-post-thumbnail","hentry","category-argentinos-por-el-mundo"],"yoast_head":"<!-- This site is optimized with the Yoast SEO Premium plugin v14.7 - https:\/\/yoast.com\/wordpress\/plugins\/seo\/ -->\n<title>CDA Karting distingui\u00f3 a los pilotos que viajar\u00e1n al FIA Academy Trophy 2026 - Curva 1 KART<\/title>\n<meta name=\"robots\" content=\"index, follow\" \/>\n<meta name=\"googlebot\" content=\"index, follow, max-snippet:-1, max-image-preview:large, max-video-preview:-1\" \/>\n<meta name=\"bingbot\" content=\"index, follow, max-snippet:-1, max-image-preview:large, max-video-preview:-1\" \/>\n<link rel=\"canonical\" href=\"https:\/\/curva1kart.com.ar\/noticias\/?p=123190\" \/>\n<meta property=\"og:locale\" content=\"en_US\" \/>\n<meta property=\"og:type\" content=\"article\" \/>\n<meta property=\"og:title\" content=\"CDA Karting distingui\u00f3 a los pilotos que viajar\u00e1n al FIA Academy Trophy 2026 - Curva 1 KART\" \/>\n<meta property=\"og:description\" content=\"CDA Karting distingui\u00f3 a los representantes argentinos en los FIA Academy Trophy, que pronto viajar\u00e1n a Europa para comenzar la temporada. El cordob\u00e9s BAUTISTA DELICH estar\u00e1 en el FIA Academy Trophy Senior y el neuquino JOAQU\u00cdN GORLERO PIZARRO en Junior. Ambos recibieron grandes medallas. Estuvieron en el acto GISELA SEGADE S\u00c1NCHEZ presidente de la Comisi\u00f3n&#046;&#046;&#046;\" \/>\n<meta property=\"og:url\" content=\"https:\/\/curva1kart.com.ar\/noticias\/?p=123190\" \/>\n<meta property=\"og:site_name\" content=\"Curva 1 KART\" \/>\n<meta property=\"article:publisher\" content=\"https:\/\/www.facebook.com\/curva1kart\/\" \/>\n<meta property=\"article:published_time\" content=\"2026-04-26T03:21:16+00:00\" \/>\n<meta property=\"og:image\" content=\"http:\/\/curva1kart.com.ar\/noticias\/wp-content\/uploads\/2026\/04\/faeeaw.png\" \/>\n\t<meta property=\"og:image:width\" content=\"1442\" \/>\n\t<meta property=\"og:image:height\" content=\"962\" \/>\n<meta property=\"fb:app_id\" content=\"104995992409\" \/>\n<meta name=\"twitter:card\" content=\"summary_large_image\" \/>\n<meta name=\"twitter:creator\" content=\"@Curva1KART\" \/>\n<meta name=\"twitter:site\" content=\"@Curva1KART\" \/>\n<script type=\"application\/ld+json\" class=\"yoast-schema-graph\">{\"@context\":\"https:\/\/schema.org\",\"@graph\":[{\"@type\":\"WebSite\",\"@id\":\"https:\/\/curva1kart.com.ar\/noticias\/#website\",\"url\":\"https:\/\/curva1kart.com.ar\/noticias\/\",\"name\":\"Curva 1 KART\",\"description\":\"Karting Argentino, Sudamericano e Internacional\",\"potentialAction\":[{\"@type\":\"SearchAction\",\"target\":\"https:\/\/curva1kart.com.ar\/noticias\/?s={search_term_string}\",\"query-input\":\"required name=search_term_string\"}],\"inLanguage\":\"en-US\"},{\"@type\":\"ImageObject\",\"@id\":\"https:\/\/curva1kart.com.ar\/noticias\/?p=123190#primaryimage\",\"inLanguage\":\"en-US\",\"url\":\"http:\/\/curva1kart.com.ar\/noticias\/wp-content\/uploads\/2026\/04\/faeeaw.png\",\"width\":1442,\"height\":962},{\"@type\":\"WebPage\",\"@id\":\"https:\/\/curva1kart.com.ar\/noticias\/?p=123190#webpage\",\"url\":\"https:\/\/curva1kart.com.ar\/noticias\/?p=123190\",\"name\":\"CDA Karting distingui\\u00f3 a los pilotos que viajar\\u00e1n al FIA Academy Trophy 2026 - Curva 1 KART\",\"isPartOf\":{\"@id\":\"https:\/\/curva1kart.com.ar\/noticias\/#website\"},\"primaryImageOfPage\":{\"@id\":\"https:\/\/curva1kart.com.ar\/noticias\/?p=123190#primaryimage\"},\"datePublished\":\"2026-04-26T03:21:16+00:00\",\"dateModified\":\"2026-04-26T03:21:16+00:00\",\"author\":{\"@id\":\"https:\/\/curva1kart.com.ar\/noticias\/#\/schema\/person\/710d14304c85d21660d185f262399043\"},\"inLanguage\":\"en-US\",\"potentialAction\":[{\"@type\":\"ReadAction\",\"target\":[\"https:\/\/curva1kart.com.ar\/noticias\/?p=123190\"]}]},{\"@type\":[\"Person\"],\"@id\":\"https:\/\/curva1kart.com.ar\/noticias\/#\/schema\/person\/710d14304c85d21660d185f262399043\",\"name\":\"Jos\\u00e9 Bravo\"}]}<\/script>\n<!-- \/ Yoast SEO Premium plugin. -->","_links":{"self":[{"href":"https:\/\/curva1kart.com.ar\/noticias\/index.php?rest_route=\/wp\/v2\/posts\/123190","targetHints":{"allow":["GET"]}}],"collection":[{"href":"https:\/\/curva1kart.com.ar\/noticias\/index.php?rest_route=\/wp\/v2\/posts"}],"about":[{"href":"https:\/\/curva1kart.com.ar\/noticias\/index.php?rest_route=\/wp\/v2\/types\/post"}],"author":[{"embeddable":true,"href":"https:\/\/curva1kart.com.ar\/noticias\/index.php?rest_route=\/wp\/v2\/users\/1"}],"replies":[{"embeddable":true,"href":"https:\/\/curva1kart.com.ar\/noticias\/index.php?rest_route=%2Fwp%2Fv2%2Fcomments&post=123190"}],"version-history":[{"count":1,"href":"https:\/\/curva1kart.com.ar\/noticias\/index.php?rest_route=\/wp\/v2\/posts\/123190\/revisions"}],"predecessor-version":[{"id":123192,"href":"https:\/\/curva1kart.com.ar\/noticias\/index.php?rest_route=\/wp\/v2\/posts\/123190\/revisions\/123192"}],"wp:featuredmedia":[{"embeddable":true,"href":"https:\/\/curva1kart.com.ar\/noticias\/index.php?rest_route=\/wp\/v2\/media\/123191"}],"wp:attachment":[{"href":"https:\/\/curva1kart.com.ar\/noticias\/index.php?rest_route=%2Fwp%2Fv2%2Fmedia&parent=123190"}],"wp:term":[{"taxonomy":"category","embeddable":true,"href":"https:\/\/curva1kart.com.ar\/noticias\/index.php?rest_route=%2Fwp%2Fv2%2Fcategories&post=123190"},{"taxonomy":"post_tag","embeddable":true,"href":"https:\/\/curva1kart.com.ar\/noticias\/index.php?rest_route=%2Fwp%2Fv2%2Ftags&post=123190"}],"curies":[{"name":"wp","href":"https:\/\/api.w.org\/{rel}","templated":true}]}}