{"id":122443,"date":"2026-03-12T02:03:40","date_gmt":"2026-03-12T05:03:40","guid":{"rendered":"https:\/\/curva1kart.com.ar\/noticias\/?p=122443"},"modified":"2026-03-15T13:05:29","modified_gmt":"2026-03-15T16:05:29","slug":"prokart-appk-cronograma-para-la-carrera-en-general-roca","status":"publish","type":"post","link":"https:\/\/curva1kart.com.ar\/noticias\/?p=122443","title":{"rendered":"PROKART APPK. Cronograma para la carrera en General Roca"},"content":{"rendered":"<p><img loading=\"lazy\" decoding=\"async\" class=\"aligncenter size-full wp-image-122444\" src=\"http:\/\/curva1kart.com.ar\/noticias\/wp-content\/uploads\/2026\/03\/643553808_18343532035241655_8044681133926397365_n-1.jpg\" alt=\"\" width=\"1069\" height=\"713\" srcset=\"http:\/\/curva1kart.com.ar\/noticias\/wp-content\/uploads\/2026\/03\/643553808_18343532035241655_8044681133926397365_n-1.jpg 1069w, http:\/\/curva1kart.com.ar\/noticias\/wp-content\/uploads\/2026\/03\/643553808_18343532035241655_8044681133926397365_n-1-1000x667.jpg 1000w, http:\/\/curva1kart.com.ar\/noticias\/wp-content\/uploads\/2026\/03\/643553808_18343532035241655_8044681133926397365_n-1-1024x683.jpg 1024w, http:\/\/curva1kart.com.ar\/noticias\/wp-content\/uploads\/2026\/03\/643553808_18343532035241655_8044681133926397365_n-1-768x512.jpg 768w\" sizes=\"auto, (max-width: 1069px) 100vw, 1069px\" \/><\/p>\n<p>El campeonato <strong>Prokart Neuqu\u00e9n R\u00edo Negro\u00a0<\/strong>tiene todo est\u00e1 listo para que el pr\u00f3ximo fin de semana del 14 y 15 de marzo se viva una verdadera fiesta del automovilismo en el <strong>Aut\u00f3dromo Parque Ciudad de General Roca.<\/strong><\/p>\n<p>Te presentamos los horarios para el evento que promete reunir m\u00e1s de 130 participantes en el predio del aut\u00f3dromo!<\/p>\n<h3>CRONOGRAMA<\/h3>\n<p><img loading=\"lazy\" decoding=\"async\" class=\"aligncenter size-full wp-image-122446\" src=\"http:\/\/curva1kart.com.ar\/noticias\/wp-content\/uploads\/2026\/03\/WhatsApp-Image-2026-03-11-at-17.13.35.jpeg\" alt=\"\" width=\"1024\" height=\"1280\" srcset=\"http:\/\/curva1kart.com.ar\/noticias\/wp-content\/uploads\/2026\/03\/WhatsApp-Image-2026-03-11-at-17.13.35.jpeg 1024w, http:\/\/curva1kart.com.ar\/noticias\/wp-content\/uploads\/2026\/03\/WhatsApp-Image-2026-03-11-at-17.13.35-819x1024.jpeg 819w, http:\/\/curva1kart.com.ar\/noticias\/wp-content\/uploads\/2026\/03\/WhatsApp-Image-2026-03-11-at-17.13.35-768x960.jpeg 768w\" sizes=\"auto, (max-width: 1024px) 100vw, 1024px\" \/> <img loading=\"lazy\" decoding=\"async\" class=\"aligncenter size-full wp-image-122447\" src=\"http:\/\/curva1kart.com.ar\/noticias\/wp-content\/uploads\/2026\/03\/WhatsApp-Image-2026-03-11-at-17.13.35-1.jpeg\" alt=\"\" width=\"1024\" height=\"1280\" srcset=\"http:\/\/curva1kart.com.ar\/noticias\/wp-content\/uploads\/2026\/03\/WhatsApp-Image-2026-03-11-at-17.13.35-1.jpeg 1024w, http:\/\/curva1kart.com.ar\/noticias\/wp-content\/uploads\/2026\/03\/WhatsApp-Image-2026-03-11-at-17.13.35-1-819x1024.jpeg 819w, http:\/\/curva1kart.com.ar\/noticias\/wp-content\/uploads\/2026\/03\/WhatsApp-Image-2026-03-11-at-17.13.35-1-768x960.jpeg 768w\" sizes=\"auto, (max-width: 1024px) 100vw, 1024px\" \/> <img loading=\"lazy\" decoding=\"async\" class=\"aligncenter size-full wp-image-122448\" src=\"http:\/\/curva1kart.com.ar\/noticias\/wp-content\/uploads\/2026\/03\/WhatsApp-Image-2026-03-11-at-17.13.35-2.jpeg\" alt=\"\" width=\"1024\" height=\"1280\" srcset=\"http:\/\/curva1kart.com.ar\/noticias\/wp-content\/uploads\/2026\/03\/WhatsApp-Image-2026-03-11-at-17.13.35-2.jpeg 1024w, http:\/\/curva1kart.com.ar\/noticias\/wp-content\/uploads\/2026\/03\/WhatsApp-Image-2026-03-11-at-17.13.35-2-819x1024.jpeg 819w, http:\/\/curva1kart.com.ar\/noticias\/wp-content\/uploads\/2026\/03\/WhatsApp-Image-2026-03-11-at-17.13.35-2-768x960.jpeg 768w\" sizes=\"auto, (max-width: 1024px) 100vw, 1024px\" \/><\/p>\n<h3>PROMOCI\u00d3N<\/h3>\n<p><img loading=\"lazy\" decoding=\"async\" class=\"aligncenter size-full wp-image-122445\" src=\"http:\/\/curva1kart.com.ar\/noticias\/wp-content\/uploads\/2026\/03\/WhatsApp-Image-2026-03-10-at-14.53.34.jpeg\" alt=\"\" width=\"960\" height=\"1280\" srcset=\"http:\/\/curva1kart.com.ar\/noticias\/wp-content\/uploads\/2026\/03\/WhatsApp-Image-2026-03-10-at-14.53.34.jpeg 960w, http:\/\/curva1kart.com.ar\/noticias\/wp-content\/uploads\/2026\/03\/WhatsApp-Image-2026-03-10-at-14.53.34-768x1024.jpeg 768w\" sizes=\"auto, (max-width: 960px) 100vw, 960px\" \/><\/p>\n","protected":false},"excerpt":{"rendered":"<p>El campeonato Prokart Neuqu\u00e9n R\u00edo Negro\u00a0tiene todo est\u00e1 listo para que el pr\u00f3ximo fin de semana del 14 y 15 de marzo se viva una verdadera fiesta del automovilismo en el Aut\u00f3dromo Parque Ciudad de General Roca. Te presentamos los horarios para el evento que promete reunir m\u00e1s de 130 participantes en el predio del&#46;&#46;&#46;<\/p>\n","protected":false},"author":1,"featured_media":122444,"comment_status":"closed","ping_status":"closed","sticky":false,"template":"","format":"standard","meta":{"footnotes":""},"categories":[9],"tags":[331],"class_list":["post-122443","post","type-post","status-publish","format-standard","has-post-thumbnail","hentry","category-argentina","tag-prokart-appk"],"yoast_head":"<!-- This site is optimized with the Yoast SEO Premium plugin v14.7 - https:\/\/yoast.com\/wordpress\/plugins\/seo\/ -->\n<title>PROKART APPK. Cronograma para la carrera en General Roca - Curva 1 KART<\/title>\n<meta name=\"robots\" content=\"index, follow\" \/>\n<meta name=\"googlebot\" content=\"index, follow, max-snippet:-1, max-image-preview:large, max-video-preview:-1\" \/>\n<meta name=\"bingbot\" content=\"index, follow, max-snippet:-1, max-image-preview:large, max-video-preview:-1\" \/>\n<link rel=\"canonical\" href=\"https:\/\/curva1kart.com.ar\/noticias\/?p=122443\" \/>\n<meta property=\"og:locale\" content=\"en_US\" \/>\n<meta property=\"og:type\" content=\"article\" \/>\n<meta property=\"og:title\" content=\"PROKART APPK. Cronograma para la carrera en General Roca - Curva 1 KART\" \/>\n<meta property=\"og:description\" content=\"El campeonato Prokart Neuqu\u00e9n R\u00edo Negro\u00a0tiene todo est\u00e1 listo para que el pr\u00f3ximo fin de semana del 14 y 15 de marzo se viva una verdadera fiesta del automovilismo en el Aut\u00f3dromo Parque Ciudad de General Roca. Te presentamos los horarios para el evento que promete reunir m\u00e1s de 130 participantes en el predio del&#046;&#046;&#046;\" \/>\n<meta property=\"og:url\" content=\"https:\/\/curva1kart.com.ar\/noticias\/?p=122443\" \/>\n<meta property=\"og:site_name\" content=\"Curva 1 KART\" \/>\n<meta property=\"article:publisher\" content=\"https:\/\/www.facebook.com\/curva1kart\/\" \/>\n<meta property=\"article:published_time\" content=\"2026-03-12T05:03:40+00:00\" \/>\n<meta property=\"article:modified_time\" content=\"2026-03-15T16:05:29+00:00\" \/>\n<meta property=\"og:image\" content=\"http:\/\/curva1kart.com.ar\/noticias\/wp-content\/uploads\/2026\/03\/643553808_18343532035241655_8044681133926397365_n-1.jpg\" \/>\n\t<meta property=\"og:image:width\" content=\"1069\" \/>\n\t<meta property=\"og:image:height\" content=\"713\" \/>\n<meta property=\"fb:app_id\" content=\"104995992409\" \/>\n<meta name=\"twitter:card\" content=\"summary_large_image\" \/>\n<meta name=\"twitter:creator\" content=\"@Curva1KART\" \/>\n<meta name=\"twitter:site\" content=\"@Curva1KART\" \/>\n<script type=\"application\/ld+json\" class=\"yoast-schema-graph\">{\"@context\":\"https:\/\/schema.org\",\"@graph\":[{\"@type\":\"WebSite\",\"@id\":\"https:\/\/curva1kart.com.ar\/noticias\/#website\",\"url\":\"https:\/\/curva1kart.com.ar\/noticias\/\",\"name\":\"Curva 1 KART\",\"description\":\"Karting Argentino, Sudamericano e Internacional\",\"potentialAction\":[{\"@type\":\"SearchAction\",\"target\":\"https:\/\/curva1kart.com.ar\/noticias\/?s={search_term_string}\",\"query-input\":\"required name=search_term_string\"}],\"inLanguage\":\"en-US\"},{\"@type\":\"ImageObject\",\"@id\":\"https:\/\/curva1kart.com.ar\/noticias\/?p=122443#primaryimage\",\"inLanguage\":\"en-US\",\"url\":\"http:\/\/curva1kart.com.ar\/noticias\/wp-content\/uploads\/2026\/03\/643553808_18343532035241655_8044681133926397365_n-1.jpg\",\"width\":1069,\"height\":713},{\"@type\":\"WebPage\",\"@id\":\"https:\/\/curva1kart.com.ar\/noticias\/?p=122443#webpage\",\"url\":\"https:\/\/curva1kart.com.ar\/noticias\/?p=122443\",\"name\":\"PROKART APPK. Cronograma para la carrera en General Roca - Curva 1 KART\",\"isPartOf\":{\"@id\":\"https:\/\/curva1kart.com.ar\/noticias\/#website\"},\"primaryImageOfPage\":{\"@id\":\"https:\/\/curva1kart.com.ar\/noticias\/?p=122443#primaryimage\"},\"datePublished\":\"2026-03-12T05:03:40+00:00\",\"dateModified\":\"2026-03-15T16:05:29+00:00\",\"author\":{\"@id\":\"https:\/\/curva1kart.com.ar\/noticias\/#\/schema\/person\/710d14304c85d21660d185f262399043\"},\"inLanguage\":\"en-US\",\"potentialAction\":[{\"@type\":\"ReadAction\",\"target\":[\"https:\/\/curva1kart.com.ar\/noticias\/?p=122443\"]}]},{\"@type\":[\"Person\"],\"@id\":\"https:\/\/curva1kart.com.ar\/noticias\/#\/schema\/person\/710d14304c85d21660d185f262399043\",\"name\":\"Jos\\u00e9 Bravo\"}]}<\/script>\n<!-- \/ Yoast SEO Premium plugin. -->","_links":{"self":[{"href":"https:\/\/curva1kart.com.ar\/noticias\/index.php?rest_route=\/wp\/v2\/posts\/122443","targetHints":{"allow":["GET"]}}],"collection":[{"href":"https:\/\/curva1kart.com.ar\/noticias\/index.php?rest_route=\/wp\/v2\/posts"}],"about":[{"href":"https:\/\/curva1kart.com.ar\/noticias\/index.php?rest_route=\/wp\/v2\/types\/post"}],"author":[{"embeddable":true,"href":"https:\/\/curva1kart.com.ar\/noticias\/index.php?rest_route=\/wp\/v2\/users\/1"}],"replies":[{"embeddable":true,"href":"https:\/\/curva1kart.com.ar\/noticias\/index.php?rest_route=%2Fwp%2Fv2%2Fcomments&post=122443"}],"version-history":[{"count":1,"href":"https:\/\/curva1kart.com.ar\/noticias\/index.php?rest_route=\/wp\/v2\/posts\/122443\/revisions"}],"predecessor-version":[{"id":122449,"href":"https:\/\/curva1kart.com.ar\/noticias\/index.php?rest_route=\/wp\/v2\/posts\/122443\/revisions\/122449"}],"wp:featuredmedia":[{"embeddable":true,"href":"https:\/\/curva1kart.com.ar\/noticias\/index.php?rest_route=\/wp\/v2\/media\/122444"}],"wp:attachment":[{"href":"https:\/\/curva1kart.com.ar\/noticias\/index.php?rest_route=%2Fwp%2Fv2%2Fmedia&parent=122443"}],"wp:term":[{"taxonomy":"category","embeddable":true,"href":"https:\/\/curva1kart.com.ar\/noticias\/index.php?rest_route=%2Fwp%2Fv2%2Fcategories&post=122443"},{"taxonomy":"post_tag","embeddable":true,"href":"https:\/\/curva1kart.com.ar\/noticias\/index.php?rest_route=%2Fwp%2Fv2%2Ftags&post=122443"}],"curies":[{"name":"wp","href":"https:\/\/api.w.org\/{rel}","templated":true}]}}