{"id":122435,"date":"2026-03-11T12:58:30","date_gmt":"2026-03-11T15:58:30","guid":{"rendered":"https:\/\/curva1kart.com.ar\/noticias\/?p=122435"},"modified":"2026-03-15T12:58:57","modified_gmt":"2026-03-15T15:58:57","slug":"prokart-appk-todo-listo-para-la-segunda-fecha-en-general-roca","status":"publish","type":"post","link":"https:\/\/curva1kart.com.ar\/noticias\/?p=122435","title":{"rendered":"PROKART APPK. Todo listo para la segunda fecha en General Roca"},"content":{"rendered":"<p><img loading=\"lazy\" decoding=\"async\" class=\"aligncenter size-full wp-image-122436\" src=\"http:\/\/curva1kart.com.ar\/noticias\/wp-content\/uploads\/2026\/03\/642481870_18343532026241655_6289912172673553883_n.jpg\" alt=\"\" width=\"1079\" height=\"719\" srcset=\"http:\/\/curva1kart.com.ar\/noticias\/wp-content\/uploads\/2026\/03\/642481870_18343532026241655_6289912172673553883_n.jpg 1079w, http:\/\/curva1kart.com.ar\/noticias\/wp-content\/uploads\/2026\/03\/642481870_18343532026241655_6289912172673553883_n-1000x667.jpg 1000w, http:\/\/curva1kart.com.ar\/noticias\/wp-content\/uploads\/2026\/03\/642481870_18343532026241655_6289912172673553883_n-1024x682.jpg 1024w, http:\/\/curva1kart.com.ar\/noticias\/wp-content\/uploads\/2026\/03\/642481870_18343532026241655_6289912172673553883_n-768x512.jpg 768w\" sizes=\"auto, (max-width: 1079px) 100vw, 1079px\" \/><\/p>\n<p>Luego de la hist\u00f3rica primera fecha de <strong>Prokart Neuqu\u00e9n R\u00edo Negro <\/strong>en Centenario en la que la categor\u00eda bati\u00f3 su record hist\u00f3rico de los \u00faltimos 3 a\u00f1os con m\u00e1s de 150 karting, todo est\u00e1 listo para que el pr\u00f3ximo fin de semana (14 y 15 de marzo) se viva una verdadera fiesta del automovilismo en el <strong>Aut\u00f3dromo Parque Ciudad de General Roca.<\/strong><\/p>\n<p>El Prokart desembarca en el Valle Frutal de Rio Negro donde se disputar\u00e1 la segunda fecha de la temporada en la que se esperan muchos pilotos y grandes carreras.<\/p>\n<p>El cronograma de competencia de este fin de semana ser\u00e1 el que se utiliz\u00f3 en la primera fecha, teniendo entrenamientos oficiales el d\u00eda viernes, clasificaci\u00f3n y series el s\u00e1bado; y prefinales y finales en la jornada dominguera.<\/p>\n<p>Las divisionales presentes ser\u00e1n Promocional, Junior 150, S\u00faper Sudam Senior, S\u00faper Sudam Master, Junior 125, 150 Light y su divisional graduados, Varilleros, 150 Pista y su divisional graduados; y la Escuela APPK.<\/p>\n<p>En la \u00faltima fecha, los ganadores fueron Cassio Lanigau (Promocional), Bautista Castillo (Escuela), Noah Vasicek (Junior 125), Eric Douglas (Varilleros), Luciano Pessino (Sudam Senior), Ezequien Ochoa (Light 150), Alejandro Biassi (Light 150 Graduados), Sami Menda\u00f1a (150 Pista), Pablo Blanco (150 Pista Graduados), Julian Pessino (Sudam M\u00e1ster) y Joaqu\u00edn Troncoso (150 Junior).<\/p>\n<p>El costo de las entradas es de $12.000 para ambas jornadas. Es decir que se paga 1 entrada para ingresar ambos d\u00edas.<\/p>\n<p><img loading=\"lazy\" decoding=\"async\" class=\"aligncenter size-full wp-image-122437\" src=\"http:\/\/curva1kart.com.ar\/noticias\/wp-content\/uploads\/2026\/03\/643553808_18343532035241655_8044681133926397365_n.jpg\" alt=\"\" width=\"1069\" height=\"713\" srcset=\"http:\/\/curva1kart.com.ar\/noticias\/wp-content\/uploads\/2026\/03\/643553808_18343532035241655_8044681133926397365_n.jpg 1069w, http:\/\/curva1kart.com.ar\/noticias\/wp-content\/uploads\/2026\/03\/643553808_18343532035241655_8044681133926397365_n-1000x667.jpg 1000w, http:\/\/curva1kart.com.ar\/noticias\/wp-content\/uploads\/2026\/03\/643553808_18343532035241655_8044681133926397365_n-1024x683.jpg 1024w, http:\/\/curva1kart.com.ar\/noticias\/wp-content\/uploads\/2026\/03\/643553808_18343532035241655_8044681133926397365_n-768x512.jpg 768w\" sizes=\"auto, (max-width: 1069px) 100vw, 1069px\" \/> <img loading=\"lazy\" decoding=\"async\" class=\"aligncenter size-full wp-image-122438\" src=\"http:\/\/curva1kart.com.ar\/noticias\/wp-content\/uploads\/2026\/03\/649072950_18344409823241655_1990326969928179457_n.jpg\" alt=\"\" width=\"1075\" height=\"1349\" srcset=\"http:\/\/curva1kart.com.ar\/noticias\/wp-content\/uploads\/2026\/03\/649072950_18344409823241655_1990326969928179457_n.jpg 1075w, http:\/\/curva1kart.com.ar\/noticias\/wp-content\/uploads\/2026\/03\/649072950_18344409823241655_1990326969928179457_n-816x1024.jpg 816w, http:\/\/curva1kart.com.ar\/noticias\/wp-content\/uploads\/2026\/03\/649072950_18344409823241655_1990326969928179457_n-768x964.jpg 768w\" sizes=\"auto, (max-width: 1075px) 100vw, 1075px\" \/> <img loading=\"lazy\" decoding=\"async\" class=\"aligncenter size-full wp-image-122439\" src=\"http:\/\/curva1kart.com.ar\/noticias\/wp-content\/uploads\/2026\/03\/649228425_18344409832241655_2352284578799803966_n.jpg\" alt=\"\" width=\"1078\" height=\"1349\" srcset=\"http:\/\/curva1kart.com.ar\/noticias\/wp-content\/uploads\/2026\/03\/649228425_18344409832241655_2352284578799803966_n.jpg 1078w, http:\/\/curva1kart.com.ar\/noticias\/wp-content\/uploads\/2026\/03\/649228425_18344409832241655_2352284578799803966_n-818x1024.jpg 818w, http:\/\/curva1kart.com.ar\/noticias\/wp-content\/uploads\/2026\/03\/649228425_18344409832241655_2352284578799803966_n-768x961.jpg 768w\" sizes=\"auto, (max-width: 1078px) 100vw, 1078px\" \/> <img loading=\"lazy\" decoding=\"async\" class=\"aligncenter size-full wp-image-122440\" src=\"http:\/\/curva1kart.com.ar\/noticias\/wp-content\/uploads\/2026\/03\/649249393_18344409796241655_1217773204620460724_n.jpg\" alt=\"\" width=\"1074\" height=\"1348\" srcset=\"http:\/\/curva1kart.com.ar\/noticias\/wp-content\/uploads\/2026\/03\/649249393_18344409796241655_1217773204620460724_n.jpg 1074w, http:\/\/curva1kart.com.ar\/noticias\/wp-content\/uploads\/2026\/03\/649249393_18344409796241655_1217773204620460724_n-816x1024.jpg 816w, http:\/\/curva1kart.com.ar\/noticias\/wp-content\/uploads\/2026\/03\/649249393_18344409796241655_1217773204620460724_n-768x964.jpg 768w\" sizes=\"auto, (max-width: 1074px) 100vw, 1074px\" \/> <img loading=\"lazy\" decoding=\"async\" class=\"aligncenter size-full wp-image-122441\" src=\"http:\/\/curva1kart.com.ar\/noticias\/wp-content\/uploads\/2026\/03\/649852042_18344409805241655_4487746779610545629_n.jpg\" alt=\"\" width=\"1076\" height=\"1350\" srcset=\"http:\/\/curva1kart.com.ar\/noticias\/wp-content\/uploads\/2026\/03\/649852042_18344409805241655_4487746779610545629_n.jpg 1076w, http:\/\/curva1kart.com.ar\/noticias\/wp-content\/uploads\/2026\/03\/649852042_18344409805241655_4487746779610545629_n-816x1024.jpg 816w, http:\/\/curva1kart.com.ar\/noticias\/wp-content\/uploads\/2026\/03\/649852042_18344409805241655_4487746779610545629_n-768x964.jpg 768w\" sizes=\"auto, (max-width: 1076px) 100vw, 1076px\" \/><\/p>\n","protected":false},"excerpt":{"rendered":"<p>Luego de la hist\u00f3rica primera fecha de Prokart Neuqu\u00e9n R\u00edo Negro en Centenario en la que la categor\u00eda bati\u00f3 su record hist\u00f3rico de los \u00faltimos 3 a\u00f1os con m\u00e1s de 150 karting, todo est\u00e1 listo para que el pr\u00f3ximo fin de semana (14 y 15 de marzo) se viva una verdadera fiesta del automovilismo en&#46;&#46;&#46;<\/p>\n","protected":false},"author":1,"featured_media":122436,"comment_status":"closed","ping_status":"closed","sticky":false,"template":"","format":"standard","meta":{"footnotes":""},"categories":[9],"tags":[331],"class_list":["post-122435","post","type-post","status-publish","format-standard","has-post-thumbnail","hentry","category-argentina","tag-prokart-appk"],"yoast_head":"<!-- This site is optimized with the Yoast SEO Premium plugin v14.7 - https:\/\/yoast.com\/wordpress\/plugins\/seo\/ -->\n<title>PROKART APPK. Todo listo para la segunda fecha en General Roca - Curva 1 KART<\/title>\n<meta name=\"robots\" content=\"index, follow\" \/>\n<meta name=\"googlebot\" content=\"index, follow, max-snippet:-1, max-image-preview:large, max-video-preview:-1\" \/>\n<meta name=\"bingbot\" content=\"index, follow, max-snippet:-1, max-image-preview:large, max-video-preview:-1\" \/>\n<link rel=\"canonical\" href=\"https:\/\/curva1kart.com.ar\/noticias\/?p=122435\" \/>\n<meta property=\"og:locale\" content=\"en_US\" \/>\n<meta property=\"og:type\" content=\"article\" \/>\n<meta property=\"og:title\" content=\"PROKART APPK. Todo listo para la segunda fecha en General Roca - Curva 1 KART\" \/>\n<meta property=\"og:description\" content=\"Luego de la hist\u00f3rica primera fecha de Prokart Neuqu\u00e9n R\u00edo Negro en Centenario en la que la categor\u00eda bati\u00f3 su record hist\u00f3rico de los \u00faltimos 3 a\u00f1os con m\u00e1s de 150 karting, todo est\u00e1 listo para que el pr\u00f3ximo fin de semana (14 y 15 de marzo) se viva una verdadera fiesta del automovilismo en&#046;&#046;&#046;\" \/>\n<meta property=\"og:url\" content=\"https:\/\/curva1kart.com.ar\/noticias\/?p=122435\" \/>\n<meta property=\"og:site_name\" content=\"Curva 1 KART\" \/>\n<meta property=\"article:publisher\" content=\"https:\/\/www.facebook.com\/curva1kart\/\" \/>\n<meta property=\"article:published_time\" content=\"2026-03-11T15:58:30+00:00\" \/>\n<meta property=\"article:modified_time\" content=\"2026-03-15T15:58:57+00:00\" \/>\n<meta property=\"og:image\" content=\"http:\/\/curva1kart.com.ar\/noticias\/wp-content\/uploads\/2026\/03\/642481870_18343532026241655_6289912172673553883_n.jpg\" \/>\n\t<meta property=\"og:image:width\" content=\"1079\" \/>\n\t<meta property=\"og:image:height\" content=\"719\" \/>\n<meta property=\"fb:app_id\" content=\"104995992409\" \/>\n<meta name=\"twitter:card\" content=\"summary_large_image\" \/>\n<meta name=\"twitter:creator\" content=\"@Curva1KART\" \/>\n<meta name=\"twitter:site\" content=\"@Curva1KART\" \/>\n<script type=\"application\/ld+json\" class=\"yoast-schema-graph\">{\"@context\":\"https:\/\/schema.org\",\"@graph\":[{\"@type\":\"WebSite\",\"@id\":\"https:\/\/curva1kart.com.ar\/noticias\/#website\",\"url\":\"https:\/\/curva1kart.com.ar\/noticias\/\",\"name\":\"Curva 1 KART\",\"description\":\"Karting Argentino, Sudamericano e Internacional\",\"potentialAction\":[{\"@type\":\"SearchAction\",\"target\":\"https:\/\/curva1kart.com.ar\/noticias\/?s={search_term_string}\",\"query-input\":\"required name=search_term_string\"}],\"inLanguage\":\"en-US\"},{\"@type\":\"ImageObject\",\"@id\":\"https:\/\/curva1kart.com.ar\/noticias\/?p=122435#primaryimage\",\"inLanguage\":\"en-US\",\"url\":\"http:\/\/curva1kart.com.ar\/noticias\/wp-content\/uploads\/2026\/03\/642481870_18343532026241655_6289912172673553883_n.jpg\",\"width\":1079,\"height\":719},{\"@type\":\"WebPage\",\"@id\":\"https:\/\/curva1kart.com.ar\/noticias\/?p=122435#webpage\",\"url\":\"https:\/\/curva1kart.com.ar\/noticias\/?p=122435\",\"name\":\"PROKART APPK. Todo listo para la segunda fecha en General Roca - Curva 1 KART\",\"isPartOf\":{\"@id\":\"https:\/\/curva1kart.com.ar\/noticias\/#website\"},\"primaryImageOfPage\":{\"@id\":\"https:\/\/curva1kart.com.ar\/noticias\/?p=122435#primaryimage\"},\"datePublished\":\"2026-03-11T15:58:30+00:00\",\"dateModified\":\"2026-03-15T15:58:57+00:00\",\"author\":{\"@id\":\"https:\/\/curva1kart.com.ar\/noticias\/#\/schema\/person\/710d14304c85d21660d185f262399043\"},\"inLanguage\":\"en-US\",\"potentialAction\":[{\"@type\":\"ReadAction\",\"target\":[\"https:\/\/curva1kart.com.ar\/noticias\/?p=122435\"]}]},{\"@type\":[\"Person\"],\"@id\":\"https:\/\/curva1kart.com.ar\/noticias\/#\/schema\/person\/710d14304c85d21660d185f262399043\",\"name\":\"Jos\\u00e9 Bravo\"}]}<\/script>\n<!-- \/ Yoast SEO Premium plugin. -->","_links":{"self":[{"href":"https:\/\/curva1kart.com.ar\/noticias\/index.php?rest_route=\/wp\/v2\/posts\/122435","targetHints":{"allow":["GET"]}}],"collection":[{"href":"https:\/\/curva1kart.com.ar\/noticias\/index.php?rest_route=\/wp\/v2\/posts"}],"about":[{"href":"https:\/\/curva1kart.com.ar\/noticias\/index.php?rest_route=\/wp\/v2\/types\/post"}],"author":[{"embeddable":true,"href":"https:\/\/curva1kart.com.ar\/noticias\/index.php?rest_route=\/wp\/v2\/users\/1"}],"replies":[{"embeddable":true,"href":"https:\/\/curva1kart.com.ar\/noticias\/index.php?rest_route=%2Fwp%2Fv2%2Fcomments&post=122435"}],"version-history":[{"count":1,"href":"https:\/\/curva1kart.com.ar\/noticias\/index.php?rest_route=\/wp\/v2\/posts\/122435\/revisions"}],"predecessor-version":[{"id":122442,"href":"https:\/\/curva1kart.com.ar\/noticias\/index.php?rest_route=\/wp\/v2\/posts\/122435\/revisions\/122442"}],"wp:featuredmedia":[{"embeddable":true,"href":"https:\/\/curva1kart.com.ar\/noticias\/index.php?rest_route=\/wp\/v2\/media\/122436"}],"wp:attachment":[{"href":"https:\/\/curva1kart.com.ar\/noticias\/index.php?rest_route=%2Fwp%2Fv2%2Fmedia&parent=122435"}],"wp:term":[{"taxonomy":"category","embeddable":true,"href":"https:\/\/curva1kart.com.ar\/noticias\/index.php?rest_route=%2Fwp%2Fv2%2Fcategories&post=122435"},{"taxonomy":"post_tag","embeddable":true,"href":"https:\/\/curva1kart.com.ar\/noticias\/index.php?rest_route=%2Fwp%2Fv2%2Ftags&post=122435"}],"curies":[{"name":"wp","href":"https:\/\/api.w.org\/{rel}","templated":true}]}}