{"id":122397,"date":"2026-03-11T22:16:09","date_gmt":"2026-03-12T01:16:09","guid":{"rendered":"https:\/\/curva1kart.com.ar\/noticias\/?p=122397"},"modified":"2026-03-11T22:16:09","modified_gmt":"2026-03-12T01:16:09","slug":"motivador-inicio-de-prokart-metropolitano-en-la-catedral-del-karting","status":"publish","type":"post","link":"https:\/\/curva1kart.com.ar\/noticias\/?p=122397","title":{"rendered":"Motivador inicio de Prokart Metropolitano en la catedral del karting"},"content":{"rendered":"<p><img loading=\"lazy\" decoding=\"async\" class=\"aligncenter size-full wp-image-122415\" src=\"http:\/\/curva1kart.com.ar\/noticias\/wp-content\/uploads\/2026\/03\/IMG-20260311-WA0012.jpg\" alt=\"\" width=\"1445\" height=\"963\" srcset=\"http:\/\/curva1kart.com.ar\/noticias\/wp-content\/uploads\/2026\/03\/IMG-20260311-WA0012.jpg 1445w, http:\/\/curva1kart.com.ar\/noticias\/wp-content\/uploads\/2026\/03\/IMG-20260311-WA0012-1000x667.jpg 1000w, http:\/\/curva1kart.com.ar\/noticias\/wp-content\/uploads\/2026\/03\/IMG-20260311-WA0012-1024x682.jpg 1024w, http:\/\/curva1kart.com.ar\/noticias\/wp-content\/uploads\/2026\/03\/IMG-20260311-WA0012-768x512.jpg 768w\" sizes=\"auto, (max-width: 1445px) 100vw, 1445px\" \/><\/p>\n<p>El campeonato <strong>Prokart Metropolitano<\/strong> comenz\u00f3 su<strong> 33\u00b0 temporada<\/strong> dentro del karting argentino, con categorias concurridas y renovaci\u00f3n en distintos sectores que componen el certamen.<\/p>\n<p>El certamen dirigido por Eduardo Hern\u00e1ndez abri\u00f3 el a\u00f1o en el <strong>Kart\u00f3dromo de Buenos Aires,<\/strong> con la presencia de 65 pilotos y el debut de la divisional &#8220;Copa DM Kart&#8221;.<\/p>\n<p>La categor\u00eda m\u00e1s numerosa fue la Low Cost que reuni\u00f3 una grilla de 23 m\u00e1quinas!<\/p>\n<p>Vito Lipara (Al Kart) se llev\u00f3 la victoria en Mini Promo, a la vez que tambi\u00e9n festejaron Joaqu\u00edn Rossotti (General 135cc) e Juan Ignacio Agnoli (Low Cost). Fabricio Di Meo venci\u00f3 en Amateur Light y Nicola Escal\u00f3n fue el primer ganador de la Copa DM Kart que tuvo 16 participantes.<\/p>\n<p>El segundo capitulo de Prokart Metropolitano est\u00e1 programado para el 11 y 12 de Abril, nuevamente en Buenos Aires.<\/p>\n<p><em>Informe: Jos\u00e9 Bravo \/ Fotos: Beto D\u00edaz<\/em><\/p>\n\n\t\t<style type=\"text\/css\">\n\t\t\t#gallery-1 {\n\t\t\t\tmargin: auto;\n\t\t\t}\n\t\t\t#gallery-1 .gallery-item {\n\t\t\t\tfloat: left;\n\t\t\t\tmargin-top: 10px;\n\t\t\t\ttext-align: center;\n\t\t\t\twidth: 33%;\n\t\t\t}\n\t\t\t#gallery-1 img {\n\t\t\t\tborder: 2px solid #cfcfcf;\n\t\t\t}\n\t\t\t#gallery-1 .gallery-caption {\n\t\t\t\tmargin-left: 0;\n\t\t\t}\n\t\t\t\/* see gallery_shortcode() in wp-includes\/media.php *\/\n\t\t<\/style>\n\t\t<div id='gallery-1' class='gallery galleryid-122397 gallery-columns-3 gallery-size-thumbnail'><dl class='gallery-item'>\n\t\t\t<dt class='gallery-icon portrait'>\n\t\t\t\t<a href='http:\/\/curva1kart.com.ar\/noticias\/wp-content\/uploads\/2026\/03\/IMG-20260311-WA0022.jpg'><img loading=\"lazy\" decoding=\"async\" width=\"300\" height=\"169\" src=\"http:\/\/curva1kart.com.ar\/noticias\/wp-content\/uploads\/2026\/03\/IMG-20260311-WA0022-300x169.jpg\" class=\"attachment-thumbnail size-thumbnail\" alt=\"\" \/><\/a>\n\t\t\t<\/dt><\/dl><dl class='gallery-item'>\n\t\t\t<dt class='gallery-icon portrait'>\n\t\t\t\t<a href='http:\/\/curva1kart.com.ar\/noticias\/wp-content\/uploads\/2026\/03\/IMG-20260311-WA0014.jpg'><img loading=\"lazy\" decoding=\"async\" width=\"300\" height=\"169\" src=\"http:\/\/curva1kart.com.ar\/noticias\/wp-content\/uploads\/2026\/03\/IMG-20260311-WA0014-300x169.jpg\" class=\"attachment-thumbnail size-thumbnail\" alt=\"\" \/><\/a>\n\t\t\t<\/dt><\/dl><dl class='gallery-item'>\n\t\t\t<dt class='gallery-icon portrait'>\n\t\t\t\t<a href='http:\/\/curva1kart.com.ar\/noticias\/wp-content\/uploads\/2026\/03\/IMG-20260311-WA0018.jpg'><img loading=\"lazy\" decoding=\"async\" width=\"300\" height=\"169\" src=\"http:\/\/curva1kart.com.ar\/noticias\/wp-content\/uploads\/2026\/03\/IMG-20260311-WA0018-300x169.jpg\" class=\"attachment-thumbnail size-thumbnail\" alt=\"\" \/><\/a>\n\t\t\t<\/dt><\/dl><br style=\"clear: both\" \/><dl class='gallery-item'>\n\t\t\t<dt class='gallery-icon portrait'>\n\t\t\t\t<a href='http:\/\/curva1kart.com.ar\/noticias\/wp-content\/uploads\/2026\/03\/IMG-20260311-WA0020.jpg'><img loading=\"lazy\" decoding=\"async\" width=\"300\" height=\"169\" src=\"http:\/\/curva1kart.com.ar\/noticias\/wp-content\/uploads\/2026\/03\/IMG-20260311-WA0020-300x169.jpg\" class=\"attachment-thumbnail size-thumbnail\" alt=\"\" \/><\/a>\n\t\t\t<\/dt><\/dl><dl class='gallery-item'>\n\t\t\t<dt class='gallery-icon portrait'>\n\t\t\t\t<a href='http:\/\/curva1kart.com.ar\/noticias\/wp-content\/uploads\/2026\/03\/IMG-20260311-WA0021.jpg'><img loading=\"lazy\" decoding=\"async\" width=\"300\" height=\"169\" src=\"http:\/\/curva1kart.com.ar\/noticias\/wp-content\/uploads\/2026\/03\/IMG-20260311-WA0021-300x169.jpg\" class=\"attachment-thumbnail size-thumbnail\" alt=\"\" \/><\/a>\n\t\t\t<\/dt><\/dl><dl class='gallery-item'>\n\t\t\t<dt class='gallery-icon portrait'>\n\t\t\t\t<a href='http:\/\/curva1kart.com.ar\/noticias\/wp-content\/uploads\/2026\/03\/IMG-20260311-WA0017.jpg'><img loading=\"lazy\" decoding=\"async\" width=\"300\" height=\"169\" src=\"http:\/\/curva1kart.com.ar\/noticias\/wp-content\/uploads\/2026\/03\/IMG-20260311-WA0017-300x169.jpg\" class=\"attachment-thumbnail size-thumbnail\" alt=\"\" \/><\/a>\n\t\t\t<\/dt><\/dl><br style=\"clear: both\" \/>\n\t\t<\/div>\n\n<hr \/>\n<h3 style=\"text-align: center;\"><a href=\"https:\/\/speedhive.mylaps.com\/events\/3366551\" target=\"_blank\" rel=\"noopener\">RESULTADOS<\/a><\/h3>\n<p style=\"text-align: center;\">Fecha 1<\/p>\n<hr \/>\n<h3 style=\"text-align: center;\">STREAMING<\/h3>\n<div class=\"video-container\"><iframe loading=\"lazy\" title=\"Fecha 01 - Campeonato 2026 - Prokart - 8\/3\/2026\" width=\"720\" height=\"405\" src=\"https:\/\/www.youtube.com\/embed\/Xx1F5S4Gtiw?start=3315&#038;feature=oembed\" frameborder=\"0\" allow=\"accelerometer; autoplay; clipboard-write; encrypted-media; gyroscope; picture-in-picture; web-share\" referrerpolicy=\"strict-origin-when-cross-origin\" allowfullscreen><\/iframe><\/div>\n<hr \/>\n<h3>MINI PROMO<\/h3>\n<p>LIPARA GAN\u00d3 EN LA FECHA INICIAL DEL 2026<\/p>\n<p><img loading=\"lazy\" decoding=\"async\" class=\"aligncenter size-full wp-image-122399\" src=\"http:\/\/curva1kart.com.ar\/noticias\/wp-content\/uploads\/2026\/03\/Captura-de-pantalla-2026-03-11-215752.png\" alt=\"\" width=\"1145\" height=\"274\" srcset=\"http:\/\/curva1kart.com.ar\/noticias\/wp-content\/uploads\/2026\/03\/Captura-de-pantalla-2026-03-11-215752.png 1145w, http:\/\/curva1kart.com.ar\/noticias\/wp-content\/uploads\/2026\/03\/Captura-de-pantalla-2026-03-11-215752-1024x245.png 1024w, http:\/\/curva1kart.com.ar\/noticias\/wp-content\/uploads\/2026\/03\/Captura-de-pantalla-2026-03-11-215752-768x184.png 768w\" sizes=\"auto, (max-width: 1145px) 100vw, 1145px\" \/><img loading=\"lazy\" decoding=\"async\" class=\"aligncenter size-full wp-image-122404\" src=\"http:\/\/curva1kart.com.ar\/noticias\/wp-content\/uploads\/2026\/03\/IMG-20260311-WA0023.jpg\" alt=\"\" width=\"1600\" height=\"1066\" srcset=\"http:\/\/curva1kart.com.ar\/noticias\/wp-content\/uploads\/2026\/03\/IMG-20260311-WA0023.jpg 1600w, http:\/\/curva1kart.com.ar\/noticias\/wp-content\/uploads\/2026\/03\/IMG-20260311-WA0023-1000x667.jpg 1000w, http:\/\/curva1kart.com.ar\/noticias\/wp-content\/uploads\/2026\/03\/IMG-20260311-WA0023-1024x682.jpg 1024w, http:\/\/curva1kart.com.ar\/noticias\/wp-content\/uploads\/2026\/03\/IMG-20260311-WA0023-768x512.jpg 768w, http:\/\/curva1kart.com.ar\/noticias\/wp-content\/uploads\/2026\/03\/IMG-20260311-WA0023-1536x1023.jpg 1536w\" sizes=\"auto, (max-width: 1600px) 100vw, 1600px\" \/> <img loading=\"lazy\" decoding=\"async\" class=\"aligncenter size-full wp-image-122405\" src=\"http:\/\/curva1kart.com.ar\/noticias\/wp-content\/uploads\/2026\/03\/IMG-20260311-WA0003.jpg\" alt=\"\" width=\"1600\" height=\"1066\" srcset=\"http:\/\/curva1kart.com.ar\/noticias\/wp-content\/uploads\/2026\/03\/IMG-20260311-WA0003.jpg 1600w, http:\/\/curva1kart.com.ar\/noticias\/wp-content\/uploads\/2026\/03\/IMG-20260311-WA0003-1000x667.jpg 1000w, http:\/\/curva1kart.com.ar\/noticias\/wp-content\/uploads\/2026\/03\/IMG-20260311-WA0003-1024x682.jpg 1024w, http:\/\/curva1kart.com.ar\/noticias\/wp-content\/uploads\/2026\/03\/IMG-20260311-WA0003-768x512.jpg 768w, http:\/\/curva1kart.com.ar\/noticias\/wp-content\/uploads\/2026\/03\/IMG-20260311-WA0003-1536x1023.jpg 1536w\" sizes=\"auto, (max-width: 1600px) 100vw, 1600px\" \/> <img loading=\"lazy\" decoding=\"async\" class=\"aligncenter size-full wp-image-122406\" src=\"http:\/\/curva1kart.com.ar\/noticias\/wp-content\/uploads\/2026\/03\/IMG-20260311-WA0004.jpg\" alt=\"\" width=\"1600\" height=\"1066\" srcset=\"http:\/\/curva1kart.com.ar\/noticias\/wp-content\/uploads\/2026\/03\/IMG-20260311-WA0004.jpg 1600w, http:\/\/curva1kart.com.ar\/noticias\/wp-content\/uploads\/2026\/03\/IMG-20260311-WA0004-1000x667.jpg 1000w, http:\/\/curva1kart.com.ar\/noticias\/wp-content\/uploads\/2026\/03\/IMG-20260311-WA0004-1024x682.jpg 1024w, http:\/\/curva1kart.com.ar\/noticias\/wp-content\/uploads\/2026\/03\/IMG-20260311-WA0004-768x512.jpg 768w, http:\/\/curva1kart.com.ar\/noticias\/wp-content\/uploads\/2026\/03\/IMG-20260311-WA0004-1536x1023.jpg 1536w\" sizes=\"auto, (max-width: 1600px) 100vw, 1600px\" \/> <img loading=\"lazy\" decoding=\"async\" class=\"aligncenter size-full wp-image-122407\" src=\"http:\/\/curva1kart.com.ar\/noticias\/wp-content\/uploads\/2026\/03\/IMG-20260311-WA0005.jpg\" alt=\"\" width=\"1600\" height=\"1066\" srcset=\"http:\/\/curva1kart.com.ar\/noticias\/wp-content\/uploads\/2026\/03\/IMG-20260311-WA0005.jpg 1600w, http:\/\/curva1kart.com.ar\/noticias\/wp-content\/uploads\/2026\/03\/IMG-20260311-WA0005-1000x667.jpg 1000w, http:\/\/curva1kart.com.ar\/noticias\/wp-content\/uploads\/2026\/03\/IMG-20260311-WA0005-1024x682.jpg 1024w, http:\/\/curva1kart.com.ar\/noticias\/wp-content\/uploads\/2026\/03\/IMG-20260311-WA0005-768x512.jpg 768w, http:\/\/curva1kart.com.ar\/noticias\/wp-content\/uploads\/2026\/03\/IMG-20260311-WA0005-1536x1023.jpg 1536w\" sizes=\"auto, (max-width: 1600px) 100vw, 1600px\" \/><\/p>\n<hr \/>\n<h3>GENERAL 135CC<\/h3>\n<p>JOAQU\u00cdN ROSSOTTI FUE DUE\u00d1O DE LA GENERAL<\/p>\n<p><img loading=\"lazy\" decoding=\"async\" class=\"aligncenter size-full wp-image-122400\" src=\"http:\/\/curva1kart.com.ar\/noticias\/wp-content\/uploads\/2026\/03\/Captura-de-pantalla-2026-03-11-215840.png\" alt=\"\" width=\"1156\" height=\"496\" srcset=\"http:\/\/curva1kart.com.ar\/noticias\/wp-content\/uploads\/2026\/03\/Captura-de-pantalla-2026-03-11-215840.png 1156w, http:\/\/curva1kart.com.ar\/noticias\/wp-content\/uploads\/2026\/03\/Captura-de-pantalla-2026-03-11-215840-1024x439.png 1024w, http:\/\/curva1kart.com.ar\/noticias\/wp-content\/uploads\/2026\/03\/Captura-de-pantalla-2026-03-11-215840-768x330.png 768w\" sizes=\"auto, (max-width: 1156px) 100vw, 1156px\" \/><img loading=\"lazy\" decoding=\"async\" class=\"aligncenter size-full wp-image-122408\" src=\"http:\/\/curva1kart.com.ar\/noticias\/wp-content\/uploads\/2026\/03\/IMG-20260311-WA0008.jpg\" alt=\"\" width=\"1600\" height=\"1066\" srcset=\"http:\/\/curva1kart.com.ar\/noticias\/wp-content\/uploads\/2026\/03\/IMG-20260311-WA0008.jpg 1600w, http:\/\/curva1kart.com.ar\/noticias\/wp-content\/uploads\/2026\/03\/IMG-20260311-WA0008-1000x667.jpg 1000w, http:\/\/curva1kart.com.ar\/noticias\/wp-content\/uploads\/2026\/03\/IMG-20260311-WA0008-1024x682.jpg 1024w, http:\/\/curva1kart.com.ar\/noticias\/wp-content\/uploads\/2026\/03\/IMG-20260311-WA0008-768x512.jpg 768w, http:\/\/curva1kart.com.ar\/noticias\/wp-content\/uploads\/2026\/03\/IMG-20260311-WA0008-1536x1023.jpg 1536w\" sizes=\"auto, (max-width: 1600px) 100vw, 1600px\" \/> <img loading=\"lazy\" decoding=\"async\" class=\"aligncenter size-full wp-image-122409\" src=\"http:\/\/curva1kart.com.ar\/noticias\/wp-content\/uploads\/2026\/03\/IMG-20260311-WA0007.jpg\" alt=\"\" width=\"1600\" height=\"1066\" srcset=\"http:\/\/curva1kart.com.ar\/noticias\/wp-content\/uploads\/2026\/03\/IMG-20260311-WA0007.jpg 1600w, http:\/\/curva1kart.com.ar\/noticias\/wp-content\/uploads\/2026\/03\/IMG-20260311-WA0007-1000x667.jpg 1000w, http:\/\/curva1kart.com.ar\/noticias\/wp-content\/uploads\/2026\/03\/IMG-20260311-WA0007-1024x682.jpg 1024w, http:\/\/curva1kart.com.ar\/noticias\/wp-content\/uploads\/2026\/03\/IMG-20260311-WA0007-768x512.jpg 768w, http:\/\/curva1kart.com.ar\/noticias\/wp-content\/uploads\/2026\/03\/IMG-20260311-WA0007-1536x1023.jpg 1536w\" sizes=\"auto, (max-width: 1600px) 100vw, 1600px\" \/> <img loading=\"lazy\" decoding=\"async\" class=\"aligncenter size-full wp-image-122410\" src=\"http:\/\/curva1kart.com.ar\/noticias\/wp-content\/uploads\/2026\/03\/IMG-20260311-WA0009.jpg\" alt=\"\" width=\"1600\" height=\"1066\" srcset=\"http:\/\/curva1kart.com.ar\/noticias\/wp-content\/uploads\/2026\/03\/IMG-20260311-WA0009.jpg 1600w, http:\/\/curva1kart.com.ar\/noticias\/wp-content\/uploads\/2026\/03\/IMG-20260311-WA0009-1000x667.jpg 1000w, http:\/\/curva1kart.com.ar\/noticias\/wp-content\/uploads\/2026\/03\/IMG-20260311-WA0009-1024x682.jpg 1024w, http:\/\/curva1kart.com.ar\/noticias\/wp-content\/uploads\/2026\/03\/IMG-20260311-WA0009-768x512.jpg 768w, http:\/\/curva1kart.com.ar\/noticias\/wp-content\/uploads\/2026\/03\/IMG-20260311-WA0009-1536x1023.jpg 1536w\" sizes=\"auto, (max-width: 1600px) 100vw, 1600px\" \/><\/p>\n<hr \/>\n<h3>LOW COST<\/h3>\n<p>AGNOLI SE LLEV\u00d3 VICTORIA Y R\u00c9CORD DE VUELTA<\/p>\n<p><img loading=\"lazy\" decoding=\"async\" class=\"aligncenter size-full wp-image-122401\" src=\"http:\/\/curva1kart.com.ar\/noticias\/wp-content\/uploads\/2026\/03\/Captura-de-pantalla-2026-03-11-215935.png\" alt=\"\" width=\"928\" height=\"860\" srcset=\"http:\/\/curva1kart.com.ar\/noticias\/wp-content\/uploads\/2026\/03\/Captura-de-pantalla-2026-03-11-215935.png 928w, http:\/\/curva1kart.com.ar\/noticias\/wp-content\/uploads\/2026\/03\/Captura-de-pantalla-2026-03-11-215935-768x712.png 768w\" sizes=\"auto, (max-width: 928px) 100vw, 928px\" \/><img loading=\"lazy\" decoding=\"async\" class=\"aligncenter size-full wp-image-122411\" src=\"http:\/\/curva1kart.com.ar\/noticias\/wp-content\/uploads\/2026\/03\/IMG-20260311-WA0013.jpg\" alt=\"\" width=\"1600\" height=\"1066\" srcset=\"http:\/\/curva1kart.com.ar\/noticias\/wp-content\/uploads\/2026\/03\/IMG-20260311-WA0013.jpg 1600w, http:\/\/curva1kart.com.ar\/noticias\/wp-content\/uploads\/2026\/03\/IMG-20260311-WA0013-1000x667.jpg 1000w, http:\/\/curva1kart.com.ar\/noticias\/wp-content\/uploads\/2026\/03\/IMG-20260311-WA0013-1024x682.jpg 1024w, http:\/\/curva1kart.com.ar\/noticias\/wp-content\/uploads\/2026\/03\/IMG-20260311-WA0013-768x512.jpg 768w, http:\/\/curva1kart.com.ar\/noticias\/wp-content\/uploads\/2026\/03\/IMG-20260311-WA0013-1536x1023.jpg 1536w\" sizes=\"auto, (max-width: 1600px) 100vw, 1600px\" \/> <img loading=\"lazy\" decoding=\"async\" class=\"aligncenter size-full wp-image-122412\" src=\"http:\/\/curva1kart.com.ar\/noticias\/wp-content\/uploads\/2026\/03\/IMG-20260311-WA0010.jpg\" alt=\"\" width=\"1600\" height=\"1066\" srcset=\"http:\/\/curva1kart.com.ar\/noticias\/wp-content\/uploads\/2026\/03\/IMG-20260311-WA0010.jpg 1600w, http:\/\/curva1kart.com.ar\/noticias\/wp-content\/uploads\/2026\/03\/IMG-20260311-WA0010-1000x667.jpg 1000w, http:\/\/curva1kart.com.ar\/noticias\/wp-content\/uploads\/2026\/03\/IMG-20260311-WA0010-1024x682.jpg 1024w, http:\/\/curva1kart.com.ar\/noticias\/wp-content\/uploads\/2026\/03\/IMG-20260311-WA0010-768x512.jpg 768w, http:\/\/curva1kart.com.ar\/noticias\/wp-content\/uploads\/2026\/03\/IMG-20260311-WA0010-1536x1023.jpg 1536w\" sizes=\"auto, (max-width: 1600px) 100vw, 1600px\" \/><\/p>\n<hr \/>\n<h3>AMATEUR LIGHT<\/h3>\n<p>VICTORIA DE FABRICIO DI MEO<\/p>\n<p><img loading=\"lazy\" decoding=\"async\" class=\"aligncenter size-full wp-image-122402\" src=\"http:\/\/curva1kart.com.ar\/noticias\/wp-content\/uploads\/2026\/03\/Captura-de-pantalla-2026-03-11-215955.png\" alt=\"\" width=\"1149\" height=\"457\" srcset=\"http:\/\/curva1kart.com.ar\/noticias\/wp-content\/uploads\/2026\/03\/Captura-de-pantalla-2026-03-11-215955.png 1149w, http:\/\/curva1kart.com.ar\/noticias\/wp-content\/uploads\/2026\/03\/Captura-de-pantalla-2026-03-11-215955-1024x407.png 1024w, http:\/\/curva1kart.com.ar\/noticias\/wp-content\/uploads\/2026\/03\/Captura-de-pantalla-2026-03-11-215955-768x305.png 768w\" sizes=\"auto, (max-width: 1149px) 100vw, 1149px\" \/><img loading=\"lazy\" decoding=\"async\" class=\"aligncenter size-full wp-image-122413\" src=\"http:\/\/curva1kart.com.ar\/noticias\/wp-content\/uploads\/2026\/03\/IMG-20260311-WA0057.jpg\" alt=\"\" width=\"1600\" height=\"1066\" srcset=\"http:\/\/curva1kart.com.ar\/noticias\/wp-content\/uploads\/2026\/03\/IMG-20260311-WA0057.jpg 1600w, http:\/\/curva1kart.com.ar\/noticias\/wp-content\/uploads\/2026\/03\/IMG-20260311-WA0057-1000x667.jpg 1000w, http:\/\/curva1kart.com.ar\/noticias\/wp-content\/uploads\/2026\/03\/IMG-20260311-WA0057-1024x682.jpg 1024w, http:\/\/curva1kart.com.ar\/noticias\/wp-content\/uploads\/2026\/03\/IMG-20260311-WA0057-768x512.jpg 768w, http:\/\/curva1kart.com.ar\/noticias\/wp-content\/uploads\/2026\/03\/IMG-20260311-WA0057-1536x1023.jpg 1536w\" sizes=\"auto, (max-width: 1600px) 100vw, 1600px\" \/> <img loading=\"lazy\" decoding=\"async\" class=\"aligncenter size-full wp-image-122414\" src=\"http:\/\/curva1kart.com.ar\/noticias\/wp-content\/uploads\/2026\/03\/IMG-20260311-WA0060.jpg\" alt=\"\" width=\"1600\" height=\"1066\" srcset=\"http:\/\/curva1kart.com.ar\/noticias\/wp-content\/uploads\/2026\/03\/IMG-20260311-WA0060.jpg 1600w, http:\/\/curva1kart.com.ar\/noticias\/wp-content\/uploads\/2026\/03\/IMG-20260311-WA0060-1000x667.jpg 1000w, http:\/\/curva1kart.com.ar\/noticias\/wp-content\/uploads\/2026\/03\/IMG-20260311-WA0060-1024x682.jpg 1024w, http:\/\/curva1kart.com.ar\/noticias\/wp-content\/uploads\/2026\/03\/IMG-20260311-WA0060-768x512.jpg 768w, http:\/\/curva1kart.com.ar\/noticias\/wp-content\/uploads\/2026\/03\/IMG-20260311-WA0060-1536x1023.jpg 1536w\" sizes=\"auto, (max-width: 1600px) 100vw, 1600px\" \/><\/p>\n<hr \/>\n<h3>COPA DM KART<\/h3>\n<p>ESCAL\u00d3N SE LLEV\u00d3 EL TRIUNFO<\/p>\n<p><img loading=\"lazy\" decoding=\"async\" class=\"aligncenter size-full wp-image-122403\" src=\"http:\/\/curva1kart.com.ar\/noticias\/wp-content\/uploads\/2026\/03\/Captura-de-pantalla-2026-03-11-220018.png\" alt=\"\" width=\"1154\" height=\"854\" srcset=\"http:\/\/curva1kart.com.ar\/noticias\/wp-content\/uploads\/2026\/03\/Captura-de-pantalla-2026-03-11-220018.png 1154w, http:\/\/curva1kart.com.ar\/noticias\/wp-content\/uploads\/2026\/03\/Captura-de-pantalla-2026-03-11-220018-1024x758.png 1024w, http:\/\/curva1kart.com.ar\/noticias\/wp-content\/uploads\/2026\/03\/Captura-de-pantalla-2026-03-11-220018-768x568.png 768w\" sizes=\"auto, (max-width: 1154px) 100vw, 1154px\" \/><\/p>\n","protected":false},"excerpt":{"rendered":"<p>El campeonato Prokart Metropolitano comenz\u00f3 su 33\u00b0 temporada dentro del karting argentino, con categorias concurridas y renovaci\u00f3n en distintos sectores que componen el certamen. El certamen dirigido por Eduardo Hern\u00e1ndez abri\u00f3 el a\u00f1o en el Kart\u00f3dromo de Buenos Aires, con la presencia de 65 pilotos y el debut de la divisional &#8220;Copa DM Kart&#8221;. La&#46;&#46;&#46;<\/p>\n","protected":false},"author":1,"featured_media":122415,"comment_status":"closed","ping_status":"closed","sticky":false,"template":"","format":"standard","meta":{"footnotes":""},"categories":[37],"tags":[],"class_list":["post-122397","post","type-post","status-publish","format-standard","has-post-thumbnail","hentry","category-prokart-2"],"yoast_head":"<!-- This site is optimized with the Yoast SEO Premium plugin v14.7 - https:\/\/yoast.com\/wordpress\/plugins\/seo\/ -->\n<title>Motivador inicio de Prokart Metropolitano en la catedral del karting - Curva 1 KART<\/title>\n<meta name=\"robots\" content=\"index, follow\" \/>\n<meta name=\"googlebot\" content=\"index, follow, max-snippet:-1, max-image-preview:large, max-video-preview:-1\" \/>\n<meta name=\"bingbot\" content=\"index, follow, max-snippet:-1, max-image-preview:large, max-video-preview:-1\" \/>\n<link rel=\"canonical\" href=\"https:\/\/curva1kart.com.ar\/noticias\/?p=122397\" \/>\n<meta property=\"og:locale\" content=\"en_US\" \/>\n<meta property=\"og:type\" content=\"article\" \/>\n<meta property=\"og:title\" content=\"Motivador inicio de Prokart Metropolitano en la catedral del karting - Curva 1 KART\" \/>\n<meta property=\"og:description\" content=\"El campeonato Prokart Metropolitano comenz\u00f3 su 33\u00b0 temporada dentro del karting argentino, con categorias concurridas y renovaci\u00f3n en distintos sectores que componen el certamen. El certamen dirigido por Eduardo Hern\u00e1ndez abri\u00f3 el a\u00f1o en el Kart\u00f3dromo de Buenos Aires, con la presencia de 65 pilotos y el debut de la divisional &#8220;Copa DM Kart&#8221;. La&#046;&#046;&#046;\" \/>\n<meta property=\"og:url\" content=\"https:\/\/curva1kart.com.ar\/noticias\/?p=122397\" \/>\n<meta property=\"og:site_name\" content=\"Curva 1 KART\" \/>\n<meta property=\"article:publisher\" content=\"https:\/\/www.facebook.com\/curva1kart\/\" \/>\n<meta property=\"article:published_time\" content=\"2026-03-12T01:16:09+00:00\" \/>\n<meta property=\"og:image\" content=\"http:\/\/curva1kart.com.ar\/noticias\/wp-content\/uploads\/2026\/03\/IMG-20260311-WA0012.jpg\" \/>\n\t<meta property=\"og:image:width\" content=\"1445\" \/>\n\t<meta property=\"og:image:height\" content=\"963\" \/>\n<meta property=\"fb:app_id\" content=\"104995992409\" \/>\n<meta name=\"twitter:card\" content=\"summary_large_image\" \/>\n<meta name=\"twitter:creator\" content=\"@Curva1KART\" \/>\n<meta name=\"twitter:site\" content=\"@Curva1KART\" \/>\n<script type=\"application\/ld+json\" class=\"yoast-schema-graph\">{\"@context\":\"https:\/\/schema.org\",\"@graph\":[{\"@type\":\"WebSite\",\"@id\":\"https:\/\/curva1kart.com.ar\/noticias\/#website\",\"url\":\"https:\/\/curva1kart.com.ar\/noticias\/\",\"name\":\"Curva 1 KART\",\"description\":\"Karting Argentino, Sudamericano e Internacional\",\"potentialAction\":[{\"@type\":\"SearchAction\",\"target\":\"https:\/\/curva1kart.com.ar\/noticias\/?s={search_term_string}\",\"query-input\":\"required name=search_term_string\"}],\"inLanguage\":\"en-US\"},{\"@type\":\"ImageObject\",\"@id\":\"https:\/\/curva1kart.com.ar\/noticias\/?p=122397#primaryimage\",\"inLanguage\":\"en-US\",\"url\":\"http:\/\/curva1kart.com.ar\/noticias\/wp-content\/uploads\/2026\/03\/IMG-20260311-WA0012.jpg\",\"width\":1445,\"height\":963},{\"@type\":\"WebPage\",\"@id\":\"https:\/\/curva1kart.com.ar\/noticias\/?p=122397#webpage\",\"url\":\"https:\/\/curva1kart.com.ar\/noticias\/?p=122397\",\"name\":\"Motivador inicio de Prokart Metropolitano en la catedral del karting - Curva 1 KART\",\"isPartOf\":{\"@id\":\"https:\/\/curva1kart.com.ar\/noticias\/#website\"},\"primaryImageOfPage\":{\"@id\":\"https:\/\/curva1kart.com.ar\/noticias\/?p=122397#primaryimage\"},\"datePublished\":\"2026-03-12T01:16:09+00:00\",\"dateModified\":\"2026-03-12T01:16:09+00:00\",\"author\":{\"@id\":\"https:\/\/curva1kart.com.ar\/noticias\/#\/schema\/person\/710d14304c85d21660d185f262399043\"},\"inLanguage\":\"en-US\",\"potentialAction\":[{\"@type\":\"ReadAction\",\"target\":[\"https:\/\/curva1kart.com.ar\/noticias\/?p=122397\"]}]},{\"@type\":[\"Person\"],\"@id\":\"https:\/\/curva1kart.com.ar\/noticias\/#\/schema\/person\/710d14304c85d21660d185f262399043\",\"name\":\"Jos\\u00e9 Bravo\"}]}<\/script>\n<!-- \/ Yoast SEO Premium plugin. -->","_links":{"self":[{"href":"https:\/\/curva1kart.com.ar\/noticias\/index.php?rest_route=\/wp\/v2\/posts\/122397","targetHints":{"allow":["GET"]}}],"collection":[{"href":"https:\/\/curva1kart.com.ar\/noticias\/index.php?rest_route=\/wp\/v2\/posts"}],"about":[{"href":"https:\/\/curva1kart.com.ar\/noticias\/index.php?rest_route=\/wp\/v2\/types\/post"}],"author":[{"embeddable":true,"href":"https:\/\/curva1kart.com.ar\/noticias\/index.php?rest_route=\/wp\/v2\/users\/1"}],"replies":[{"embeddable":true,"href":"https:\/\/curva1kart.com.ar\/noticias\/index.php?rest_route=%2Fwp%2Fv2%2Fcomments&post=122397"}],"version-history":[{"count":1,"href":"https:\/\/curva1kart.com.ar\/noticias\/index.php?rest_route=\/wp\/v2\/posts\/122397\/revisions"}],"predecessor-version":[{"id":122422,"href":"https:\/\/curva1kart.com.ar\/noticias\/index.php?rest_route=\/wp\/v2\/posts\/122397\/revisions\/122422"}],"wp:featuredmedia":[{"embeddable":true,"href":"https:\/\/curva1kart.com.ar\/noticias\/index.php?rest_route=\/wp\/v2\/media\/122415"}],"wp:attachment":[{"href":"https:\/\/curva1kart.com.ar\/noticias\/index.php?rest_route=%2Fwp%2Fv2%2Fmedia&parent=122397"}],"wp:term":[{"taxonomy":"category","embeddable":true,"href":"https:\/\/curva1kart.com.ar\/noticias\/index.php?rest_route=%2Fwp%2Fv2%2Fcategories&post=122397"},{"taxonomy":"post_tag","embeddable":true,"href":"https:\/\/curva1kart.com.ar\/noticias\/index.php?rest_route=%2Fwp%2Fv2%2Ftags&post=122397"}],"curies":[{"name":"wp","href":"https:\/\/api.w.org\/{rel}","templated":true}]}}