{"id":122393,"date":"2026-03-11T21:50:52","date_gmt":"2026-03-12T00:50:52","guid":{"rendered":"https:\/\/curva1kart.com.ar\/noticias\/?p=122393"},"modified":"2026-03-11T21:50:52","modified_gmt":"2026-03-12T00:50:52","slug":"kartodromo-de-buenos-aires-demolio-un-sector-historico","status":"publish","type":"post","link":"https:\/\/curva1kart.com.ar\/noticias\/?p=122393","title":{"rendered":"Kart\u00f3dromo de Buenos Aires demoli\u00f3 un sector hist\u00f3rico"},"content":{"rendered":"<p><img loading=\"lazy\" decoding=\"async\" class=\"aligncenter size-full wp-image-122394\" src=\"http:\/\/curva1kart.com.ar\/noticias\/wp-content\/uploads\/2026\/03\/Whaee.26.17.jpeg\" alt=\"\" width=\"999\" height=\"666\" srcset=\"http:\/\/curva1kart.com.ar\/noticias\/wp-content\/uploads\/2026\/03\/Whaee.26.17.jpeg 999w, http:\/\/curva1kart.com.ar\/noticias\/wp-content\/uploads\/2026\/03\/Whaee.26.17-1000x667.jpeg 1000w, http:\/\/curva1kart.com.ar\/noticias\/wp-content\/uploads\/2026\/03\/Whaee.26.17-768x512.jpeg 768w\" sizes=\"auto, (max-width: 999px) 100vw, 999px\" \/><\/p>\n<p>Este mi\u00e9rcoles por la tarde, la comisi\u00f3n del <strong>Kart\u00f3dromo Internacional de Buenos Aires<\/strong> comunic\u00f3 que se ha desarmado todo el sector de boxes &#8220;del fondo&#8221; que tiene a sus espaldas el aut\u00f3dromo.<\/p>\n<p>Esto se ha realizado por la tendencia de los equipos que cada d\u00eda solicitan m\u00e1s espacios de carpas, al que en los \u00faltimos a\u00f1os se creo un nuevo sector en la zonal de parque y estacionamiento.<\/p>\n<blockquote><p><strong>COMUNICADO<\/strong><\/p>\n<p>A partir de la pr\u00f3xima carrera ya no existir\u00e1 m\u00e1s la tira de boxes qu\u00e9 daba al aut\u00f3dromo. Ser\u00e1 espacio para carpas distribuidas por la categor\u00eda.<\/p>\n<p>Si en ese sector vamos a contar con buena energ\u00eda el\u00e9ctrica.<\/p><\/blockquote>\n<p><img loading=\"lazy\" decoding=\"async\" class=\"aligncenter size-full wp-image-122395\" src=\"http:\/\/curva1kart.com.ar\/noticias\/wp-content\/uploads\/2026\/03\/WhatsApp-Image-2026-03-11-at-21.26.17.jpeg\" alt=\"\" width=\"999\" height=\"1249\" srcset=\"http:\/\/curva1kart.com.ar\/noticias\/wp-content\/uploads\/2026\/03\/WhatsApp-Image-2026-03-11-at-21.26.17.jpeg 999w, http:\/\/curva1kart.com.ar\/noticias\/wp-content\/uploads\/2026\/03\/WhatsApp-Image-2026-03-11-at-21.26.17-819x1024.jpeg 819w, http:\/\/curva1kart.com.ar\/noticias\/wp-content\/uploads\/2026\/03\/WhatsApp-Image-2026-03-11-at-21.26.17-768x960.jpeg 768w\" sizes=\"auto, (max-width: 999px) 100vw, 999px\" \/><\/p>\n","protected":false},"excerpt":{"rendered":"<p>Este mi\u00e9rcoles por la tarde, la comisi\u00f3n del Kart\u00f3dromo Internacional de Buenos Aires comunic\u00f3 que se ha desarmado todo el sector de boxes &#8220;del fondo&#8221; que tiene a sus espaldas el aut\u00f3dromo. Esto se ha realizado por la tendencia de los equipos que cada d\u00eda solicitan m\u00e1s espacios de carpas, al que en los \u00faltimos&#46;&#46;&#46;<\/p>\n","protected":false},"author":1,"featured_media":122394,"comment_status":"closed","ping_status":"closed","sticky":false,"template":"","format":"standard","meta":{"footnotes":""},"categories":[9],"tags":[],"class_list":["post-122393","post","type-post","status-publish","format-standard","has-post-thumbnail","hentry","category-argentina"],"yoast_head":"<!-- This site is optimized with the Yoast SEO Premium plugin v14.7 - https:\/\/yoast.com\/wordpress\/plugins\/seo\/ -->\n<title>Kart\u00f3dromo de Buenos Aires demoli\u00f3 un sector hist\u00f3rico - Curva 1 KART<\/title>\n<meta name=\"robots\" content=\"index, follow\" \/>\n<meta name=\"googlebot\" content=\"index, follow, max-snippet:-1, max-image-preview:large, max-video-preview:-1\" \/>\n<meta name=\"bingbot\" content=\"index, follow, max-snippet:-1, max-image-preview:large, max-video-preview:-1\" \/>\n<link rel=\"canonical\" href=\"https:\/\/curva1kart.com.ar\/noticias\/?p=122393\" \/>\n<meta property=\"og:locale\" content=\"en_US\" \/>\n<meta property=\"og:type\" content=\"article\" \/>\n<meta property=\"og:title\" content=\"Kart\u00f3dromo de Buenos Aires demoli\u00f3 un sector hist\u00f3rico - Curva 1 KART\" \/>\n<meta property=\"og:description\" content=\"Este mi\u00e9rcoles por la tarde, la comisi\u00f3n del Kart\u00f3dromo Internacional de Buenos Aires comunic\u00f3 que se ha desarmado todo el sector de boxes &#8220;del fondo&#8221; que tiene a sus espaldas el aut\u00f3dromo. Esto se ha realizado por la tendencia de los equipos que cada d\u00eda solicitan m\u00e1s espacios de carpas, al que en los \u00faltimos&#046;&#046;&#046;\" \/>\n<meta property=\"og:url\" content=\"https:\/\/curva1kart.com.ar\/noticias\/?p=122393\" \/>\n<meta property=\"og:site_name\" content=\"Curva 1 KART\" \/>\n<meta property=\"article:publisher\" content=\"https:\/\/www.facebook.com\/curva1kart\/\" \/>\n<meta property=\"article:published_time\" content=\"2026-03-12T00:50:52+00:00\" \/>\n<meta property=\"og:image\" content=\"http:\/\/curva1kart.com.ar\/noticias\/wp-content\/uploads\/2026\/03\/Whaee.26.17.jpeg\" \/>\n\t<meta property=\"og:image:width\" content=\"999\" \/>\n\t<meta property=\"og:image:height\" content=\"666\" \/>\n<meta property=\"fb:app_id\" content=\"104995992409\" \/>\n<meta name=\"twitter:card\" content=\"summary_large_image\" \/>\n<meta name=\"twitter:creator\" content=\"@Curva1KART\" \/>\n<meta name=\"twitter:site\" content=\"@Curva1KART\" \/>\n<script type=\"application\/ld+json\" class=\"yoast-schema-graph\">{\"@context\":\"https:\/\/schema.org\",\"@graph\":[{\"@type\":\"WebSite\",\"@id\":\"https:\/\/curva1kart.com.ar\/noticias\/#website\",\"url\":\"https:\/\/curva1kart.com.ar\/noticias\/\",\"name\":\"Curva 1 KART\",\"description\":\"Karting Argentino, Sudamericano e Internacional\",\"potentialAction\":[{\"@type\":\"SearchAction\",\"target\":\"https:\/\/curva1kart.com.ar\/noticias\/?s={search_term_string}\",\"query-input\":\"required name=search_term_string\"}],\"inLanguage\":\"en-US\"},{\"@type\":\"ImageObject\",\"@id\":\"https:\/\/curva1kart.com.ar\/noticias\/?p=122393#primaryimage\",\"inLanguage\":\"en-US\",\"url\":\"http:\/\/curva1kart.com.ar\/noticias\/wp-content\/uploads\/2026\/03\/Whaee.26.17.jpeg\",\"width\":999,\"height\":666},{\"@type\":\"WebPage\",\"@id\":\"https:\/\/curva1kart.com.ar\/noticias\/?p=122393#webpage\",\"url\":\"https:\/\/curva1kart.com.ar\/noticias\/?p=122393\",\"name\":\"Kart\\u00f3dromo de Buenos Aires demoli\\u00f3 un sector hist\\u00f3rico - Curva 1 KART\",\"isPartOf\":{\"@id\":\"https:\/\/curva1kart.com.ar\/noticias\/#website\"},\"primaryImageOfPage\":{\"@id\":\"https:\/\/curva1kart.com.ar\/noticias\/?p=122393#primaryimage\"},\"datePublished\":\"2026-03-12T00:50:52+00:00\",\"dateModified\":\"2026-03-12T00:50:52+00:00\",\"author\":{\"@id\":\"https:\/\/curva1kart.com.ar\/noticias\/#\/schema\/person\/710d14304c85d21660d185f262399043\"},\"inLanguage\":\"en-US\",\"potentialAction\":[{\"@type\":\"ReadAction\",\"target\":[\"https:\/\/curva1kart.com.ar\/noticias\/?p=122393\"]}]},{\"@type\":[\"Person\"],\"@id\":\"https:\/\/curva1kart.com.ar\/noticias\/#\/schema\/person\/710d14304c85d21660d185f262399043\",\"name\":\"Jos\\u00e9 Bravo\"}]}<\/script>\n<!-- \/ Yoast SEO Premium plugin. -->","_links":{"self":[{"href":"https:\/\/curva1kart.com.ar\/noticias\/index.php?rest_route=\/wp\/v2\/posts\/122393","targetHints":{"allow":["GET"]}}],"collection":[{"href":"https:\/\/curva1kart.com.ar\/noticias\/index.php?rest_route=\/wp\/v2\/posts"}],"about":[{"href":"https:\/\/curva1kart.com.ar\/noticias\/index.php?rest_route=\/wp\/v2\/types\/post"}],"author":[{"embeddable":true,"href":"https:\/\/curva1kart.com.ar\/noticias\/index.php?rest_route=\/wp\/v2\/users\/1"}],"replies":[{"embeddable":true,"href":"https:\/\/curva1kart.com.ar\/noticias\/index.php?rest_route=%2Fwp%2Fv2%2Fcomments&post=122393"}],"version-history":[{"count":1,"href":"https:\/\/curva1kart.com.ar\/noticias\/index.php?rest_route=\/wp\/v2\/posts\/122393\/revisions"}],"predecessor-version":[{"id":122396,"href":"https:\/\/curva1kart.com.ar\/noticias\/index.php?rest_route=\/wp\/v2\/posts\/122393\/revisions\/122396"}],"wp:featuredmedia":[{"embeddable":true,"href":"https:\/\/curva1kart.com.ar\/noticias\/index.php?rest_route=\/wp\/v2\/media\/122394"}],"wp:attachment":[{"href":"https:\/\/curva1kart.com.ar\/noticias\/index.php?rest_route=%2Fwp%2Fv2%2Fmedia&parent=122393"}],"wp:term":[{"taxonomy":"category","embeddable":true,"href":"https:\/\/curva1kart.com.ar\/noticias\/index.php?rest_route=%2Fwp%2Fv2%2Fcategories&post=122393"},{"taxonomy":"post_tag","embeddable":true,"href":"https:\/\/curva1kart.com.ar\/noticias\/index.php?rest_route=%2Fwp%2Fv2%2Ftags&post=122393"}],"curies":[{"name":"wp","href":"https:\/\/api.w.org\/{rel}","templated":true}]}}