{"id":122388,"date":"2026-03-11T21:41:49","date_gmt":"2026-03-12T00:41:49","guid":{"rendered":"https:\/\/curva1kart.com.ar\/noticias\/?p=122388"},"modified":"2026-03-11T21:41:49","modified_gmt":"2026-03-12T00:41:49","slug":"martin-saa-corre-en-italia-el-37-trofeo-andrea-margutti","status":"publish","type":"post","link":"https:\/\/curva1kart.com.ar\/noticias\/?p=122388","title":{"rendered":"Mart\u00edn Saa corre en Italia el 37\u00b0 Trofeo Andrea Margutti"},"content":{"rendered":"<p><img loading=\"lazy\" decoding=\"async\" class=\"aligncenter size-full wp-image-122389\" src=\"http:\/\/curva1kart.com.ar\/noticias\/wp-content\/uploads\/2026\/03\/IMG_8387-scaled.jpg\" alt=\"\" width=\"2560\" height=\"1707\" srcset=\"http:\/\/curva1kart.com.ar\/noticias\/wp-content\/uploads\/2026\/03\/IMG_8387-scaled.jpg 2560w, http:\/\/curva1kart.com.ar\/noticias\/wp-content\/uploads\/2026\/03\/IMG_8387-1000x667.jpg 1000w, http:\/\/curva1kart.com.ar\/noticias\/wp-content\/uploads\/2026\/03\/IMG_8387-1024x683.jpg 1024w, http:\/\/curva1kart.com.ar\/noticias\/wp-content\/uploads\/2026\/03\/IMG_8387-768x512.jpg 768w, http:\/\/curva1kart.com.ar\/noticias\/wp-content\/uploads\/2026\/03\/IMG_8387-1536x1024.jpg 1536w, http:\/\/curva1kart.com.ar\/noticias\/wp-content\/uploads\/2026\/03\/IMG_8387-2048x1365.jpg 2048w\" sizes=\"auto, (max-width: 2560px) 100vw, 2560px\" \/><\/p>\n<p>El bonaerense <strong>Mart\u00edn Saa<\/strong> viaj\u00f3 a <strong>Italia<\/strong> por segunda vez en la temporada, esta vez, para participar de la tradicional competencia <strong>37\u00b0 Trofeo Andrea Margutti.<\/strong><\/p>\n<p>Luego de estar presente en el WSK Euro Series y en la primera fecha de Rotax Argentina e IAME Series Argentina, &#8220;Rayito&#8221; Saa regres\u00f3 a Italia para el &#8220;Margutti&#8221; que ser\u00e1 este fin de semana en el circuito South Garda Karting de Lonato.<\/p>\n<p>Saa integrar\u00e1 la c<strong>ategor\u00eda OKN<\/strong> que tiene 90 pilotos anotados, que saldr\u00e1n a pista el JUEVES para las pruebas libres, el VIERNES habr\u00e1 clasificaci\u00f3n y los primeros heats, S\u00c1BADO de heats, cerrando el DOMINGO con los repechajes y finales de cada divisional.<\/p>\n<p>Mart\u00edn Saa estar\u00e1 bajo las \u00f3rdenes del equipo <strong>Zanchi Motorsport<\/strong> y acompa\u00f1ado por un integrante del <strong>Cronos Racing Team,<\/strong> su equipo en Argentina.<\/p>\n<p><img loading=\"lazy\" decoding=\"async\" class=\"aligncenter size-full wp-image-122390\" src=\"http:\/\/curva1kart.com.ar\/noticias\/wp-content\/uploads\/2026\/03\/C1K_8688-scaled.jpg\" alt=\"\" width=\"2560\" height=\"1706\" srcset=\"http:\/\/curva1kart.com.ar\/noticias\/wp-content\/uploads\/2026\/03\/C1K_8688-scaled.jpg 2560w, http:\/\/curva1kart.com.ar\/noticias\/wp-content\/uploads\/2026\/03\/C1K_8688-1000x667.jpg 1000w, http:\/\/curva1kart.com.ar\/noticias\/wp-content\/uploads\/2026\/03\/C1K_8688-1024x683.jpg 1024w, http:\/\/curva1kart.com.ar\/noticias\/wp-content\/uploads\/2026\/03\/C1K_8688-768x512.jpg 768w, http:\/\/curva1kart.com.ar\/noticias\/wp-content\/uploads\/2026\/03\/C1K_8688-1536x1024.jpg 1536w, http:\/\/curva1kart.com.ar\/noticias\/wp-content\/uploads\/2026\/03\/C1K_8688-2048x1365.jpg 2048w\" sizes=\"auto, (max-width: 2560px) 100vw, 2560px\" \/><\/p>\n<hr \/>\n<p><img loading=\"lazy\" decoding=\"async\" class=\"aligncenter size-full wp-image-122391\" src=\"http:\/\/curva1kart.com.ar\/noticias\/wp-content\/uploads\/2026\/03\/Poster-Margutti-web-scaled-1.jpg\" alt=\"\" width=\"1810\" height=\"2560\" srcset=\"http:\/\/curva1kart.com.ar\/noticias\/wp-content\/uploads\/2026\/03\/Poster-Margutti-web-scaled-1.jpg 1810w, http:\/\/curva1kart.com.ar\/noticias\/wp-content\/uploads\/2026\/03\/Poster-Margutti-web-scaled-1-724x1024.jpg 724w, http:\/\/curva1kart.com.ar\/noticias\/wp-content\/uploads\/2026\/03\/Poster-Margutti-web-scaled-1-768x1086.jpg 768w, http:\/\/curva1kart.com.ar\/noticias\/wp-content\/uploads\/2026\/03\/Poster-Margutti-web-scaled-1-1086x1536.jpg 1086w, http:\/\/curva1kart.com.ar\/noticias\/wp-content\/uploads\/2026\/03\/Poster-Margutti-web-scaled-1-1448x2048.jpg 1448w\" sizes=\"auto, (max-width: 1810px) 100vw, 1810px\" \/><\/p>\n<hr \/>\n<p>&nbsp;<\/p>\n","protected":false},"excerpt":{"rendered":"<p>El bonaerense Mart\u00edn Saa viaj\u00f3 a Italia por segunda vez en la temporada, esta vez, para participar de la tradicional competencia 37\u00b0 Trofeo Andrea Margutti. Luego de estar presente en el WSK Euro Series y en la primera fecha de Rotax Argentina e IAME Series Argentina, &#8220;Rayito&#8221; Saa regres\u00f3 a Italia para el &#8220;Margutti&#8221; que&#46;&#46;&#46;<\/p>\n","protected":false},"author":1,"featured_media":122389,"comment_status":"closed","ping_status":"closed","sticky":false,"template":"","format":"standard","meta":{"footnotes":""},"categories":[88],"tags":[298],"class_list":["post-122388","post","type-post","status-publish","format-standard","has-post-thumbnail","hentry","category-argentinos-por-el-mundo","tag-martin-saa"],"yoast_head":"<!-- This site is optimized with the Yoast SEO Premium plugin v14.7 - https:\/\/yoast.com\/wordpress\/plugins\/seo\/ -->\n<title>Mart\u00edn Saa corre en Italia el 37\u00b0 Trofeo Andrea Margutti - Curva 1 KART<\/title>\n<meta name=\"robots\" content=\"index, follow\" \/>\n<meta name=\"googlebot\" content=\"index, follow, max-snippet:-1, max-image-preview:large, max-video-preview:-1\" \/>\n<meta name=\"bingbot\" content=\"index, follow, max-snippet:-1, max-image-preview:large, max-video-preview:-1\" \/>\n<link rel=\"canonical\" href=\"https:\/\/curva1kart.com.ar\/noticias\/?p=122388\" \/>\n<meta property=\"og:locale\" content=\"en_US\" \/>\n<meta property=\"og:type\" content=\"article\" \/>\n<meta property=\"og:title\" content=\"Mart\u00edn Saa corre en Italia el 37\u00b0 Trofeo Andrea Margutti - Curva 1 KART\" \/>\n<meta property=\"og:description\" content=\"El bonaerense Mart\u00edn Saa viaj\u00f3 a Italia por segunda vez en la temporada, esta vez, para participar de la tradicional competencia 37\u00b0 Trofeo Andrea Margutti. Luego de estar presente en el WSK Euro Series y en la primera fecha de Rotax Argentina e IAME Series Argentina, &#8220;Rayito&#8221; Saa regres\u00f3 a Italia para el &#8220;Margutti&#8221; que&#046;&#046;&#046;\" \/>\n<meta property=\"og:url\" content=\"https:\/\/curva1kart.com.ar\/noticias\/?p=122388\" \/>\n<meta property=\"og:site_name\" content=\"Curva 1 KART\" \/>\n<meta property=\"article:publisher\" content=\"https:\/\/www.facebook.com\/curva1kart\/\" \/>\n<meta property=\"article:published_time\" content=\"2026-03-12T00:41:49+00:00\" \/>\n<meta property=\"og:image\" content=\"http:\/\/curva1kart.com.ar\/noticias\/wp-content\/uploads\/2026\/03\/IMG_8387-scaled.jpg\" \/>\n\t<meta property=\"og:image:width\" content=\"2560\" \/>\n\t<meta property=\"og:image:height\" content=\"1707\" \/>\n<meta property=\"fb:app_id\" content=\"104995992409\" \/>\n<meta name=\"twitter:card\" content=\"summary_large_image\" \/>\n<meta name=\"twitter:creator\" content=\"@Curva1KART\" \/>\n<meta name=\"twitter:site\" content=\"@Curva1KART\" \/>\n<script type=\"application\/ld+json\" class=\"yoast-schema-graph\">{\"@context\":\"https:\/\/schema.org\",\"@graph\":[{\"@type\":\"WebSite\",\"@id\":\"https:\/\/curva1kart.com.ar\/noticias\/#website\",\"url\":\"https:\/\/curva1kart.com.ar\/noticias\/\",\"name\":\"Curva 1 KART\",\"description\":\"Karting Argentino, Sudamericano e Internacional\",\"potentialAction\":[{\"@type\":\"SearchAction\",\"target\":\"https:\/\/curva1kart.com.ar\/noticias\/?s={search_term_string}\",\"query-input\":\"required name=search_term_string\"}],\"inLanguage\":\"en-US\"},{\"@type\":\"ImageObject\",\"@id\":\"https:\/\/curva1kart.com.ar\/noticias\/?p=122388#primaryimage\",\"inLanguage\":\"en-US\",\"url\":\"http:\/\/curva1kart.com.ar\/noticias\/wp-content\/uploads\/2026\/03\/IMG_8387-scaled.jpg\",\"width\":2560,\"height\":1707},{\"@type\":\"WebPage\",\"@id\":\"https:\/\/curva1kart.com.ar\/noticias\/?p=122388#webpage\",\"url\":\"https:\/\/curva1kart.com.ar\/noticias\/?p=122388\",\"name\":\"Mart\\u00edn Saa corre en Italia el 37\\u00b0 Trofeo Andrea Margutti - Curva 1 KART\",\"isPartOf\":{\"@id\":\"https:\/\/curva1kart.com.ar\/noticias\/#website\"},\"primaryImageOfPage\":{\"@id\":\"https:\/\/curva1kart.com.ar\/noticias\/?p=122388#primaryimage\"},\"datePublished\":\"2026-03-12T00:41:49+00:00\",\"dateModified\":\"2026-03-12T00:41:49+00:00\",\"author\":{\"@id\":\"https:\/\/curva1kart.com.ar\/noticias\/#\/schema\/person\/710d14304c85d21660d185f262399043\"},\"inLanguage\":\"en-US\",\"potentialAction\":[{\"@type\":\"ReadAction\",\"target\":[\"https:\/\/curva1kart.com.ar\/noticias\/?p=122388\"]}]},{\"@type\":[\"Person\"],\"@id\":\"https:\/\/curva1kart.com.ar\/noticias\/#\/schema\/person\/710d14304c85d21660d185f262399043\",\"name\":\"Jos\\u00e9 Bravo\"}]}<\/script>\n<!-- \/ Yoast SEO Premium plugin. -->","_links":{"self":[{"href":"https:\/\/curva1kart.com.ar\/noticias\/index.php?rest_route=\/wp\/v2\/posts\/122388","targetHints":{"allow":["GET"]}}],"collection":[{"href":"https:\/\/curva1kart.com.ar\/noticias\/index.php?rest_route=\/wp\/v2\/posts"}],"about":[{"href":"https:\/\/curva1kart.com.ar\/noticias\/index.php?rest_route=\/wp\/v2\/types\/post"}],"author":[{"embeddable":true,"href":"https:\/\/curva1kart.com.ar\/noticias\/index.php?rest_route=\/wp\/v2\/users\/1"}],"replies":[{"embeddable":true,"href":"https:\/\/curva1kart.com.ar\/noticias\/index.php?rest_route=%2Fwp%2Fv2%2Fcomments&post=122388"}],"version-history":[{"count":1,"href":"https:\/\/curva1kart.com.ar\/noticias\/index.php?rest_route=\/wp\/v2\/posts\/122388\/revisions"}],"predecessor-version":[{"id":122392,"href":"https:\/\/curva1kart.com.ar\/noticias\/index.php?rest_route=\/wp\/v2\/posts\/122388\/revisions\/122392"}],"wp:featuredmedia":[{"embeddable":true,"href":"https:\/\/curva1kart.com.ar\/noticias\/index.php?rest_route=\/wp\/v2\/media\/122389"}],"wp:attachment":[{"href":"https:\/\/curva1kart.com.ar\/noticias\/index.php?rest_route=%2Fwp%2Fv2%2Fmedia&parent=122388"}],"wp:term":[{"taxonomy":"category","embeddable":true,"href":"https:\/\/curva1kart.com.ar\/noticias\/index.php?rest_route=%2Fwp%2Fv2%2Fcategories&post=122388"},{"taxonomy":"post_tag","embeddable":true,"href":"https:\/\/curva1kart.com.ar\/noticias\/index.php?rest_route=%2Fwp%2Fv2%2Ftags&post=122388"}],"curies":[{"name":"wp","href":"https:\/\/api.w.org\/{rel}","templated":true}]}}