{"id":103315,"date":"2022-03-13T00:32:55","date_gmt":"2022-03-13T03:32:55","guid":{"rendered":"http:\/\/curva1kart.com.ar\/noticias\/?p=103315"},"modified":"2022-03-13T00:56:41","modified_gmt":"2022-03-13T03:56:41","slug":"argentino-regresa-a-mar-del-plata-para-su-fecha-2021","status":"publish","type":"post","link":"https:\/\/curva1kart.com.ar\/noticias\/?p=103315","title":{"rendered":"Argentino regresa a Mar del Plata para su fecha pendiente del 2021"},"content":{"rendered":"<p><img loading=\"lazy\" decoding=\"async\" class=\"aligncenter size-full wp-image-103317\" src=\"http:\/\/curva1kart.com.ar\/noticias\/wp-content\/uploads\/2022\/03\/IMG_3102.jpg\" alt=\"\" width=\"1000\" height=\"562\" srcset=\"http:\/\/curva1kart.com.ar\/noticias\/wp-content\/uploads\/2022\/03\/IMG_3102.jpg 1000w, http:\/\/curva1kart.com.ar\/noticias\/wp-content\/uploads\/2022\/03\/IMG_3102-600x338.jpg 600w, http:\/\/curva1kart.com.ar\/noticias\/wp-content\/uploads\/2022\/03\/IMG_3102-300x169.jpg 300w, http:\/\/curva1kart.com.ar\/noticias\/wp-content\/uploads\/2022\/03\/IMG_3102-768x432.jpg 768w, http:\/\/curva1kart.com.ar\/noticias\/wp-content\/uploads\/2022\/03\/IMG_3102-620x349.jpg 620w\" sizes=\"auto, (max-width: 1000px) 100vw, 1000px\" \/><\/p>\n<p>Al mediod\u00eda de este s\u00e1bado, la Comisi\u00f3n Nacional de Karting dio a conocer que <strong>Mar del Plata<\/strong> ser\u00e1 la sede para la fecha 2021 del <strong>Campeonato Argentino de Karting<\/strong>, que se desarrollar\u00e1 los d\u00edas <strong>28, 29,30 de abril y 1 de mayo<\/strong>.<\/p>\n<p>A principios de enero, la CNK anunci\u00f3 las fechas para este a\u00f1o y hoy confirm\u00f3 el circuito. <em>La \u00faltima visita a Mar del Plata fue el 29 de setiembre de 2019.<\/em><\/p>\n<p>En las pr\u00f3xima semanas dar\u00e1n a conocer los aranceles y m\u00e9todo de inscripci\u00f3n<\/p>\n<ul>\n<li><span style=\"color: #ff0000;\">Ser\u00e1 cobertura de Curva 1 KART<\/span><\/li>\n<\/ul>\n","protected":false},"excerpt":{"rendered":"<p>Al mediod\u00eda de este s\u00e1bado, la Comisi\u00f3n Nacional de Karting dio a conocer que Mar del Plata ser\u00e1 la sede para la fecha 2021 del Campeonato Argentino de Karting, que se desarrollar\u00e1 los d\u00edas 28, 29,30 de abril y 1 de mayo. A principios de enero, la CNK anunci\u00f3 las fechas para este a\u00f1o y&#46;&#46;&#46;<\/p>\n","protected":false},"author":1,"featured_media":103317,"comment_status":"closed","ping_status":"closed","sticky":false,"template":"","format":"standard","meta":{"footnotes":""},"categories":[20],"tags":[],"class_list":["post-103315","post","type-post","status-publish","format-standard","has-post-thumbnail","hentry","category-argentino"],"yoast_head":"<!-- This site is optimized with the Yoast SEO Premium plugin v14.7 - https:\/\/yoast.com\/wordpress\/plugins\/seo\/ -->\n<title>Argentino regresa a Mar del Plata para su fecha pendiente del 2021 - Curva 1 KART<\/title>\n<meta name=\"robots\" content=\"index, follow\" \/>\n<meta name=\"googlebot\" content=\"index, follow, max-snippet:-1, max-image-preview:large, max-video-preview:-1\" \/>\n<meta name=\"bingbot\" content=\"index, follow, max-snippet:-1, max-image-preview:large, max-video-preview:-1\" \/>\n<link rel=\"canonical\" href=\"https:\/\/curva1kart.com.ar\/noticias\/?p=103315\" \/>\n<meta property=\"og:locale\" content=\"en_US\" \/>\n<meta property=\"og:type\" content=\"article\" \/>\n<meta property=\"og:title\" content=\"Argentino regresa a Mar del Plata para su fecha pendiente del 2021 - Curva 1 KART\" \/>\n<meta property=\"og:description\" content=\"Al mediod\u00eda de este s\u00e1bado, la Comisi\u00f3n Nacional de Karting dio a conocer que Mar del Plata ser\u00e1 la sede para la fecha 2021 del Campeonato Argentino de Karting, que se desarrollar\u00e1 los d\u00edas 28, 29,30 de abril y 1 de mayo. A principios de enero, la CNK anunci\u00f3 las fechas para este a\u00f1o y&#046;&#046;&#046;\" \/>\n<meta property=\"og:url\" content=\"https:\/\/curva1kart.com.ar\/noticias\/?p=103315\" \/>\n<meta property=\"og:site_name\" content=\"Curva 1 KART\" \/>\n<meta property=\"article:publisher\" content=\"https:\/\/www.facebook.com\/curva1kart\/\" \/>\n<meta property=\"article:published_time\" content=\"2022-03-13T03:32:55+00:00\" \/>\n<meta property=\"article:modified_time\" content=\"2022-03-13T03:56:41+00:00\" \/>\n<meta property=\"og:image\" content=\"http:\/\/curva1kart.com.ar\/noticias\/wp-content\/uploads\/2022\/03\/IMG_3102.jpg\" \/>\n\t<meta property=\"og:image:width\" content=\"1000\" \/>\n\t<meta property=\"og:image:height\" content=\"562\" \/>\n<meta property=\"fb:app_id\" content=\"104995992409\" \/>\n<meta name=\"twitter:card\" content=\"summary_large_image\" \/>\n<meta name=\"twitter:creator\" content=\"@Curva1KART\" \/>\n<meta name=\"twitter:site\" content=\"@Curva1KART\" \/>\n<script type=\"application\/ld+json\" class=\"yoast-schema-graph\">{\"@context\":\"https:\/\/schema.org\",\"@graph\":[{\"@type\":\"WebSite\",\"@id\":\"https:\/\/curva1kart.com.ar\/noticias\/#website\",\"url\":\"https:\/\/curva1kart.com.ar\/noticias\/\",\"name\":\"Curva 1 KART\",\"description\":\"Karting Argentino, Sudamericano e Internacional\",\"potentialAction\":[{\"@type\":\"SearchAction\",\"target\":\"https:\/\/curva1kart.com.ar\/noticias\/?s={search_term_string}\",\"query-input\":\"required name=search_term_string\"}],\"inLanguage\":\"en-US\"},{\"@type\":\"ImageObject\",\"@id\":\"https:\/\/curva1kart.com.ar\/noticias\/?p=103315#primaryimage\",\"inLanguage\":\"en-US\",\"url\":\"http:\/\/curva1kart.com.ar\/noticias\/wp-content\/uploads\/2022\/03\/IMG_3102.jpg\",\"width\":1000,\"height\":562},{\"@type\":\"WebPage\",\"@id\":\"https:\/\/curva1kart.com.ar\/noticias\/?p=103315#webpage\",\"url\":\"https:\/\/curva1kart.com.ar\/noticias\/?p=103315\",\"name\":\"Argentino regresa a Mar del Plata para su fecha pendiente del 2021 - Curva 1 KART\",\"isPartOf\":{\"@id\":\"https:\/\/curva1kart.com.ar\/noticias\/#website\"},\"primaryImageOfPage\":{\"@id\":\"https:\/\/curva1kart.com.ar\/noticias\/?p=103315#primaryimage\"},\"datePublished\":\"2022-03-13T03:32:55+00:00\",\"dateModified\":\"2022-03-13T03:56:41+00:00\",\"author\":{\"@id\":\"https:\/\/curva1kart.com.ar\/noticias\/#\/schema\/person\/710d14304c85d21660d185f262399043\"},\"inLanguage\":\"en-US\",\"potentialAction\":[{\"@type\":\"ReadAction\",\"target\":[\"https:\/\/curva1kart.com.ar\/noticias\/?p=103315\"]}]},{\"@type\":[\"Person\"],\"@id\":\"https:\/\/curva1kart.com.ar\/noticias\/#\/schema\/person\/710d14304c85d21660d185f262399043\",\"name\":\"Jos\\u00e9 Bravo\"}]}<\/script>\n<!-- \/ Yoast SEO Premium plugin. -->","_links":{"self":[{"href":"https:\/\/curva1kart.com.ar\/noticias\/index.php?rest_route=\/wp\/v2\/posts\/103315","targetHints":{"allow":["GET"]}}],"collection":[{"href":"https:\/\/curva1kart.com.ar\/noticias\/index.php?rest_route=\/wp\/v2\/posts"}],"about":[{"href":"https:\/\/curva1kart.com.ar\/noticias\/index.php?rest_route=\/wp\/v2\/types\/post"}],"author":[{"embeddable":true,"href":"https:\/\/curva1kart.com.ar\/noticias\/index.php?rest_route=\/wp\/v2\/users\/1"}],"replies":[{"embeddable":true,"href":"https:\/\/curva1kart.com.ar\/noticias\/index.php?rest_route=%2Fwp%2Fv2%2Fcomments&post=103315"}],"version-history":[{"count":6,"href":"https:\/\/curva1kart.com.ar\/noticias\/index.php?rest_route=\/wp\/v2\/posts\/103315\/revisions"}],"predecessor-version":[{"id":103324,"href":"https:\/\/curva1kart.com.ar\/noticias\/index.php?rest_route=\/wp\/v2\/posts\/103315\/revisions\/103324"}],"wp:featuredmedia":[{"embeddable":true,"href":"https:\/\/curva1kart.com.ar\/noticias\/index.php?rest_route=\/wp\/v2\/media\/103317"}],"wp:attachment":[{"href":"https:\/\/curva1kart.com.ar\/noticias\/index.php?rest_route=%2Fwp%2Fv2%2Fmedia&parent=103315"}],"wp:term":[{"taxonomy":"category","embeddable":true,"href":"https:\/\/curva1kart.com.ar\/noticias\/index.php?rest_route=%2Fwp%2Fv2%2Fcategories&post=103315"},{"taxonomy":"post_tag","embeddable":true,"href":"https:\/\/curva1kart.com.ar\/noticias\/index.php?rest_route=%2Fwp%2Fv2%2Ftags&post=103315"}],"curies":[{"name":"wp","href":"https:\/\/api.w.org\/{rel}","templated":true}]}}